{"id":2100,"date":"2018-10-31T18:04:22","date_gmt":"2018-10-31T21:04:22","guid":{"rendered":"http:\/\/www.secpf.com.br\/site\/?p=2100"},"modified":"2018-11-02T18:12:21","modified_gmt":"2018-11-02T21:12:21","slug":"neoliberalismo-precisa-cada-vez-menos-de-democracia-analisa-economista","status":"publish","type":"post","link":"https:\/\/www.secpf.com.br\/site\/neoliberalismo-precisa-cada-vez-menos-de-democracia-analisa-economista\/","title":{"rendered":"Neoliberalismo precisa cada vez menos de democracia, analisa economista"},"content":{"rendered":"<h2 class=\"description\">Leda Paulani, professora da USP, afirma que governo de Bolsonaro vai aprofundar reformas de Temer<\/h2>\n<figure id=\"attachment_2102\" aria-describedby=\"caption-attachment-2102\" style=\"width: 640px\" class=\"wp-caption alignnone\"><img fetchpriority=\"high\" decoding=\"async\" class=\"size-full wp-image-2102\" src=\"http:\/\/www.secpf.com.br\/site\/wp-content\/uploads\/2018\/11\/311018-neoliberalismo.jpg\" alt=\"Ato neonazista realizado no estado da Georgia, nos EUA, em abril deste ano; naquele pa\u00eds, supremacistas apoiam o presidente Donald Trump \/ Foto: Spencer Platt \/ Getty Images North America \/ AFP\" width=\"640\" height=\"427\" srcset=\"https:\/\/www.secpf.com.br\/site\/wp-content\/uploads\/2018\/11\/311018-neoliberalismo.jpg 640w, https:\/\/www.secpf.com.br\/site\/wp-content\/uploads\/2018\/11\/311018-neoliberalismo-300x200.jpg 300w\" sizes=\"(max-width: 640px) 100vw, 640px\" \/><figcaption id=\"caption-attachment-2102\" class=\"wp-caption-text\">Ato neonazista realizado no estado da Georgia, nos EUA, em abril deste ano; naquele pa\u00eds, supremacistas apoiam o presidente Donald Trump \/ Foto: Spencer Platt \/ Getty Images North America \/ AFP<\/figcaption><\/figure>\n<p>No Brasil, a ascens\u00e3o de Jair Bolsonaro, presidente eleito neste domingo (28) com uma plataforma de extrema direita, revela que, cada vez mais, o capitalismo abre m\u00e3o da democracia em todo o mundo. Esta \u00e9 a an\u00e1lise que a economista Leda Paulani faz um dia ap\u00f3s a vit\u00f3ria do pol\u00edtico do PSL.<\/p>\n<p>&#8220;As democracias \u2013que foram uma necessidade e funcionaram, ali\u00e1s, como legitima\u00e7\u00e3o do governo neoliberal nos \u00faltimos 30 anos\u2013 parecem n\u00e3o ser mais necess\u00e1rias. E, por outro lado, as medidas de cunho liberal precisam ser aprofundadas, dadas as crises que o sistema enfrenta mundialmente&#8221;, pontua.<\/p>\n<p>Paulani \u00e9 professora da Universidade de S\u00e3o Paulo (USP) e concedeu entrevista ao\u00a0<strong>Brasil de Fato<\/strong>\u00a0nesta segunda-feira (29). Para ela, este \u00e9 o contexto em que surge Bolsonaro, que derrotou o candidato Fernando Haddad (PT) com 55,13% dos votos v\u00e1lidos.<\/p>\n<p>A economista analisa que o novo governo, de car\u00e1ter autorit\u00e1rio, vai aprofundar as reformas neoliberais que se iniciaram com o governo golpista de Michel Temer (MDB).<\/p>\n<p>&#8220;Bolsonaro entende de arma e ponto. Ele n\u00e3o demonstrou entender de mais nada, nem de educa\u00e7\u00e3o nem de economia. Claramente essa candidatura n\u00e3o s\u00f3 est\u00e1 abra\u00e7ada com esse programa neoliberal, e portanto vem com trucul\u00eancia junto, como principalmente \u00e9 um programa anti nacionalista, porque vai justamente completar esse movimento de entrega das nossas riquezas naturais para o grande capital internacional.&#8221;<\/p>\n<p>Um dia ap\u00f3s a vit\u00f3ria de Bolsonaro, Paulo Guedes, nome indicado para chefiar a equipe econ\u00f4mica e o Minist\u00e9rio da Fazenda do novo governo, deixou claro que sua prioridade \u00e9 um projeto de privatiza\u00e7\u00f5es, mudan\u00e7as na pol\u00edtica externa e defesa de reformas para\u00a0\u201ccontrolar os gastos\u201d.<\/p>\n<p>A economista afirma ainda que o novo governo vai de encontro aos interesses internacionais ap\u00f3s a descoberta do pr\u00e9-sal no final da primeira d\u00e9cada dos anos 2000. &#8220;H\u00e1 ind\u00edcios claros de que h\u00e1 todo esse interesse do capital internacional em cima dos nossos recursos, particularmente, da Petrobras e que se agudizou muito com a descoberta do pr\u00e9-sal&#8221;, pontua.<\/p>\n<p>Paulani aponta que um governo formado por militares &#8220;\u00e9 uma possibilidade muito substantiva&#8221;, mas diferencia o plano econ\u00f4mico de Bolsonaro do regime militar. &#8220;Com rela\u00e7\u00e3o a economia, apesar de autorit\u00e1rios, os militares eram nacionalistas e desenvolvimentistas. \u00c9 o oposto da pol\u00edtica entreguista que sinaliza Bolsonaro.&#8221;<\/p>\n<p>Assista \u00e0 entrevista na \u00edntegra:<\/p>\n<p><iframe src=\"https:\/\/www.facebook.com\/plugins\/video.php?href=https%3A%2F%2Fwww.facebook.com%2Fbrasildefato%2Fvideos%2F198328291096382%2F&amp;show_text=0&amp;width=560\" width=\"560\" height=\"315\" frameborder=\"0\" scrolling=\"no\" allowfullscreen=\"allowfullscreen\"><\/iframe><\/p>\n<p class=\"editor\">Edi\u00e7\u00e3o: Diego Sartorato<br \/>\n<em>Fonte: <a href=\"https:\/\/www.brasildefato.com.br\/2018\/10\/29\/neoliberalismo-precisa-cada-vez-menos-de-democracia-analisa-economista\/\" target=\"_blank\">Jornal Brasil de Fato<\/a><\/em><\/p>\n","protected":false},"excerpt":{"rendered":"<p>Leda Paulani, professora da USP, afirma que governo de Bolsonaro vai aprofundar reformas de Temer No Brasil, a ascens\u00e3o de<\/p>\n","protected":false},"author":1,"featured_media":2102,"comment_status":"closed","ping_status":"open","sticky":false,"template":"","format":"standard","meta":{"colormag_page_container_layout":"default_layout","colormag_page_sidebar_layout":"default_layout","footnotes":""},"categories":[5],"tags":[18],"class_list":["post-2100","post","type-post","status-publish","format-standard","has-post-thumbnail","hentry","category-noticias","tag-destaque"],"_links":{"self":[{"href":"https:\/\/www.secpf.com.br\/site\/wp-json\/wp\/v2\/posts\/2100","targetHints":{"allow":["GET"]}}],"collection":[{"href":"https:\/\/www.secpf.com.br\/site\/wp-json\/wp\/v2\/posts"}],"about":[{"href":"https:\/\/www.secpf.com.br\/site\/wp-json\/wp\/v2\/types\/post"}],"author":[{"embeddable":true,"href":"https:\/\/www.secpf.com.br\/site\/wp-json\/wp\/v2\/users\/1"}],"replies":[{"embeddable":true,"href":"https:\/\/www.secpf.com.br\/site\/wp-json\/wp\/v2\/comments?post=2100"}],"version-history":[{"count":2,"href":"https:\/\/www.secpf.com.br\/site\/wp-json\/wp\/v2\/posts\/2100\/revisions"}],"predecessor-version":[{"id":2104,"href":"https:\/\/www.secpf.com.br\/site\/wp-json\/wp\/v2\/posts\/2100\/revisions\/2104"}],"wp:featuredmedia":[{"embeddable":true,"href":"https:\/\/www.secpf.com.br\/site\/wp-json\/wp\/v2\/media\/2102"}],"wp:attachment":[{"href":"https:\/\/www.secpf.com.br\/site\/wp-json\/wp\/v2\/media?parent=2100"}],"wp:term":[{"taxonomy":"category","embeddable":true,"href":"https:\/\/www.secpf.com.br\/site\/wp-json\/wp\/v2\/categories?post=2100"},{"taxonomy":"post_tag","embeddable":true,"href":"https:\/\/www.secpf.com.br\/site\/wp-json\/wp\/v2\/tags?post=2100"}],"curies":[{"name":"wp","href":"https:\/\/api.w.org\/{rel}","templated":true}]}}