{"id":2169,"date":"2019-02-26T01:44:55","date_gmt":"2019-02-26T04:44:55","guid":{"rendered":"http:\/\/www.secpf.com.br\/site\/?p=2169"},"modified":"2019-02-26T01:44:55","modified_gmt":"2019-02-26T04:44:55","slug":"bolsonaro-quer-reforma-da-previdencia-mais-dura-que-a-de-temer","status":"publish","type":"post","link":"https:\/\/www.secpf.com.br\/site\/bolsonaro-quer-reforma-da-previdencia-mais-dura-que-a-de-temer\/","title":{"rendered":"Bolsonaro quer reforma da Previd\u00eancia mais dura que a de Temer"},"content":{"rendered":"<h3 class=\"midlet\">Proposta quer benef\u00edcio menor que um sal\u00e1rio m\u00ednimo, entre outros ataques<\/h3>\n<p>O presidente Jair Bolsonaro apresentou \u00e0 C\u00e2mara, nesta quarta-feira (20), seu projeto de reforma da Previd\u00eancia que endurece ainda mais as regras para a aposentadoria, se comparadas \u00e0 proposta do antecessor, Michel Temer. \u00c9 urgente que os trabalhadores se organizem para barrar este ataque.<\/p>\n<p>Apesar do discurso do governo de que a proposta visa combater os privil\u00e9gios e as desigualdades, basta uma simples leitura da PEC (Proposta de Emenda \u00e0 Constitui\u00e7\u00e3o) apelidada de Nova Previd\u00eancia, para concluir que o resultado ser\u00e1 justamente o oposto.<\/p>\n<p><b>BPC<\/b><br \/>\nUm dos pontos mais cru\u00e9is da reforma \u00e9 o que muda as regras de acesso ao BPC (Benef\u00edcio de Presta\u00e7\u00e3o Continuada), pago a idosos em situa\u00e7\u00e3o de pobreza e deficientes f\u00edsicos. Apesar de antecipar de 65 para 60 anos a idade m\u00ednima para o benef\u00edcio, a proposta reduz a menos de um sal\u00e1rio m\u00ednimo o valor a ser pago.<\/p>\n<p>O valor atual \u00e9 de um sal\u00e1rio m\u00ednimo (R$ 998 em 2019) e passaria a R$ 400 a quem tem 60 anos. Somente aos 70 anos os benefici\u00e1rios teriam direito ao sal\u00e1rio m\u00ednimo integral. Uma proposta desumana contra a parcela mais carente da popula\u00e7\u00e3o.<\/p>\n<p>Segundo o governo, ainda haver\u00e1 exig\u00eancias adicionais para comprovar a condi\u00e7\u00e3o de miserabilidade que dar\u00e1 o direito ao BPC.<\/p>\n<p><b>Idade m\u00ednima e tempo de contribui\u00e7\u00e3o<\/b><br \/>\nBolsonaro prop\u00f5e instituir idade m\u00ednima para aposentadoria de 65 anos para homens e 62 para mulheres e acabar com a concess\u00e3o do benef\u00edcio por tempo de contribui\u00e7\u00e3o. Al\u00e9m disso, o Pal\u00e1cio do Planalto quer aumentar o tempo m\u00ednimo de contribui\u00e7\u00e3o na aposentadoria por idade de 15 para 20 anos, com 40 anos para ter acesso a 100% do benef\u00edcio.<\/p>\n<p>Na remota hip\u00f3tese de que um trabalhador consiga atingir a idade m\u00ednima (65 anos) e os 40 anos de contribui\u00e7\u00e3o \u00e0 Previd\u00eancia, uma mudan\u00e7a na elabora\u00e7\u00e3o do c\u00e1lculo da aposentadoria reduzir\u00e1 o benef\u00edcio. Isso porque, na f\u00f3rmula atual, s\u00e3o desprezadas as menores contribui\u00e7\u00f5es dos trabalhadores (20%) e, com a proposta de Bolsonaro, isso n\u00e3o vai mais ocorrer.<\/p>\n<p>Outra mudan\u00e7a: o tempo de transi\u00e7\u00e3o para as novas regras tamb\u00e9m ser\u00e1 menor em rela\u00e7\u00e3o \u00e0 reforma de Temer, passando de 20 para 12 anos.<\/p>\n<p><b>Ped\u00e1gio<\/b><br \/>\nSe a proposta for aprovada, aqueles que est\u00e3o prestes a se aposentar ter\u00e3o de pagar um ped\u00e1gio, ou seja, trabalhar e contribuir por mais tempo. Isso quer dizer que ficar\u00e1 mais dif\u00edcil de se aposentar e os principais prejudicados ser\u00e3o os mais pobres, que come\u00e7am a trabalhar antes.<\/p>\n<p><b>Aposentadoria por invalidez<\/b><br \/>\nBolsonaro tamb\u00e9m quer reduzir a aposentadoria por invalidez. A proposta \u00e9 que aqueles que est\u00e3o permanentemente incapacitados para o trabalho recebam 60% da m\u00e9dia de todos os seus sal\u00e1rios. Receber\u00e3o percentual superior apenas aqueles que tiverem mais de 20 anos de contribui\u00e7\u00e3o.<\/p>\n<p>Hoje, o segurado recebe do INSS (Instituto Nacional do Seguro Social) 100% da m\u00e9dia salarial, calculada com as 80% maiores remunera\u00e7\u00f5es.<\/p>\n<p>Quem ficar incapacitado por acidente de trabalho ou por doen\u00e7a ocupacional ainda ter\u00e1 direito \u00e0 aposentadoria que corresponda a 100% da m\u00e9dia de todos os sal\u00e1rios, mas Bolsonaro deixa margem para mudan\u00e7as. A PEC enviada \u00e0 C\u00e2mara diz que o c\u00e1lculo da aposentadoria por invalidez pode ter nova mudan\u00e7a por meio de lei complementar.<\/p>\n<p><b>Preparar uma Greve Geral<\/b><br \/>\nSe a proposta de Bolsonaro for aprovada, isso significar\u00e1 o fim do direito \u00e0 aposentadoria para milh\u00f5es de brasileiros. Por isso, \u00e9 preciso preparar a resposta. Nesta quarta-feira (20), a Assembleia Nacional da Classe Trabalhadora definiu intensificar a mobiliza\u00e7\u00e3o para barrar a reforma.<\/p>\n<p>As centrais sindicais devem construir um calend\u00e1rio de plen\u00e1rias e atos nos estados para conscientizar a popula\u00e7\u00e3o sobre os riscos da reforma e preparar a luta. A CSP-Conlutas defende que seja realizada uma Greve Geral que paralise o pa\u00eds para derrotar essa PEC.<\/p>\n<p>\u201c\u00c9 importante que todo trabalhador, jovem ou aposentado, se some \u00e0 mobiliza\u00e7\u00e3o em defesa da aposentadoria. Vamos continuar contribuindo por anos, para depois n\u00e3o termos o direito de nos aposentar. N\u00e3o podemos permitir\u201d, afirma o presidente do Sindicato, Weller Gon\u00e7alves.<\/p>\n<p>&nbsp;<\/p>\n<p>Fonte:\u00a0<a href=\"http:\/\/www.sindmetalsjc.org.br\/imprensa\/ultimas-noticias\/4364\/bolsonaro+quer+reforma+da+previdencia+mais+dura+que+a+de+temer.htm\" target=\"_blank\">sindmetalsjc.org.br<\/a><\/p>\n","protected":false},"excerpt":{"rendered":"<p>Proposta quer benef\u00edcio menor que um sal\u00e1rio m\u00ednimo, entre outros ataques O presidente Jair Bolsonaro apresentou \u00e0 C\u00e2mara, nesta quarta-feira<\/p>\n","protected":false},"author":1,"featured_media":2171,"comment_status":"open","ping_status":"open","sticky":false,"template":"","format":"standard","meta":{"colormag_page_container_layout":"default_layout","colormag_page_sidebar_layout":"default_layout","footnotes":""},"categories":[5],"tags":[353,299],"class_list":["post-2169","post","type-post","status-publish","format-standard","has-post-thumbnail","hentry","category-noticias","tag-bolsonaro","tag-reforma-da-previdencia"],"_links":{"self":[{"href":"https:\/\/www.secpf.com.br\/site\/wp-json\/wp\/v2\/posts\/2169","targetHints":{"allow":["GET"]}}],"collection":[{"href":"https:\/\/www.secpf.com.br\/site\/wp-json\/wp\/v2\/posts"}],"about":[{"href":"https:\/\/www.secpf.com.br\/site\/wp-json\/wp\/v2\/types\/post"}],"author":[{"embeddable":true,"href":"https:\/\/www.secpf.com.br\/site\/wp-json\/wp\/v2\/users\/1"}],"replies":[{"embeddable":true,"href":"https:\/\/www.secpf.com.br\/site\/wp-json\/wp\/v2\/comments?post=2169"}],"version-history":[{"count":1,"href":"https:\/\/www.secpf.com.br\/site\/wp-json\/wp\/v2\/posts\/2169\/revisions"}],"predecessor-version":[{"id":2172,"href":"https:\/\/www.secpf.com.br\/site\/wp-json\/wp\/v2\/posts\/2169\/revisions\/2172"}],"wp:featuredmedia":[{"embeddable":true,"href":"https:\/\/www.secpf.com.br\/site\/wp-json\/wp\/v2\/media\/2171"}],"wp:attachment":[{"href":"https:\/\/www.secpf.com.br\/site\/wp-json\/wp\/v2\/media?parent=2169"}],"wp:term":[{"taxonomy":"category","embeddable":true,"href":"https:\/\/www.secpf.com.br\/site\/wp-json\/wp\/v2\/categories?post=2169"},{"taxonomy":"post_tag","embeddable":true,"href":"https:\/\/www.secpf.com.br\/site\/wp-json\/wp\/v2\/tags?post=2169"}],"curies":[{"name":"wp","href":"https:\/\/api.w.org\/{rel}","templated":true}]}}