{"id":2182,"date":"2019-03-08T11:57:06","date_gmt":"2019-03-08T14:57:06","guid":{"rendered":"http:\/\/www.secpf.com.br\/site\/?p=2182"},"modified":"2019-03-08T11:57:06","modified_gmt":"2019-03-08T14:57:06","slug":"bancos-sao-responsaveis-pela-crise-diz-maria-lucia-fattorelli","status":"publish","type":"post","link":"https:\/\/www.secpf.com.br\/site\/bancos-sao-responsaveis-pela-crise-diz-maria-lucia-fattorelli\/","title":{"rendered":"&#8220;Bancos s\u00e3o respons\u00e1veis pela crise&#8221;, diz Maria L\u00facia Fattorelli"},"content":{"rendered":"<figure id=\"attachment_2184\" aria-describedby=\"caption-attachment-2184\" style=\"width: 640px\" class=\"wp-caption alignnone\"><a href=\"http:\/\/www.secpf.com.br\/site\/wp-content\/uploads\/2019\/03\/080319-entrevista-divida.jpg\"><img fetchpriority=\"high\" decoding=\"async\" class=\"size-full wp-image-2184\" src=\"http:\/\/www.secpf.com.br\/site\/wp-content\/uploads\/2019\/03\/080319-entrevista-divida.jpg\" alt=\"Maria Lucia Fatorelli durante audi\u00eancia p\u00fablica no Senado Federal, em Bras\u00edlia (DF) \/ Ana Volpe\/Ag\u00eancia Senado\" width=\"640\" height=\"424\" srcset=\"https:\/\/www.secpf.com.br\/site\/wp-content\/uploads\/2019\/03\/080319-entrevista-divida.jpg 640w, https:\/\/www.secpf.com.br\/site\/wp-content\/uploads\/2019\/03\/080319-entrevista-divida-300x199.jpg 300w\" sizes=\"(max-width: 640px) 100vw, 640px\" \/><\/a><figcaption id=\"caption-attachment-2184\" class=\"wp-caption-text\">Maria Lucia Fatorelli durante audi\u00eancia p\u00fablica no Senado Federal, em Bras\u00edlia (DF) \/ Ana Volpe\/Ag\u00eancia Senado<\/figcaption><\/figure>\n<h2 class=\"description\">Fundadora da Auditoria Cidad\u00e3 da D\u00edvida critica o discurso que legitima proposta de reforma da Previd\u00eancia de Bolsonaro<\/h2>\n<p>O cen\u00e1rio de crise econ\u00f4mica que se alastra pelo pa\u00eds nos \u00faltimos anos toma f\u00f4lego com a pol\u00edtica monet\u00e1ria do Banco Central, ponta de lan\u00e7a do processo que vem provocando a quebra da economia e<a href=\"https:\/\/g1.globo.com\/economia\/noticia\/2019\/01\/31\/desemprego-fica-em-116-em-dezembro-diz-ibge.ghtml\" target=\"_blank\" rel=\"noopener\">\u00a0<\/a>os altos \u00edndices de desemprego\u00a0em cadeia nacional. A leitura \u00e9 da auditora fiscal Maria Lucia Fattorelli, fundadora e coordenadora da\u00a0Auditoria Cidad\u00e3 da D\u00edvida<a href=\"https:\/\/auditoriacidada.org.br\/\" target=\"_blank\" rel=\"noopener\">,<\/a>movimento que atua em prol da transpar\u00eancia nas finan\u00e7as p\u00fablicas.<\/p>\n<p>Em entrevista ao\u00a0<strong>Brasil de Fato<\/strong>, a auditora destaca a preocupa\u00e7\u00e3o com a supremacia dos bancos ao longo de diferentes governos, critica o discurso oficial de defesa da reforma da Previd\u00eancia e sustenta: \u201cQuerem deixar o nosso povo acreditando nas sombras. A gente tem que sair da caverna e enxergar nossas potencialidades\u201d.<\/p>\n<p>Confira a seguir os principais trechos da entrevista.<\/p>\n<p><strong>Brasil de Fato: dando um panorama da crise econ\u00f4mica atual, quais fatores teriam sido primordiais pra colocar o pa\u00eds nesse caminho?<\/strong><\/p>\n<p><strong>Maria Lucia Fattorelli:\u00a0<\/strong>Na nossa opini\u00e3o, foi a pol\u00edtica monet\u00e1ria do Banco Central (BC). A partir de 2013, ele come\u00e7ou a subir as taxas de juros em todas as reuni\u00f5es at\u00e9 chegar em 14,25%, que \u00e9 um absurdo, uma taxa extremamente alta e, quando chegou nesse valor, ficou nesse patamar por mais de um ano. Em mar\u00e7o de 2013,\u00a0estava 7,25%; em abril, foi pra 7,50%; em maio, pra 8%; em julho, pra 8,50%; em agosto, pra 9%; em novembro pra 10%; em abril de 2014, 11%; em janeiro de 2015, j\u00e1 estava em 12,25%; abril, 13,25%; e julho, 14,25% [novamente]. Veja bem, ficou em\u00a014,25% at\u00e9 outubro de 2016.<\/p>\n<p>Demorou muito pra cair tamb\u00e9m, ent\u00e3o, ao mesmo tempo em que o BC come\u00e7ou a acelerar a taxa b\u00e1sica, ele aumentou as compromissadas [modalidade de opera\u00e7\u00e3o de investimento em que o BC vende ou compra t\u00edtulos p\u00fablicos com a responsabilidade de recompr\u00e1-los ou revend\u00ea-los em uma data futura], o que \u00e9, na pr\u00e1tica, a remunera\u00e7\u00e3o da sobra de caixa dos bancos, em que ele enxuga moeda e entrega t\u00edtulo da d\u00edvida.<\/p>\n<p>As compromissadas atingiram R$ 1 trilh\u00e3o no in\u00edcio de 2016, ent\u00e3o, uma coisa combinada com a outra significou uma escassez de moeda brutal no mercado. E qual a consequ\u00eancia disso? Os bancos, com toda a sobra que t\u00eam pra emprestar, em vez de emprestarem pras ind\u00fastrias, para o\u00a0com\u00e9rcio, pras pessoas, para a atividade econ\u00f4mica do pa\u00eds, preferiram colocar no BC, porque a taxa de juros estava alta demais e no BC eles n\u00e3o perdem um dia. Ent\u00e3o, eles preferiram p\u00f4r essa montanha de dinheiro no BC do que remunerar diariamente, e a ind\u00fastria, o com\u00e9rcio, todas as empresas, que precisam de cr\u00e9dito, come\u00e7aram a quebrar porque o cr\u00e9dito ficou alto demais.<\/p>\n<p>Os juros de mercado foram pra mais de 220%, 300% ao ano, e a\u00ed a quebradeira de ind\u00fastria, de estabelecimentos comerciais jogou o povo no desemprego. Em 2015,\u00a0tivemos um desemprego recorde. E a\u00ed o governo, pra n\u00e3o enfrentar a benesse do mercado financeiro, a pol\u00edtica monet\u00e1ria do BC, ainda veio com as\u00a0desonera\u00e7\u00f5es [incentivos fiscais para produtos ou opera\u00e7\u00f5es], ainda no tempo da Dilma.\u00a0Isso a\u00ed agravou mais porque diminui mais ainda a arrecada\u00e7\u00e3o e n\u00e3o resolveu o problema das empresas porque elas precisavam de cr\u00e9dito pra financiar sua atividade. A desonera\u00e7\u00e3o beneficiou s\u00f3 algumas que j\u00e1 estavam no ponto de vender e distribuir seus produtos.<\/p>\n<p>Ent\u00e3o, o que provocou a crise aqui no Brasil foi essa pol\u00edtica monet\u00e1ria, e ningu\u00e9m olha pra ela. Ela n\u00e3o \u00e9 ensinada nas escolas. Enquanto estavam todos os jornais todo dia dando not\u00edcias de\u00a0Lava Jato, de\u00a0impeachment da Dilma, o BC estava fazendo essa pol\u00edtica, que transferiu um valor brutal de recursos pro setor financeiro.<\/p>\n<p><strong>Al\u00e9m desses fatores que voc\u00ea mencionou, tem alguma outra coisa que ajuda a mover a engrenagem da crise econ\u00f4mica?<\/strong><\/p>\n<p>Isso da\u00ed \u00e9 o principal. A partir da\u00ed, vai desorganizando. Um outro fator \u00e9 o modelo tribut\u00e1rio no Brasil, que\u00a0penaliza muito a classe trabalhadora, as classes m\u00e9dia e baixa, e s\u00e3o as pessoas que tudo que ganham volta pra economia. O sal\u00e1rio aqui no Brasil \u00e9\u00a0t\u00e3o baixo\u00a0que classes m\u00e9dia e baixa t\u00eam muito pouca capacidade de fazer poupan\u00e7a.\u00a0E como que \u00e9 o nosso modelo tribut\u00e1rio? Ele n\u00e3o\u00a0tributa as grandes rendas, as grandes faixas de renda, e a\u00ed isso desorganiza mais ainda a economia, abre m\u00e3o de uma arrecada\u00e7\u00e3o enorme, de arrecada\u00e7\u00e3o dos tributos que poderiam incidir sobre o lucro distribu\u00eddo, sobre as heran\u00e7as, as fortunas, e isso tamb\u00e9m desorganiza muito a economia.<\/p>\n<p><strong>Por que o Brasil, que \u00e9 conhecido mundialmente como um pa\u00eds de grandes riquezas, amarga esta crise econ\u00f4mica atual? Que tipo de ideologia econ\u00f4mica nos trouxe a esse processo? \u00a0<\/strong><\/p>\n<p>Olha, est\u00e1 acima das ideologias conhecidas, acima de qualquer coisa. \u00c9 uma\u00a0gan\u00e2ncia do mercado financeiro. Isso est\u00e1 acima dos governos, de partidos. N\u00f3s temos que ver em que fase da hist\u00f3ria estamos vivendo, que \u00e9 a docapitalismo financeirizado. O grande capital est\u00e1 entrando aqui no Brasil de uma forma que h\u00e1 anos domina os diferentes governos que vivemos. Voc\u00ea v\u00ea que, no governo do PT, quem dirigia o BC? O Meirelles [Henrique Meirelles, ex-ministro da Fazenda e atual secret\u00e1rio da Fazenda do Estado de S\u00e3o Paulo], banqueiro.<\/p>\n<p>Ent\u00e3o, n\u00e3o mudou nada. Isso est\u00e1 acima de ideologia e \u00e9 um dom\u00ednio, um poder mundial. E, infelizmente, aqui no Brasil as for\u00e7as pol\u00edticas n\u00e3o prestam a devida aten\u00e7\u00e3o nisso. Voc\u00ea v\u00ea, por exemplo, a pouca aten\u00e7\u00e3o que tem a demanda por uma auditoria cidad\u00e3 da d\u00edvida, que \u00e9 a ferramenta que poderia mostrar, por exemplo, esse esc\u00e2ndalo das compromissadas, porque isso da\u00ed tem a d\u00edvida por tr\u00e1s.<\/p>\n<p>Essa pouca vis\u00e3o, esse turvamento da vis\u00e3o em rela\u00e7\u00e3o \u00e0s finan\u00e7as est\u00e1 fazendo esse dom\u00ednio financeiro chegar num ponto em que agora [eles afirmam que] a d\u00edvida justifica a\u00a0contrarreforma da Previd\u00eancia, justifica a entrega da Casa da Moeda, da Eletrobras, da Petrobras, e querem entregar at\u00e9 Banco do Brasil e Caixa Econ\u00f4mica, criando outro mecanismo, o\u00a0da securitiza\u00e7\u00e3o de cr\u00e9ditos, em que os bancos j\u00e1 v\u00e3o se apoderar diretamente da arrecada\u00e7\u00e3o tribut\u00e1ria, que nem vai alcan\u00e7ar o or\u00e7amento p\u00fablico. Ent\u00e3o, ou a popula\u00e7\u00e3o acorda ou n\u00e3o vai ter jeito. Estamos perdendo o pa\u00eds.<\/p>\n<p><strong>A economia nacional iniciou este ano de 2019 sem f\u00f4lego e alguns atores sustentam que uma alavancagem s\u00f3 seria poss\u00edvel com a reforma da Previd\u00eancia. O que tem de armadilha nesse discurso?\u00a0<\/strong><\/p>\n<p>A\u00a0reforma da Previd\u00eancia\u00a0vai fazer o contr\u00e1rio. Quando o governo fala em fazer uma economia de R$ 1 trilh\u00e3o \u2013 que os analistas j\u00e1 falaram que n\u00e3o \u00e9 isso, e sim R$\u00a0700 bilh\u00f5es\u00a0\u2013, que economia \u00e9 essa? \u00c9 dinheiro que vai deixar de chegar \u00e0s m\u00e3os da classe trabalhadora atrav\u00e9s de\u00a0aposentadorias e benef\u00edcios assistenciais. O que acontece quando a popula\u00e7\u00e3o tem menos recursos em suas m\u00e3os? Ela n\u00e3o tem recursos pra consumir nem pra comprar alimento direito e aumenta at\u00e9 o [n\u00edvel de] adoecimento. Ent\u00e3o, \u00e9 um tiro no p\u00e9, e mais de 70% dos munic\u00edpios brasileiros t\u00eam a sua economia movimentada pelos recursos da Seguridade Social\u2026<\/p>\n<p><strong>Voc\u00ea mencionou aqui o fato de a popula\u00e7\u00e3o n\u00e3o ter conhecimento sobre o que realmente acontece com a economia do pa\u00eds. Uma educa\u00e7\u00e3o mais voltada para esse tipo de esclarecimento poderia ser o caminho pra tirar o Brasil desta situa\u00e7\u00e3o?<\/strong><\/p>\n<p>Sim, e esse tem sido, inclusive, o esfor\u00e7o da Auditoria Cidad\u00e3 da D\u00edvida ao longo dos anos, popularizando o conhecimento sobre a realidade financeira porque, veja bem, essa propaganda de que o Brasil est\u00e1 quebrado, de que o pa\u00eds n\u00e3o tem sa\u00edda, junto com esse menosprezo pelo povo brasileiro, com essas piadinhas de mau gosto de chamar o nosso povo de \u2018povinho\u2019, colocando no ch\u00e3o a autoestima [nacional], essa coisa de n\u00e3o valorizarmos a nossas lideran\u00e7as que existem no Brasil, de que s\u00f3 sai not\u00edcia de corrup\u00e7\u00e3o, tudo isso tem uma estrat\u00e9gia por tr\u00e1s de reduzir a autoestima das pessoas, e quem est\u00e1 com autoestima baixa est\u00e1 humilhado, desencorajado\u00a0e aceita entregar tudo.<\/p>\n<p>A gente tem que fazer o contr\u00e1rio. As pessoas nem sabem\u00a0o quanto o Brasil \u00e9 rico, nem sabem das nossas potencialidades, da nossa hist\u00f3ria, de quanta luta j\u00e1 teve, de quantas pessoas foram desprezadas e moralizadas ao longo da hist\u00f3ria porque traziam essas informa\u00e7\u00f5es [de esclarecimento]. Querem deixar o nosso povo dentro da caverna, acreditando nas sombras. A gente tem que sair da caverna e enxergar o nosso pa\u00eds, enxergar as nossas potencialidades. Eu espero que esse ataque agora, esse roubo da Previd\u00eancia social que representa essa\u00a0PEC 6\/2019\u00a0[Proposta de reforma da Previd\u00eancia do governo de Jair Bolsonaro] sirva pra sacudir as pessoas.<\/p>\n<p>&nbsp;<\/p>\n<p>Fonte: Jornal Brasil de Fato<\/p>\n","protected":false},"excerpt":{"rendered":"<p>Fundadora da Auditoria Cidad\u00e3 da D\u00edvida critica o discurso que legitima proposta de reforma da Previd\u00eancia de Bolsonaro O cen\u00e1rio<\/p>\n","protected":false},"author":1,"featured_media":2184,"comment_status":"open","ping_status":"open","sticky":false,"template":"","format":"standard","meta":{"colormag_page_container_layout":"default_layout","colormag_page_sidebar_layout":"default_layout","footnotes":""},"categories":[5],"tags":[353,148],"class_list":["post-2182","post","type-post","status-publish","format-standard","has-post-thumbnail","hentry","category-noticias","tag-bolsonaro","tag-crise"],"_links":{"self":[{"href":"https:\/\/www.secpf.com.br\/site\/wp-json\/wp\/v2\/posts\/2182","targetHints":{"allow":["GET"]}}],"collection":[{"href":"https:\/\/www.secpf.com.br\/site\/wp-json\/wp\/v2\/posts"}],"about":[{"href":"https:\/\/www.secpf.com.br\/site\/wp-json\/wp\/v2\/types\/post"}],"author":[{"embeddable":true,"href":"https:\/\/www.secpf.com.br\/site\/wp-json\/wp\/v2\/users\/1"}],"replies":[{"embeddable":true,"href":"https:\/\/www.secpf.com.br\/site\/wp-json\/wp\/v2\/comments?post=2182"}],"version-history":[{"count":1,"href":"https:\/\/www.secpf.com.br\/site\/wp-json\/wp\/v2\/posts\/2182\/revisions"}],"predecessor-version":[{"id":2185,"href":"https:\/\/www.secpf.com.br\/site\/wp-json\/wp\/v2\/posts\/2182\/revisions\/2185"}],"wp:featuredmedia":[{"embeddable":true,"href":"https:\/\/www.secpf.com.br\/site\/wp-json\/wp\/v2\/media\/2184"}],"wp:attachment":[{"href":"https:\/\/www.secpf.com.br\/site\/wp-json\/wp\/v2\/media?parent=2182"}],"wp:term":[{"taxonomy":"category","embeddable":true,"href":"https:\/\/www.secpf.com.br\/site\/wp-json\/wp\/v2\/categories?post=2182"},{"taxonomy":"post_tag","embeddable":true,"href":"https:\/\/www.secpf.com.br\/site\/wp-json\/wp\/v2\/tags?post=2182"}],"curies":[{"name":"wp","href":"https:\/\/api.w.org\/{rel}","templated":true}]}}