{"id":2224,"date":"2019-03-29T12:33:42","date_gmt":"2019-03-29T15:33:42","guid":{"rendered":"http:\/\/www.secpf.com.br\/site\/?p=2224"},"modified":"2019-03-29T12:34:42","modified_gmt":"2019-03-29T15:34:42","slug":"faca-o-calculo-do-seu-tempo-de-aposentadoria","status":"publish","type":"post","link":"https:\/\/www.secpf.com.br\/site\/faca-o-calculo-do-seu-tempo-de-aposentadoria\/","title":{"rendered":"Fa\u00e7a o c\u00e1lculo do seu tempo de aposentadoria"},"content":{"rendered":"<p>Veja em quanto tempo voc\u00ea se aposentaria pela regra atual e quanto tempo faltar\u00e1 se for aprovada a Reforma da Previd\u00eancia do governo Bolsonaro.<\/p>\n<p>O DIEESE (Departamento Intersindical de Estat\u00edstica e Estudos Socioecon\u00f4micos) preparou uma calculadora em que voc\u00ea pode fazer seus c\u00e1lculos para descobrir sua prov\u00e1vel data de aposentadoria.<\/p>\n<p>Acesse o aplicativo para fazer o c\u00e1lculo. \u00c9 f\u00e1cil e r\u00e1pido!<\/p>\n<figure id=\"attachment_2226\" aria-describedby=\"caption-attachment-2226\" style=\"width: 224px\" class=\"wp-caption alignnone\"><a href=\"https:\/\/www.dieese.org.br\/calculadoraaposentadoria\/index.xhtml\" target=\"_blank\"><img decoding=\"async\" class=\"wp-image-2226 size-full\" src=\"http:\/\/www.secpf.com.br\/site\/wp-content\/uploads\/2019\/03\/290319-calculadora-da-aposentadoria.jpg\" alt=\"290319-calculadora-da-aposentadoria\" width=\"224\" height=\"123\" \/><\/a><figcaption id=\"caption-attachment-2226\" class=\"wp-caption-text\">Calculadora da Aposentadoria<\/figcaption><\/figure>\n<p><a href=\"https:\/\/www.dieese.org.br\/calculadoraaposentadoria\/index.xhtml\">https:\/\/www.dieese.org.br\/calculadoraaposentadoria\/index.xhtml<\/a><\/p>\n","protected":false},"excerpt":{"rendered":"<p>Veja em quanto tempo voc\u00ea se aposentaria pela regra atual e quanto tempo faltar\u00e1 se for aprovada a Reforma da<\/p>\n","protected":false},"author":1,"featured_media":2226,"comment_status":"closed","ping_status":"open","sticky":false,"template":"","format":"standard","meta":{"colormag_page_container_layout":"default_layout","colormag_page_sidebar_layout":"default_layout","footnotes":""},"categories":[5],"tags":[228,18,105,299],"class_list":["post-2224","post","type-post","status-publish","format-standard","has-post-thumbnail","hentry","category-noticias","tag-aposentadoria","tag-destaque","tag-jair-bolsonaro","tag-reforma-da-previdencia"],"_links":{"self":[{"href":"https:\/\/www.secpf.com.br\/site\/wp-json\/wp\/v2\/posts\/2224","targetHints":{"allow":["GET"]}}],"collection":[{"href":"https:\/\/www.secpf.com.br\/site\/wp-json\/wp\/v2\/posts"}],"about":[{"href":"https:\/\/www.secpf.com.br\/site\/wp-json\/wp\/v2\/types\/post"}],"author":[{"embeddable":true,"href":"https:\/\/www.secpf.com.br\/site\/wp-json\/wp\/v2\/users\/1"}],"replies":[{"embeddable":true,"href":"https:\/\/www.secpf.com.br\/site\/wp-json\/wp\/v2\/comments?post=2224"}],"version-history":[{"count":2,"href":"https:\/\/www.secpf.com.br\/site\/wp-json\/wp\/v2\/posts\/2224\/revisions"}],"predecessor-version":[{"id":2228,"href":"https:\/\/www.secpf.com.br\/site\/wp-json\/wp\/v2\/posts\/2224\/revisions\/2228"}],"wp:featuredmedia":[{"embeddable":true,"href":"https:\/\/www.secpf.com.br\/site\/wp-json\/wp\/v2\/media\/2226"}],"wp:attachment":[{"href":"https:\/\/www.secpf.com.br\/site\/wp-json\/wp\/v2\/media?parent=2224"}],"wp:term":[{"taxonomy":"category","embeddable":true,"href":"https:\/\/www.secpf.com.br\/site\/wp-json\/wp\/v2\/categories?post=2224"},{"taxonomy":"post_tag","embeddable":true,"href":"https:\/\/www.secpf.com.br\/site\/wp-json\/wp\/v2\/tags?post=2224"}],"curies":[{"name":"wp","href":"https:\/\/api.w.org\/{rel}","templated":true}]}}