{"id":2233,"date":"2019-04-03T23:26:10","date_gmt":"2019-04-04T02:26:10","guid":{"rendered":"http:\/\/www.secpf.com.br\/site\/?p=2233"},"modified":"2019-04-03T23:26:10","modified_gmt":"2019-04-04T02:26:10","slug":"brasil-esta-participando-da-violencia-contra-os-palestinos-avalia-pesquisador","status":"publish","type":"post","link":"https:\/\/www.secpf.com.br\/site\/brasil-esta-participando-da-violencia-contra-os-palestinos-avalia-pesquisador\/","title":{"rendered":"\u201cBrasil est\u00e1 participando da viol\u00eancia contra os palestinos\u201d, avalia pesquisador"},"content":{"rendered":"<figure id=\"attachment_2235\" aria-describedby=\"caption-attachment-2235\" style=\"width: 650px\" class=\"wp-caption alignnone\"><a href=\"http:\/\/www.secpf.com.br\/site\/wp-content\/uploads\/2019\/04\/030419-bolsonaro-Israel.jpg\"><img fetchpriority=\"high\" decoding=\"async\" class=\"size-full wp-image-2235\" src=\"http:\/\/www.secpf.com.br\/site\/wp-content\/uploads\/2019\/04\/030419-bolsonaro-Israel.jpg\" alt=\"Bolsonaro rompeu com tradi\u00e7\u00e3o diplom\u00e1tica brasileira. (Reprodu\u00e7\u00e3o\/Facebook)\" width=\"650\" height=\"433\" srcset=\"https:\/\/www.secpf.com.br\/site\/wp-content\/uploads\/2019\/04\/030419-bolsonaro-Israel.jpg 650w, https:\/\/www.secpf.com.br\/site\/wp-content\/uploads\/2019\/04\/030419-bolsonaro-Israel-300x200.jpg 300w\" sizes=\"(max-width: 650px) 100vw, 650px\" \/><\/a><figcaption id=\"caption-attachment-2235\" class=\"wp-caption-text\">Bolsonaro rompeu com tradi\u00e7\u00e3o diplom\u00e1tica brasileira. (Reprodu\u00e7\u00e3o\/Facebook)<\/figcaption><\/figure>\n<p>A visita de Jair Bolsonaro (PSL) a Israel tem gerado pol\u00eamicas na pol\u00edtica internacional. A primeira delas ocorreu ainda antes da viagem:\u00a0o presidente brasileiro n\u00e3o buscou a representa\u00e7\u00e3o diplom\u00e1tica palestina.\u00a0Durante a visita, o an\u00fancio de um escrit\u00f3rio para rela\u00e7\u00f5es comerciais localizado em Jerusal\u00e9m e uma visita ao Muro das Lamenta\u00e7\u00f5es tamb\u00e9m n\u00e3o foram atitudes bem vistas.\u00a0Em sinal de protesto,\u00a0os palestinos convocaram o embaixador no Brasil de volta.<\/p>\n<p>Para o pesquisador em Rela\u00e7\u00f5es Internacionais, Arturo Hartmann, o\u00a0sentido e impacto das a\u00e7\u00f5es devem ser compreendidos \u00e0 luz da import\u00e2ncia da cidade no conflito \u00e1rabe-israelense.<\/p>\n<p>\u201cSe criou um consenso [internacional] em que Jerusal\u00e9m vai ter que ser dividida. Voc\u00ea pode concordar ou n\u00e3o com isso, mas tem um lado ocidental, que deveria ser israelense e \u00e9. E tem o lado oriental de Jerusal\u00e9m, que deveria ser palestino, mas hoje n\u00e3o \u00e9 palestino, ou seja, voc\u00ea tem uma cidade ocupada por for\u00e7as israelenses que n\u00e3o deveriam estar l\u00e1\u201d, afirma.<\/p>\n<p>Em sua vis\u00e3o, Bolsonaro, ao romper com\u00a0a tradi\u00e7\u00e3o diplom\u00e1tica brasileira, passa a mensagem de que tomou o lado israelense na quest\u00e3o.<\/p>\n<p>\u201cO muro est\u00e1 no territ\u00f3rio que a lei considera palestino. No caso do Bolsonaro, quando ele decide visitar esse lugar, ele est\u00e1 transmitindo uma mensagem, ignorando completamente o fato de que essa cidade \u00e9 ocupada, que existe uma disputa internacional, e, no fim, um crime internacional, cometido por Israel\u201d, diz.<\/p>\n<p>Em rela\u00e7\u00e3o ao escrit\u00f3rio comercial, Hartmann entende que Bolsonaro criou uma sa\u00edda de meio-termo: de um lado,\u00a0recuou\u00a0da iniciativa de mudar a embaixada por conta da press\u00e3o e retalia\u00e7\u00e3o dos pa\u00edses \u00e1rabes e, de outro, manteve\u00a0o alinhamento \u00e0 posi\u00e7\u00e3o dos EUA em rela\u00e7\u00e3o \u00e0 quest\u00e3o.<\/p>\n<p>\u201cIsso pode implicar, aos poucos, uma mudan\u00e7a de normatividade em rela\u00e7\u00e3o a Jerusal\u00e9m. Ou seja, o Brasil est\u00e1 participando da produ\u00e7\u00e3o de viol\u00eancia contra os palestinos. No sentido diplom\u00e1tico, voc\u00ea est\u00e1 destruindo consensos e corroborando, em termos pr\u00e1ticos, para a usurpa\u00e7\u00e3o das terras dos palestinos\u201d, aponta.<\/p>\n<p>J\u00e1 Reginaldo Nasser, professor de Rela\u00e7\u00f5es Internacionais da PUC S\u00e3o Paulo, entende que as duas medidas simb\u00f3licas t\u00eam mais repercuss\u00f5es concretas na pol\u00edtica dom\u00e9stica brasileira do que propriamente na situa\u00e7\u00e3o entre palestino e israelenses:\u00a0\u201cQuando o assunto \u00e9 interno ao Brasil, essas quest\u00f5es aparecem. Quando \u00e9 externa, ela some\u201d.<\/p>\n<p>Cr\u00edtico da ideia de que os pa\u00edses \u00e1rabes s\u00e3o apoiadores da causa palestina, Nasser defende que a quest\u00e3o \u00e9 utilizada no plano internacional por\u00a0outras raz\u00f5es.<\/p>\n<p>\u201cQuem manda nesses governos \u00e9 a elite \u00e1rabe que est\u00e1 se lixando para os palestinos. Agora, por que isso acontece e n\u00e3o \u00e9 a primeira vez? Eles usam disso pra tentar realizar algum tipo de interesse\u201d, critica.<\/p>\n<p>Ap\u00f3s a viagem de Bolsonaro a Israel, embaixadores \u00e1rabes em Bras\u00edlia pediram uma reuni\u00e3o com o governo e devem ser recebidos pelo Minist\u00e9rio da Agricultura.<\/p>\n<p>&nbsp;<\/p>\n<p><span style=\"font-size: 10pt;\"><em>Fonte: <a href=\"https:\/\/www.sul21.com.br\/areazero\/2019\/04\/brasil-esta-participando-da-violencia-contra-os-palestinos-avalia-pesquisador\/\" target=\"_blank\">Sul21<\/a><\/em><\/span><\/p>\n","protected":false},"excerpt":{"rendered":"<p>A visita de Jair Bolsonaro (PSL) a Israel tem gerado pol\u00eamicas na pol\u00edtica internacional. A primeira delas ocorreu ainda antes<\/p>\n","protected":false},"author":1,"featured_media":2235,"comment_status":"open","ping_status":"open","sticky":false,"template":"","format":"standard","meta":{"colormag_page_container_layout":"default_layout","colormag_page_sidebar_layout":"default_layout","footnotes":""},"categories":[5],"tags":[],"class_list":["post-2233","post","type-post","status-publish","format-standard","has-post-thumbnail","hentry","category-noticias"],"_links":{"self":[{"href":"https:\/\/www.secpf.com.br\/site\/wp-json\/wp\/v2\/posts\/2233","targetHints":{"allow":["GET"]}}],"collection":[{"href":"https:\/\/www.secpf.com.br\/site\/wp-json\/wp\/v2\/posts"}],"about":[{"href":"https:\/\/www.secpf.com.br\/site\/wp-json\/wp\/v2\/types\/post"}],"author":[{"embeddable":true,"href":"https:\/\/www.secpf.com.br\/site\/wp-json\/wp\/v2\/users\/1"}],"replies":[{"embeddable":true,"href":"https:\/\/www.secpf.com.br\/site\/wp-json\/wp\/v2\/comments?post=2233"}],"version-history":[{"count":1,"href":"https:\/\/www.secpf.com.br\/site\/wp-json\/wp\/v2\/posts\/2233\/revisions"}],"predecessor-version":[{"id":2236,"href":"https:\/\/www.secpf.com.br\/site\/wp-json\/wp\/v2\/posts\/2233\/revisions\/2236"}],"wp:featuredmedia":[{"embeddable":true,"href":"https:\/\/www.secpf.com.br\/site\/wp-json\/wp\/v2\/media\/2235"}],"wp:attachment":[{"href":"https:\/\/www.secpf.com.br\/site\/wp-json\/wp\/v2\/media?parent=2233"}],"wp:term":[{"taxonomy":"category","embeddable":true,"href":"https:\/\/www.secpf.com.br\/site\/wp-json\/wp\/v2\/categories?post=2233"},{"taxonomy":"post_tag","embeddable":true,"href":"https:\/\/www.secpf.com.br\/site\/wp-json\/wp\/v2\/tags?post=2233"}],"curies":[{"name":"wp","href":"https:\/\/api.w.org\/{rel}","templated":true}]}}