{"id":2257,"date":"2019-04-12T11:29:52","date_gmt":"2019-04-12T14:29:52","guid":{"rendered":"http:\/\/www.secpf.com.br\/site\/?p=2257"},"modified":"2019-04-15T11:35:33","modified_gmt":"2019-04-15T14:35:33","slug":"fup-entra-processa-dallagnol-e-procuradores-da-lava-jato-por-acordo-de-r-25-bilhoes-para-fundacao-do-mpf","status":"publish","type":"post","link":"https:\/\/www.secpf.com.br\/site\/fup-entra-processa-dallagnol-e-procuradores-da-lava-jato-por-acordo-de-r-25-bilhoes-para-fundacao-do-mpf\/","title":{"rendered":"FUP entra processa Dallagnol e procuradores da Lava Jato por acordo de R$ 2,5 bilh\u00f5es para \u2018funda\u00e7\u00e3o do MPF\u2019"},"content":{"rendered":"<figure id=\"attachment_2259\" aria-describedby=\"caption-attachment-2259\" style=\"width: 750px\" class=\"wp-caption alignnone\"><a href=\"http:\/\/www.secpf.com.br\/site\/wp-content\/uploads\/2019\/04\/120418-fup-dalagonol.jpg\"><img fetchpriority=\"high\" decoding=\"async\" class=\"size-full wp-image-2259\" src=\"http:\/\/www.secpf.com.br\/site\/wp-content\/uploads\/2019\/04\/120418-fup-dalagonol.jpg\" alt=\"A\u00e7\u00e3o da FUP responsabiliza o procurador Deltan Dallagnol por \u201cacordo lesivo \u00e0 Petrobras\u201d | Fotos: Guilherme Santos\/Sul21\" width=\"750\" height=\"500\" srcset=\"https:\/\/www.secpf.com.br\/site\/wp-content\/uploads\/2019\/04\/120418-fup-dalagonol.jpg 750w, https:\/\/www.secpf.com.br\/site\/wp-content\/uploads\/2019\/04\/120418-fup-dalagonol-300x200.jpg 300w\" sizes=\"(max-width: 750px) 100vw, 750px\" \/><\/a><figcaption id=\"caption-attachment-2259\" class=\"wp-caption-text\">A\u00e7\u00e3o da FUP responsabiliza o procurador Deltan Dallagnol por \u201cacordo lesivo \u00e0 Petrobras\u201d | Fotos: Guilherme Santos\/Sul21<\/figcaption><\/figure>\n<p>A Federa\u00e7\u00e3o \u00danica dos Petroleiros (FUP) entrou com a\u00e7\u00e3o popular na qual seu coordenador, Jos\u00e9 Maria Rangel, pleiteia a nulidade do acordo firmado entre a Petrobras e o Minist\u00e9rio P\u00fablico Federal, pelo qual R$ 2,5 bilh\u00f5es \u201cde origem p\u00fablica s\u00e3o desviados da estatal em favor de uma futura entidade de direito privado, a ser criada pelo pr\u00f3prio MPF\u201d. O processo tramita perante a 11\u00aa Vara Federal, subordinada ao Tribunal Regional Federal da Segunda Regi\u00e3o (TRF2), sediado no Rio de Janeiro. Na a\u00e7\u00e3o, \u00e9 pedida tutela de urg\u00eancia.<\/p>\n<p>O procurador federal Deltan Dallagnol \u00e9 especialmente responsabilizado na a\u00e7\u00e3o por \u201cacordo lesivo \u00e0 Petrobras\u201d. S\u00e3o tamb\u00e9m r\u00e9us no processo outros cinco procuradores da Lava Jato, que assinaram o acordo, al\u00e9m da Uni\u00e3o e da pr\u00f3pria Petrobras. A a\u00e7\u00e3o foi apresentada pelo escrit\u00f3rio do advogado Normando Rodrigues.<\/p>\n<p>A a\u00e7\u00e3o pede a devolu\u00e7\u00e3o \u00e0 Petrobras dos R$ 2,5 bilh\u00f5es de reais depositados por ela em fun\u00e7\u00e3o do acordo, a partir do qual tenta-se criar uma funda\u00e7\u00e3o privada para administrar recursos oriundos de indeniza\u00e7\u00f5es pagas pela estatal.<\/p>\n<p>\u201cO \u2018pacto de 2,5 bilh\u00f5es\u2019 n\u00e3o foi criado entre MPF e Petrobras. Os dois atuam como joguetes do Minist\u00e9rio da Justi\u00e7a (DoJ) de (Donald) Trump, que imp\u00f4s \u00e0 subalterna gest\u00e3o (de Pedro) Parente um bilion\u00e1rio e prejudicial acordo judicial-administrativo, supostamente em favor dos acionistas da Bolsa de Nova York\u201d, diz a FUP. \u201cCumpre-se um acordo americano, sem processo, debate, ou qualquer previs\u00e3o legal brasileira.\u201d<\/p>\n<p>Na a\u00e7\u00e3o, o advogado da FUP aponta \u201cdesvio da finalidade social da Petrobras\u201d. Al\u00e9m disso, de acordo com a Lei Complementar 75\/93, \u201cn\u00e3o \u00e9 fun\u00e7\u00e3o do Minist\u00e9rio P\u00fablico Federal a cria\u00e7\u00e3o de funda\u00e7\u00e3o de direito privado para gerir dinheiro p\u00fablico\u201d. Argumenta tamb\u00e9m que \u201co desvio de finalidade, at\u00e9 por tamb\u00e9m conter uma \u2018doa\u00e7\u00e3o\u2019 indevida, caracteriza o ato lesivo\u201d. A argumenta\u00e7\u00e3o tamb\u00e9m se refere a uma confus\u00e3o de pap\u00e9is e questiona: \u201cde qual lado fica o MPF?\u201d<\/p>\n<p>A FUP disse estranhar o fato de os acionistas abrirem m\u00e3o de procedimentos nos quais tentavam responsabilizar a estatal brasileira pela queda no pre\u00e7o das a\u00e7\u00f5es, desde que a estatal direcionasse 80% do que se comprometeu a pagar, nos EUA, para este o acordo entre a empresa e o MPF.<\/p>\n<p>\u201cOs procuradores da Lava Jato \u2013 que se tornam r\u00e9us na A\u00e7\u00e3o Popular \u2013 se ufanam de ter devolvido \u00e0 Petrobras R$ 3,24 bilh\u00f5es, dos quais agora tomam de volta R$ 2,5 bilh\u00f5es\u201d, acrescenta a FUP. Para os petroleiros, \u201ca v\u00edtima do crime (Petrobras) faz um acordo com o investigador do crime (MPF), que custa \u00e0 vitima 77% do dinheiro que lhe foi devolvido\u201d.<\/p>\n<p>&nbsp;<\/p>\n<p>Fonte: <a href=\"https:\/\/www.sul21.com.br\/ultimas-noticias\/geral\/2019\/03\/fup-entra-processa-dallagnol-e-procuradores-da-lava-jato-por-acordo-de-r-25-bilhoes-para-fundacao-do-mpf\/\" target=\"_blank\">Sul21<\/a><\/p>\n","protected":false},"excerpt":{"rendered":"<p>A Federa\u00e7\u00e3o \u00danica dos Petroleiros (FUP) entrou com a\u00e7\u00e3o popular na qual seu coordenador, Jos\u00e9 Maria Rangel, pleiteia a nulidade<\/p>\n","protected":false},"author":1,"featured_media":2259,"comment_status":"closed","ping_status":"open","sticky":false,"template":"","format":"standard","meta":{"colormag_page_container_layout":"default_layout","colormag_page_sidebar_layout":"default_layout","footnotes":""},"categories":[5],"tags":[],"class_list":["post-2257","post","type-post","status-publish","format-standard","has-post-thumbnail","hentry","category-noticias"],"_links":{"self":[{"href":"https:\/\/www.secpf.com.br\/site\/wp-json\/wp\/v2\/posts\/2257","targetHints":{"allow":["GET"]}}],"collection":[{"href":"https:\/\/www.secpf.com.br\/site\/wp-json\/wp\/v2\/posts"}],"about":[{"href":"https:\/\/www.secpf.com.br\/site\/wp-json\/wp\/v2\/types\/post"}],"author":[{"embeddable":true,"href":"https:\/\/www.secpf.com.br\/site\/wp-json\/wp\/v2\/users\/1"}],"replies":[{"embeddable":true,"href":"https:\/\/www.secpf.com.br\/site\/wp-json\/wp\/v2\/comments?post=2257"}],"version-history":[{"count":1,"href":"https:\/\/www.secpf.com.br\/site\/wp-json\/wp\/v2\/posts\/2257\/revisions"}],"predecessor-version":[{"id":2260,"href":"https:\/\/www.secpf.com.br\/site\/wp-json\/wp\/v2\/posts\/2257\/revisions\/2260"}],"wp:featuredmedia":[{"embeddable":true,"href":"https:\/\/www.secpf.com.br\/site\/wp-json\/wp\/v2\/media\/2259"}],"wp:attachment":[{"href":"https:\/\/www.secpf.com.br\/site\/wp-json\/wp\/v2\/media?parent=2257"}],"wp:term":[{"taxonomy":"category","embeddable":true,"href":"https:\/\/www.secpf.com.br\/site\/wp-json\/wp\/v2\/categories?post=2257"},{"taxonomy":"post_tag","embeddable":true,"href":"https:\/\/www.secpf.com.br\/site\/wp-json\/wp\/v2\/tags?post=2257"}],"curies":[{"name":"wp","href":"https:\/\/api.w.org\/{rel}","templated":true}]}}