{"id":2265,"date":"2019-04-15T00:07:48","date_gmt":"2019-04-15T03:07:48","guid":{"rendered":"http:\/\/www.secpf.com.br\/site\/?p=2265"},"modified":"2019-04-16T00:14:46","modified_gmt":"2019-04-16T03:14:46","slug":"csp-conlutas-cria-site-para-campanha-contra-a-reforma-da-previdencia","status":"publish","type":"post","link":"https:\/\/www.secpf.com.br\/site\/csp-conlutas-cria-site-para-campanha-contra-a-reforma-da-previdencia\/","title":{"rendered":"CSP-Conlutas cria site para campanha contra a reforma da Previd\u00eancia"},"content":{"rendered":"<h3 class=\"midlet\"><a href=\"http:\/\/www.secpf.com.br\/site\/wp-content\/uploads\/2019\/04\/150419_reforma-previdencia.jpg\"><img fetchpriority=\"high\" decoding=\"async\" class=\"alignnone size-full wp-image-2267\" src=\"http:\/\/www.secpf.com.br\/site\/wp-content\/uploads\/2019\/04\/150419_reforma-previdencia.jpg\" alt=\"150419_reforma-previdencia\" width=\"659\" height=\"442\" srcset=\"https:\/\/www.secpf.com.br\/site\/wp-content\/uploads\/2019\/04\/150419_reforma-previdencia.jpg 659w, https:\/\/www.secpf.com.br\/site\/wp-content\/uploads\/2019\/04\/150419_reforma-previdencia-300x201.jpg 300w\" sizes=\"(max-width: 659px) 100vw, 659px\" \/><\/a><\/h3>\n<h3 class=\"midlet\">Informa\u00e7\u00f5es ajudam a entender por que \u00e9 preciso combater esse ataque<\/h3>\n<p>Para intensificar a luta contra a reforma da Previd\u00eancia do governo Bolsonaro, a CSP-Conlutas criou um site que ajuda os trabalhadores a compreenderem os ataques preparados contra o direito \u00e0 aposentadoria.<\/p>\n<p>No site h\u00e1 at\u00e9 uma calculadora que permite ao trabalhador descobrir quanto tempo ele ainda ter\u00e1 de contribuir para ter direito \u00e0 aposentadoria, caso a reforma seja aprovada. Para conhecer,\u00a0<a href=\"http:\/\/www.contrareformadaprevidencia.com.br\/\" target=\"_blank\">acesse aqui.<\/a><\/p>\n","protected":false},"excerpt":{"rendered":"<p>Informa\u00e7\u00f5es ajudam a entender por que \u00e9 preciso combater esse ataque Para intensificar a luta contra a reforma da Previd\u00eancia<\/p>\n","protected":false},"author":1,"featured_media":2267,"comment_status":"closed","ping_status":"open","sticky":false,"template":"","format":"standard","meta":{"colormag_page_container_layout":"default_layout","colormag_page_sidebar_layout":"default_layout","footnotes":""},"categories":[5],"tags":[353,18,299],"class_list":["post-2265","post","type-post","status-publish","format-standard","has-post-thumbnail","hentry","category-noticias","tag-bolsonaro","tag-destaque","tag-reforma-da-previdencia"],"_links":{"self":[{"href":"https:\/\/www.secpf.com.br\/site\/wp-json\/wp\/v2\/posts\/2265","targetHints":{"allow":["GET"]}}],"collection":[{"href":"https:\/\/www.secpf.com.br\/site\/wp-json\/wp\/v2\/posts"}],"about":[{"href":"https:\/\/www.secpf.com.br\/site\/wp-json\/wp\/v2\/types\/post"}],"author":[{"embeddable":true,"href":"https:\/\/www.secpf.com.br\/site\/wp-json\/wp\/v2\/users\/1"}],"replies":[{"embeddable":true,"href":"https:\/\/www.secpf.com.br\/site\/wp-json\/wp\/v2\/comments?post=2265"}],"version-history":[{"count":1,"href":"https:\/\/www.secpf.com.br\/site\/wp-json\/wp\/v2\/posts\/2265\/revisions"}],"predecessor-version":[{"id":2268,"href":"https:\/\/www.secpf.com.br\/site\/wp-json\/wp\/v2\/posts\/2265\/revisions\/2268"}],"wp:featuredmedia":[{"embeddable":true,"href":"https:\/\/www.secpf.com.br\/site\/wp-json\/wp\/v2\/media\/2267"}],"wp:attachment":[{"href":"https:\/\/www.secpf.com.br\/site\/wp-json\/wp\/v2\/media?parent=2265"}],"wp:term":[{"taxonomy":"category","embeddable":true,"href":"https:\/\/www.secpf.com.br\/site\/wp-json\/wp\/v2\/categories?post=2265"},{"taxonomy":"post_tag","embeddable":true,"href":"https:\/\/www.secpf.com.br\/site\/wp-json\/wp\/v2\/tags?post=2265"}],"curies":[{"name":"wp","href":"https:\/\/api.w.org\/{rel}","templated":true}]}}