{"id":2269,"date":"2019-04-16T00:25:23","date_gmt":"2019-04-16T03:25:23","guid":{"rendered":"http:\/\/www.secpf.com.br\/site\/?p=2269"},"modified":"2019-04-16T00:25:23","modified_gmt":"2019-04-16T03:25:23","slug":"a-reforma-da-previdencia-so-vai-agravar-a-crise-economica-entenda-por-que","status":"publish","type":"post","link":"https:\/\/www.secpf.com.br\/site\/a-reforma-da-previdencia-so-vai-agravar-a-crise-economica-entenda-por-que\/","title":{"rendered":"A reforma da Previd\u00eancia s\u00f3 vai agravar a crise econ\u00f4mica. Entenda por qu\u00ea"},"content":{"rendered":"<figure id=\"attachment_2271\" aria-describedby=\"caption-attachment-2271\" style=\"width: 639px\" class=\"wp-caption alignnone\"><a href=\"http:\/\/www.secpf.com.br\/site\/wp-content\/uploads\/2019\/04\/150419_reforma-previdencia-2.jpg\"><img fetchpriority=\"high\" decoding=\"async\" class=\"size-full wp-image-2271\" src=\"http:\/\/www.secpf.com.br\/site\/wp-content\/uploads\/2019\/04\/150419_reforma-previdencia-2.jpg\" alt=\"Modelo de Previd\u00eancia proposto por Bolsonaro foi aplicado no Chile e levou idosos \u00e0 mis\u00e9ria \/ Sindieletro\" width=\"639\" height=\"295\" srcset=\"https:\/\/www.secpf.com.br\/site\/wp-content\/uploads\/2019\/04\/150419_reforma-previdencia-2.jpg 639w, https:\/\/www.secpf.com.br\/site\/wp-content\/uploads\/2019\/04\/150419_reforma-previdencia-2-300x138.jpg 300w\" sizes=\"(max-width: 639px) 100vw, 639px\" \/><\/a><figcaption id=\"caption-attachment-2271\" class=\"wp-caption-text\">Modelo de Previd\u00eancia proposto por Bolsonaro foi aplicado no Chile e levou idosos \u00e0 mis\u00e9ria \/ Sindieletro<\/figcaption><\/figure>\n<p>Voc\u00ea nem precisa ser um ass\u00edduo acompanhador dos telejornais para j\u00e1 ter decorado o argumento de Bolsonaro e de toda a sua equipe neoliberal sobre a necessidade de fazer a reforma da previd\u00eancia.<\/p>\n<p>O argumento, basicamente, \u00e9 o seguinte: \u201cO gasto previdenci\u00e1rio tem crescido anualmente. Isso faz com que o governo tenha que cobrir o deficit com dinheiro p\u00fablico; como ele n\u00e3o tem esse dinheiro precisa aumentar a sua d\u00edvida p\u00fablica vendendo t\u00edtulos. Se a d\u00edvida p\u00fablica fica muito alta os agentes v\u00e3o come\u00e7ar a duvidar da capacidade do governo pagar e exigir\u00e3o taxas de juros mais altas para seguir comprando t\u00edtulos. Taxas de juros mais altas inibem o consumo e o investimento; se n\u00e3o tem investimento n\u00e3o tem emprego\u201d.<\/p>\n<p><strong>Crescimento de d\u00edvida p\u00fablica n\u00e3o tem nada a ver com aumento das taxas de juros<\/strong><\/p>\n<p>Ainda que, teoricamente seja um bom argumento, ele n\u00e3o faz absolutamente nenhum sentido concretamente.\u00a0<a href=\"https:\/\/jornalggn.com.br\/entenda\/precaria-correlacao-entre-taxa-de-juros-e-divida-publica\/\" target=\"_blank\">Em primeiro lugar n\u00e3o existe correla\u00e7\u00e3o entre o crescimento da d\u00edvida p\u00fablica e o aumento das taxas de juros. Por exemplo, as taxas de juros nos EUA passaram de 64% do PIB, em 2008, para 103% do PIB em 2015 e a taxa de juros ficou, absolutamente, a mesma, 0,25%<\/a>. Na zona do Euro a rela\u00e7\u00e3o \u00e9 ainda mais \u00a0contradit\u00f3ria. Em 2008 a d\u00edvida p\u00fablica na zona do euro era de 66% do PIB, passou para 92% em 2015 e a taxa de juros caiu! De 4,25% para 0,05%.<\/p>\n<p>Ora, no Brasil tamb\u00e9m n\u00e3o existe correla\u00e7\u00e3o entre aumento da d\u00edvida p\u00fablica e aumento da taxa de juros. A nossa d\u00edvida p\u00fablica era de 58% do PIB em 2008, passou para 64% em 2015 e nesse intervalo a taxa de juros chegou a 7,25%. Ou seja, a decis\u00e3o sobre as taxas de juros em uma economia s\u00e3o, fundamentalmente, pol\u00edticas, e n\u00e3o em decorr\u00eancias t\u00e9cnicas do comportamento de mercado.<\/p>\n<p><strong>Economia s\u00f3 piora com reforma de Bolsonaro<\/strong><\/p>\n<p>Al\u00e9m do argumento do Governo n\u00e3o fazer qualquer sentido pr\u00e1tico, a reforma da previd\u00eancia tende a agravar ainda mais a situa\u00e7\u00e3o j\u00e1 prec\u00e1ria da nossa economia. Como? Em economia, o gasto de um \u00e9 a receita do outro. No projeto da PEC 06 o governo diz que a esmagadora maioria do 1 trilh\u00e3o de reais que ele pretende economizar com a reforma vir\u00e1 do Regime Geral de Previd\u00eancia, onde 85% dos benefici\u00e1rios recebe entre 1 e 2 sal\u00e1rios m\u00ednimos! Se esse 1 trilh\u00e3o sair da base salarial da economia, \u00e9 menos moeda em circula\u00e7\u00e3o, ou seja, menos consumo, menos gasto e, portanto, menos demanda para as mercadorias e servi\u00e7os, acarretando menos investimento e \u2013 portanto \u2013 menos emprego.<\/p>\n<p><a href=\"https:\/\/www.brasildefato.com.br\/2019\/03\/28\/voce-sabia-que-a-previdencia-social-reduz-as-desigualdades-sociais-brasileiras\/\" target=\"_blank\">A economia de 69% dos munic\u00edpios brasileiros, que dependem principalmente dos benef\u00edcios previdenci\u00e1rios, tamb\u00e9m estar\u00e1 comprometida<\/a>. Menos benef\u00edcios e com valores reduzidos diminuem o consumo, e logo, agravam a recess\u00e3o.<\/p>\n<p><strong>Novas regras devem aumentar o desemprego<\/strong><\/p>\n<p>Por fim, com as novas regras, os jovens ter\u00e3o que buscar emprego mais cedo e os mais velhos ter\u00e3o que permanecer por mais tempo no mercado de trabalho. Se as vagas de emprego seguirem sendo as mesmas, isso quer dizer maior press\u00e3o sob a taxa de desempregados. Pelas leis da economia de mercado: maior oferta de m\u00e3o-de-obra, menor o pre\u00e7o a ser pago por ela. Assim, se mais gente procura emprego, os sal\u00e1rios caem, e se os sal\u00e1rios caem o consumo diminui, e se o consumo diminui o investimento \u00e9 contra\u00eddo e a gente retoma o c\u00edrculo vicioso da recess\u00e3o.<\/p>\n<p>Em s\u00edntese: a reforma da previd\u00eancia \u00e9 p\u00e9ssima para recupera\u00e7\u00e3o econ\u00f4mica, uma vez que pretende economizar retirando dinheiro da massa salarial e agravando ainda mais as possibilidades de gera\u00e7\u00e3o de novos postos de trabalho. E, claro, \u00e9 injusta, do ponto de vista social.<\/p>\n<p>&nbsp;<\/p>\n<p class=\"editor\"><em><span style=\"font-size: 10pt;\">Edi\u00e7\u00e3o: Daniela Stefano<\/span><\/em><br \/>\n<em><span style=\"font-size: 10pt;\">Fonte: <a href=\"https:\/\/www.brasildefato.com.br\/2019\/04\/11\/a-reforma-da-previdencia-so-vai-agravar-a-crise-economica-entenda-porque\/\" target=\"_blank\">Brasil de Fato<\/a><\/span><\/em><\/p>\n","protected":false},"excerpt":{"rendered":"<p>Voc\u00ea nem precisa ser um ass\u00edduo acompanhador dos telejornais para j\u00e1 ter decorado o argumento de Bolsonaro e de toda<\/p>\n","protected":false},"author":1,"featured_media":2271,"comment_status":"closed","ping_status":"open","sticky":false,"template":"","format":"standard","meta":{"colormag_page_container_layout":"default_layout","colormag_page_sidebar_layout":"default_layout","footnotes":""},"categories":[5],"tags":[353,18,299],"class_list":["post-2269","post","type-post","status-publish","format-standard","has-post-thumbnail","hentry","category-noticias","tag-bolsonaro","tag-destaque","tag-reforma-da-previdencia"],"_links":{"self":[{"href":"https:\/\/www.secpf.com.br\/site\/wp-json\/wp\/v2\/posts\/2269","targetHints":{"allow":["GET"]}}],"collection":[{"href":"https:\/\/www.secpf.com.br\/site\/wp-json\/wp\/v2\/posts"}],"about":[{"href":"https:\/\/www.secpf.com.br\/site\/wp-json\/wp\/v2\/types\/post"}],"author":[{"embeddable":true,"href":"https:\/\/www.secpf.com.br\/site\/wp-json\/wp\/v2\/users\/1"}],"replies":[{"embeddable":true,"href":"https:\/\/www.secpf.com.br\/site\/wp-json\/wp\/v2\/comments?post=2269"}],"version-history":[{"count":1,"href":"https:\/\/www.secpf.com.br\/site\/wp-json\/wp\/v2\/posts\/2269\/revisions"}],"predecessor-version":[{"id":2272,"href":"https:\/\/www.secpf.com.br\/site\/wp-json\/wp\/v2\/posts\/2269\/revisions\/2272"}],"wp:featuredmedia":[{"embeddable":true,"href":"https:\/\/www.secpf.com.br\/site\/wp-json\/wp\/v2\/media\/2271"}],"wp:attachment":[{"href":"https:\/\/www.secpf.com.br\/site\/wp-json\/wp\/v2\/media?parent=2269"}],"wp:term":[{"taxonomy":"category","embeddable":true,"href":"https:\/\/www.secpf.com.br\/site\/wp-json\/wp\/v2\/categories?post=2269"},{"taxonomy":"post_tag","embeddable":true,"href":"https:\/\/www.secpf.com.br\/site\/wp-json\/wp\/v2\/tags?post=2269"}],"curies":[{"name":"wp","href":"https:\/\/api.w.org\/{rel}","templated":true}]}}