{"id":2418,"date":"2019-05-31T11:19:06","date_gmt":"2019-05-31T14:19:06","guid":{"rendered":"http:\/\/www.secpf.com.br\/site\/?p=2418"},"modified":"2019-05-31T11:19:06","modified_gmt":"2019-05-31T14:19:06","slug":"maior-greve-geral-contra-macri-paralisa-argentina","status":"publish","type":"post","link":"https:\/\/www.secpf.com.br\/site\/maior-greve-geral-contra-macri-paralisa-argentina\/","title":{"rendered":"Maior greve geral contra Macri paralisa Argentina"},"content":{"rendered":"<figure id=\"attachment_2420\" aria-describedby=\"caption-attachment-2420\" style=\"width: 850px\" class=\"wp-caption alignnone\"><a href=\"http:\/\/www.secpf.com.br\/site\/wp-content\/uploads\/2019\/05\/310519-crise-argentina.jpg\"><img fetchpriority=\"high\" decoding=\"async\" class=\"size-full wp-image-2420\" src=\"http:\/\/www.secpf.com.br\/site\/wp-content\/uploads\/2019\/05\/310519-crise-argentina.jpg\" alt=\"Avenida 9 de Julho, em Buenos Aires, sem transporte p\u00fablico devido \u00e0 greve GUSTAVO GARELLO (AP)\" width=\"850\" height=\"520\" srcset=\"https:\/\/www.secpf.com.br\/site\/wp-content\/uploads\/2019\/05\/310519-crise-argentina.jpg 850w, https:\/\/www.secpf.com.br\/site\/wp-content\/uploads\/2019\/05\/310519-crise-argentina-300x184.jpg 300w\" sizes=\"(max-width: 850px) 100vw, 850px\" \/><\/a><figcaption id=\"caption-attachment-2420\" class=\"wp-caption-text\">Avenida 9 de Julho, em Buenos Aires, sem transporte p\u00fablico devido \u00e0 greve GUSTAVO GARELLO (AP)<\/figcaption><\/figure>\n<h2 class=\"articulo-subtitulo\">Quinta paralisa\u00e7\u00e3o desde 2015 fortalece o cerco da oposi\u00e7\u00e3o contra o presidente no in\u00edcio da campanha<\/h2>\n<div class=\"articulo__apertura\">\n<div class=\"articulo-apertura \">\n<div id=\"articulo-introduccion\" class=\"articulo-introduccion\">\n<p>A\u00a0<strong>Argentina<\/strong>\u00a0ficou paralisada nesta quarta-feira. N\u00e3o circularam \u00f4nibus, trens, avi\u00f5es ou barcos. Em Buenos Aires, onde vivem 15 milh\u00f5es de pessoas, o metr\u00f4 tamb\u00e9m n\u00e3o funcionou. Escolas, lojas e bancos n\u00e3o abriram e os hospitais atenderam apenas emerg\u00eancias. A quinta greve geral contra\u00a0Mauricio Macri\u00a0reuniu todo o sindicalismo e os\u00a0movimentos sociais\u00a0contra a pol\u00edtica econ\u00f4mica oficial. O presidente n\u00e3o sofre apenas a press\u00e3o das ruas. A queda de sua popularidade desencadeou reclama\u00e7\u00f5es internas na frente Cambiemos, a alian\u00e7a de Governo, de grupos que n\u00e3o acreditam que Macri seja a melhor op\u00e7\u00e3o para disputar as elei\u00e7\u00f5es gerais de outubro.<\/p>\n<\/div>\n<\/div>\n<\/div>\n<div id=\"articulo_contenedor\" class=\"articulo__contenedor\">\n<div id=\"cuerpo_noticia\" class=\"articulo-cuerpo\">\n<p>\u201cEstamos fartos das greves\u201d, disse a ministra da Seguran\u00e7a, Patricia Bullrich, preocupada com que os grupos de esquerda que se juntaram \u00e0 convoca\u00e7\u00e3o dos sindicatos bloqueassem os acessos \u00e0 capital. \u201cIsso \u00e9 como uma esp\u00e9cie de rotina. Impedem as pessoas de viajar. \u00c9 uma situa\u00e7\u00e3o contra a liberdade e o trabalho\u201d, acrescentou. Bullrich foi a \u00fanica voz oficial contra o protesto. Macri participou de uma cerim\u00f4nia do dia do\u00a0Ex\u00e9rcito\u00a0sem sequer mencion\u00e1-lo. E no Minist\u00e9rio da Fazenda s\u00f3 disseram que a greve custou \u00e0 Argentina cerca de 900 milh\u00f5es de d\u00f3lares (aproximadamente 3,57 bilh\u00f5es de reais). Enquanto isso, as grandes cidades estiveram desertas.<\/p>\n<p>A singularidade da greve foi a uni\u00e3o sindical, algo pouco comum na Argentina. \u201c\u00c9 a greve mais forte e de maior contund\u00eancia da era Macri, pois foi convocada por todas as centrais de trabalhadores e foi apoiada por todas as organiza\u00e7\u00f5es empresariais, as pequenas e m\u00e9dias empresas, al\u00e9m de todos os movimentos sociais no pa\u00eds\u201d, disse Hugo Yaski, secret\u00e1rio-geral da CTA, uma central de perfil combativo que n\u00e3o pertence \u00e0 CGT, a grande confedera\u00e7\u00e3o de sindicatos peronistas.<\/p>\n<p>A volta de\u00a0Hugo Moyano, l\u00edder do poderoso sindicato dos caminhoneiros, fortaleceu ainda mais o golpe. Moyano \u00e9 um l\u00edder a ser levado em conta. Apoiou o\u00a0kirchnerismo, depois fez campanha para Macri e agora voltou ao kirchnerismo. Seu poder de mobiliza\u00e7\u00e3o \u00e9 enorme: n\u00e3o houve distribui\u00e7\u00e3o de alimentos, faltou combust\u00edvel e dinheiro nos caixas eletr\u00f4nicos e n\u00e3o houve coleta de lixo.<\/p>\n<p>Com a greve, o sindicalismo argentino entrou na campanha eleitoral pela porta principal. Macri havia conseguido manter a CGT sob controle com acordos salariais\u00a0alinhados com a infla\u00e7\u00e3o, mas a deteriora\u00e7\u00e3o da situa\u00e7\u00e3o econ\u00f4mica em 2018 tirou-lhe poder nas negocia\u00e7\u00f5es. A press\u00e3o dos sindicatos mais duros, especialmente aqueles alinhados com a ex-presidente\u00a0Cristina Fern\u00e1ndez de Kirchner, acabou inclinando a balan\u00e7a em favor do protesto. A frente sindical n\u00e3o \u00e9, no entanto, a \u00fanica frente que Macri tem de enfrentar.<\/p>\n<section id=\"sumario_1|foto\" class=\"sumario_foto centro\">\n<div class=\"sumario__interior\">\n<figure class=\"foto foto_w980\"><img decoding=\"async\" src=\"https:\/\/ep01.epimg.net\/internacional\/imagenes\/2019\/05\/29\/argentina\/1559153842_024679_1559156465_sumario_normal.jpg\" srcset=\"\/\/ep01.epimg.net\/internacional\/imagenes\/2019\/05\/29\/argentina\/1559153842_024679_1559156465_sumario_normal_recorte1.jpg 1960w, \/\/ep01.epimg.net\/internacional\/imagenes\/2019\/05\/29\/argentina\/1559153842_024679_1559156465_sumario_normal_recorte2.jpg 720w, \/\/ep01.epimg.net\/internacional\/imagenes\/2019\/05\/29\/argentina\/1559153842_024679_1559156465_sumario_normal.jpg 980w\" alt=\"Paro nacional Argentina\" width=\"980\" height=\"597\" \/><figcaption class=\"foto-pie\"><span class=\"foto-texto\">Protesto contra o Governo de Mauricio Macri no centro de Buenos Aires<\/span>\u00a0<span class=\"foto-firma\"><span class=\"foto-agencia\">EFE<\/span><\/span><\/figcaption><\/figure>\n<\/div>\n<\/section>\n<p>A Cambiemos, a alian\u00e7a situacionista, range. A Uni\u00e3o C\u00edvica Radical (UCR) partido dos ex-presidentes Ra\u00fal Alfons\u00edn (1983-1989) e Fernando de la R\u00faa (1999-2001), exigiu que Macri submetesse sua candidatura \u00e0s elei\u00e7\u00f5es prim\u00e1rias que acontecer\u00e3o em agosto. Seus l\u00edderes consideraram que a queda da popularidade do presidente \u00e9 um fardo que coloca em risco sua reelei\u00e7\u00e3o. Em um documento assinado durante uma conven\u00e7\u00e3o do partido realizada na segunda-feira, a UCR tamb\u00e9m advertiu que tentar\u00e1 abrir a Cambiemos a outras for\u00e7as pol\u00edticas. A presa a capturar \u00e9 o\u00a0peronismo\u00a0federal \u201cn\u00e3o kirchnerista\u201d. Seus l\u00edderes, entre os quais est\u00e3o governadores com peso no interior do pa\u00eds, est\u00e3o agora empenhados em uma discuss\u00e3o sobre o melhor nome para enfrentar Alberto Fern\u00e1ndez, o homem que Cristina Fern\u00e1ndez de Kirchner acompanhar\u00e1 como candidata a vice-presidenta.<\/p>\n<p>As pesquisas d\u00e3o \u00e0\u00a0chapa Fern\u00e1ndez-Fern\u00e1ndez\u00a0uma confort\u00e1vel vit\u00f3ria no primeiro turno, previsto para 27 de outubro, mas insuficiente para vencer sem precisar de um segundo turno em novembro. Em rela\u00e7\u00e3o ao segundo turno, as contas est\u00e3o mais apertadas, com uma ligeira vantagem para Macri. O apoio do peronismo n\u00e3o kirchnerista ser\u00e1 decisivo para a vit\u00f3ria da situa\u00e7\u00e3o no segundo turno. N\u00e3o \u00e9 absurdo pensar que Macri consiga esse apoio. O l\u00edder do peronismo federal, o rec\u00e9m-reeleito governador de C\u00f3rdoba, Juan Schiaretti, se considera amigo pessoal do presidente, enquanto seu colega de Salta, Juan Urtubey, mant\u00e9m excelentes rela\u00e7\u00f5es com a Casa Rosada. A pe\u00e7a solta chama-se\u00a0Sergio Massa, ex-chefe de Gabinete de Cristina Kirchner, que ainda n\u00e3o decidiu se vai jogar dentro do peronismo federal ou negociar algum tipo de alian\u00e7a com sua ex-chefe pol\u00edtica.<\/p>\n<h3><strong>Na expectativa<\/strong><\/h3>\n<p>Mauricio Macri, enquanto isso, espera. Enquanto seus porta-vozes alertam que a candidatura \u00e0 reelei\u00e7\u00e3o n\u00e3o est\u00e1 em discuss\u00e3o, o presidente acredita em uma recupera\u00e7\u00e3o econ\u00f4mica que lhe d\u00ea um pouco de oxig\u00eanio.\u00a0Os n\u00fameros lhe deram, ao menos, um respiro. H\u00e1 um m\u00eas o peso est\u00e1 est\u00e1vel em rela\u00e7\u00e3o ao d\u00f3lar, depois de ter perdido quase metade do seu valor em 2018.<\/p>\n<p>Quando o peso n\u00e3o desmorona, a infla\u00e7\u00e3o, o grande mal dos argentinos, pelo menos desacelera. O IPC subiu 4,7% em mar\u00e7o e 3,4% em abril, uma curva descendente que, se persistir, permitir\u00e1 \u00e0 Argentina fechar 2019 com uma taxa de infla\u00e7\u00e3o de cerca de 40%. Ser\u00e1 fundamental que os n\u00fameros acompanhem Macri: a popularidade do presidente cai quando a infla\u00e7\u00e3o sobe e vice-versa. Com pouco a oferecer em quest\u00f5es econ\u00f4micas, a outra parte da campanha situacionista tem sido at\u00e9 agora mais tradicional, com cortes de faixa em grandes obras de infraestrutura e ataques diretos ao kirchnerismo, o grande inimigo a vencer em outubro.<\/p>\n<section id=\"sumario_2|despiece\" class=\"sumario_despiece centro\">\n<div class=\"sumario__interior\">\n<header class=\"sumario-encabezado\">\n<h4 class=\"sumario-titulo\"><span class=\"sin_enlace\">BUENOS AIRES, A M\u00c3E DE TODAS AS BATALHAS<\/span><\/h4>\n<\/header>\n<div class=\"sumario-texto\">\n<p>Uma m\u00e1xima pol\u00edtica na Argentina diz que a vit\u00f3ria em qualquer elei\u00e7\u00e3o presidencial \u00e9 disputada na prov\u00edncia de Buenos Aires. \u00c9 uma quest\u00e3o de n\u00fameros: Buenos Aires concentra 40% da popula\u00e7\u00e3o do pa\u00eds e um bom candidato a governador pode arrastar milh\u00f5es de votos para a chapa nacional. Mauricio Macri tem Maria Eugenia Vidal \u00e0 frente da prov\u00edncia, a dirigente com melhor imagem no situacionismo. Vidal disputar\u00e1 a reelei\u00e7\u00e3o, depois de seu nome ter sido cogitado inclusive como poss\u00edvel candidata \u00e0 presid\u00eancia. A imagem de Macri \u00e9 muito ruim e muito boa \u00e9 a dessa mulher jovem que come\u00e7ou na pol\u00edtica como vice-prefeita da capital.<\/p>\n<p>Embora as op\u00e7\u00f5es da oposi\u00e7\u00e3o n\u00e3o fossem t\u00e3o claras, Cristina Fern\u00e1ndez de Kirchner j\u00e1 escolheu seu candidato. Na ter\u00e7a-feira, a ex-presidenta anunciou que seu homem em Buenos Aires ser\u00e1 seu \u00faltimo ministro da economia, Axel Kicillof. Ele ser\u00e1 acompanhado por uma mulher, Ver\u00f3nica Magario, dirigente do partido em La Matanza, basti\u00e3o hist\u00f3rico do peronismo onde mais de um milh\u00e3o de pessoas votam. Kicillof \u00e9 uma aposta eleitoral arriscada porque foi respons\u00e1vel pela crise do final do mandato kirchnerista. Seu nome est\u00e1 associado ao\u00a0<i>cepo cambiario<\/i>, como eram chamadas as restri\u00e7\u00f5es \u00e0 compra e venda de d\u00f3lares com que o Governo anterior tentou controlar a fuga de divisas. As pesquisas, no entanto, lhe sorriem. Seus eleitores em potencial se lembram de tempos melhores do que os atuais e o fazem saber aos pesquisadores.<\/p>\n<p>Em Buenos Aires n\u00e3o h\u00e1 segundo turno e o vencedor ser\u00e1 conhecido no dia 27 de outubro. Se Vidal vencer, Macri poder\u00e1 dizer que tem a reelei\u00e7\u00e3o no segundo turno quase garantida. Se Kicillof vencer, o kirchnerismo ter\u00e1 raz\u00f5es suficientes para comemorar.<\/p>\n<\/div>\n<\/div>\n<\/section>\n<\/div>\n<\/div>\n<div class=\"articulo-trust__inner\"><\/div>\n<div class=\"articulo-trust__inner\"><span style=\"font-size: 10pt;\"><em>Fonte: <a href=\"https:\/\/brasil.elpais.com\/brasil\/2019\/05\/29\/internacional\/1559153842_024679.html\" target=\"_blank\">Jornal ElPais<\/a><\/em><\/span><\/div>\n","protected":false},"excerpt":{"rendered":"<p>Quinta paralisa\u00e7\u00e3o desde 2015 fortalece o cerco da oposi\u00e7\u00e3o contra o presidente no in\u00edcio da campanha A\u00a0Argentina\u00a0ficou paralisada nesta quarta-feira.<\/p>\n","protected":false},"author":1,"featured_media":2420,"comment_status":"closed","ping_status":"open","sticky":false,"template":"","format":"standard","meta":{"colormag_page_container_layout":"default_layout","colormag_page_sidebar_layout":"default_layout","footnotes":""},"categories":[5],"tags":[],"class_list":["post-2418","post","type-post","status-publish","format-standard","has-post-thumbnail","hentry","category-noticias"],"_links":{"self":[{"href":"https:\/\/www.secpf.com.br\/site\/wp-json\/wp\/v2\/posts\/2418","targetHints":{"allow":["GET"]}}],"collection":[{"href":"https:\/\/www.secpf.com.br\/site\/wp-json\/wp\/v2\/posts"}],"about":[{"href":"https:\/\/www.secpf.com.br\/site\/wp-json\/wp\/v2\/types\/post"}],"author":[{"embeddable":true,"href":"https:\/\/www.secpf.com.br\/site\/wp-json\/wp\/v2\/users\/1"}],"replies":[{"embeddable":true,"href":"https:\/\/www.secpf.com.br\/site\/wp-json\/wp\/v2\/comments?post=2418"}],"version-history":[{"count":1,"href":"https:\/\/www.secpf.com.br\/site\/wp-json\/wp\/v2\/posts\/2418\/revisions"}],"predecessor-version":[{"id":2421,"href":"https:\/\/www.secpf.com.br\/site\/wp-json\/wp\/v2\/posts\/2418\/revisions\/2421"}],"wp:featuredmedia":[{"embeddable":true,"href":"https:\/\/www.secpf.com.br\/site\/wp-json\/wp\/v2\/media\/2420"}],"wp:attachment":[{"href":"https:\/\/www.secpf.com.br\/site\/wp-json\/wp\/v2\/media?parent=2418"}],"wp:term":[{"taxonomy":"category","embeddable":true,"href":"https:\/\/www.secpf.com.br\/site\/wp-json\/wp\/v2\/categories?post=2418"},{"taxonomy":"post_tag","embeddable":true,"href":"https:\/\/www.secpf.com.br\/site\/wp-json\/wp\/v2\/tags?post=2418"}],"curies":[{"name":"wp","href":"https:\/\/api.w.org\/{rel}","templated":true}]}}