{"id":2456,"date":"2019-06-20T23:59:17","date_gmt":"2019-06-21T02:59:17","guid":{"rendered":"http:\/\/www.secpf.com.br\/site\/?p=2456"},"modified":"2019-07-30T00:12:30","modified_gmt":"2019-07-30T03:12:30","slug":"vamos-todos-para-a-assembleia-geral","status":"publish","type":"post","link":"https:\/\/www.secpf.com.br\/site\/vamos-todos-para-a-assembleia-geral\/","title":{"rendered":"VAMOS TODOS PARA A ASSEMBLEIA GERAL"},"content":{"rendered":"<p><strong>Dia 27 de junho de 2019, no Requinte Restaurante, em Passo Fundo, \u00e0s 19 horas.<\/strong><\/p>\n<p><strong>Contra toda forma de precariza\u00e7\u00e3o!<\/strong><br \/>\n<strong>Nenhum direito a menos!<\/strong><\/p>\n<p><a href=\"http:\/\/www.secpf.com.br\/site\/wp-content\/uploads\/2019\/06\/190619-flyer-sindicato-comerciarios-02.jpg\"><img fetchpriority=\"high\" decoding=\"async\" class=\"alignnone size-large wp-image-2458\" src=\"http:\/\/www.secpf.com.br\/site\/wp-content\/uploads\/2019\/06\/190619-flyer-sindicato-comerciarios-02-761x1024.jpg\" alt=\"190619-flyer-sindicato-comerciarios-02\" width=\"761\" height=\"1024\" srcset=\"https:\/\/www.secpf.com.br\/site\/wp-content\/uploads\/2019\/06\/190619-flyer-sindicato-comerciarios-02-761x1024.jpg 761w, https:\/\/www.secpf.com.br\/site\/wp-content\/uploads\/2019\/06\/190619-flyer-sindicato-comerciarios-02-223x300.jpg 223w, https:\/\/www.secpf.com.br\/site\/wp-content\/uploads\/2019\/06\/190619-flyer-sindicato-comerciarios-02.jpg 900w\" sizes=\"(max-width: 761px) 100vw, 761px\" \/><\/a><\/p>\n","protected":false},"excerpt":{"rendered":"<p>Dia 27 de junho de 2019, no Requinte Restaurante, em Passo Fundo, \u00e0s 19 horas. Contra toda forma de precariza\u00e7\u00e3o!<\/p>\n","protected":false},"author":1,"featured_media":2459,"comment_status":"closed","ping_status":"open","sticky":false,"template":"","format":"standard","meta":{"colormag_page_container_layout":"default_layout","colormag_page_sidebar_layout":"default_layout","footnotes":""},"categories":[5],"tags":[290],"class_list":["post-2456","post","type-post","status-publish","format-standard","has-post-thumbnail","hentry","category-noticias","tag-assembleia"],"_links":{"self":[{"href":"https:\/\/www.secpf.com.br\/site\/wp-json\/wp\/v2\/posts\/2456","targetHints":{"allow":["GET"]}}],"collection":[{"href":"https:\/\/www.secpf.com.br\/site\/wp-json\/wp\/v2\/posts"}],"about":[{"href":"https:\/\/www.secpf.com.br\/site\/wp-json\/wp\/v2\/types\/post"}],"author":[{"embeddable":true,"href":"https:\/\/www.secpf.com.br\/site\/wp-json\/wp\/v2\/users\/1"}],"replies":[{"embeddable":true,"href":"https:\/\/www.secpf.com.br\/site\/wp-json\/wp\/v2\/comments?post=2456"}],"version-history":[{"count":1,"href":"https:\/\/www.secpf.com.br\/site\/wp-json\/wp\/v2\/posts\/2456\/revisions"}],"predecessor-version":[{"id":2460,"href":"https:\/\/www.secpf.com.br\/site\/wp-json\/wp\/v2\/posts\/2456\/revisions\/2460"}],"wp:featuredmedia":[{"embeddable":true,"href":"https:\/\/www.secpf.com.br\/site\/wp-json\/wp\/v2\/media\/2459"}],"wp:attachment":[{"href":"https:\/\/www.secpf.com.br\/site\/wp-json\/wp\/v2\/media?parent=2456"}],"wp:term":[{"taxonomy":"category","embeddable":true,"href":"https:\/\/www.secpf.com.br\/site\/wp-json\/wp\/v2\/categories?post=2456"},{"taxonomy":"post_tag","embeddable":true,"href":"https:\/\/www.secpf.com.br\/site\/wp-json\/wp\/v2\/tags?post=2456"}],"curies":[{"name":"wp","href":"https:\/\/api.w.org\/{rel}","templated":true}]}}