{"id":2497,"date":"2019-07-11T17:14:17","date_gmt":"2019-07-11T20:14:17","guid":{"rendered":"http:\/\/www.secpf.com.br\/site\/?p=2497"},"modified":"2019-07-30T00:12:02","modified_gmt":"2019-07-30T03:12:02","slug":"todos-para-a-assembleia-geral","status":"publish","type":"post","link":"https:\/\/www.secpf.com.br\/site\/todos-para-a-assembleia-geral\/","title":{"rendered":"TODOS PARA A ASSEMBLEIA GERAL"},"content":{"rendered":"<p>Estamos na metade do ano e a patronal varejista ainda n\u00e3o apresentou uma proposta. Depois da Reforma Trabalhista (que retirou direitos), os empres\u00e1rios acham que voltou a escravid\u00e3o. N\u00c1O QUEREM RENOVAR A CONVEN\u00c7\u00c3O COLETIVA, porque nela est\u00e1 garantido, por exemplo, pagamento de domingos, contrato de experi\u00eancia de 60 dias (e n\u00e3o de 90 dias), o fechamento das lojas (dia 24 de dezembro) e v\u00e1rias outras garantias. Os &#8220;empres\u00e1rios&#8221; querem aplicar na integra a Reforma Trabalhista. Somente com a Conven\u00e7\u00e3o poderemos garantir nossos direitos.<\/p>\n<p><strong>Queremos<\/strong>:<\/p>\n<ul>\n<li>\u00a0Rescis\u00f5es homologadas no sindicato;<\/li>\n<li>\u00a0\u00cdndice acima da infla\u00e7\u00e3o de 4,61%;<\/li>\n<li>\u00a0Conven\u00e7\u00e3o 2018-2019 renovada na \u00edntegra;<\/li>\n<\/ul>\n<p>Nossas reivindica\u00e7\u00f5es n\u00e3o s\u00e3o sacrif\u00edcio para patronal. As rescis\u00f5es homologadas no sindicato n\u00e3o tem custo para o empres\u00e1rio. \u00c9 agendar, conferir e pronto, n\u00e3o d\u00f3i.<\/p>\n<p>&nbsp;<\/p>\n<p><a href=\"http:\/\/www.secpf.com.br\/site\/wp-content\/uploads\/2019\/07\/100719-palavra-comerciaria-1.png\"><img fetchpriority=\"high\" decoding=\"async\" class=\"alignnone size-large wp-image-2508\" src=\"http:\/\/www.secpf.com.br\/site\/wp-content\/uploads\/2019\/07\/100719-palavra-comerciaria-1-759x1024.png\" alt=\"100719-palavra-comerciaria-1\" width=\"759\" height=\"1024\" srcset=\"https:\/\/www.secpf.com.br\/site\/wp-content\/uploads\/2019\/07\/100719-palavra-comerciaria-1-759x1024.png 759w, https:\/\/www.secpf.com.br\/site\/wp-content\/uploads\/2019\/07\/100719-palavra-comerciaria-1-222x300.png 222w, https:\/\/www.secpf.com.br\/site\/wp-content\/uploads\/2019\/07\/100719-palavra-comerciaria-1.png 780w\" sizes=\"(max-width: 759px) 100vw, 759px\" \/><\/a><\/p>\n<p><a href=\"http:\/\/www.secpf.com.br\/site\/wp-content\/uploads\/2019\/07\/100719-palavra-comerciaria-2.png\"><img decoding=\"async\" class=\"alignnone size-large wp-image-2509\" src=\"http:\/\/www.secpf.com.br\/site\/wp-content\/uploads\/2019\/07\/100719-palavra-comerciaria-2-759x1024.png\" alt=\"100719-palavra-comerciaria-2\" width=\"759\" height=\"1024\" srcset=\"https:\/\/www.secpf.com.br\/site\/wp-content\/uploads\/2019\/07\/100719-palavra-comerciaria-2-759x1024.png 759w, https:\/\/www.secpf.com.br\/site\/wp-content\/uploads\/2019\/07\/100719-palavra-comerciaria-2-222x300.png 222w, https:\/\/www.secpf.com.br\/site\/wp-content\/uploads\/2019\/07\/100719-palavra-comerciaria-2.png 780w\" sizes=\"(max-width: 759px) 100vw, 759px\" \/><\/a><\/p>\n<p><span style=\"font-size: 14pt;\"><strong><a href=\"http:\/\/www.secpf.com.br\/site\/wp-content\/uploads\/2019\/07\/100719-palavra-comerciaria.pdf\" target=\"_blank\">Clique aqui e leia o informativo Palavra Comerci\u00e1ria em PDF<\/a><\/strong><\/span><br \/>\n_<\/p>\n","protected":false},"excerpt":{"rendered":"<p>Estamos na metade do ano e a patronal varejista ainda n\u00e3o apresentou uma proposta. Depois da Reforma Trabalhista (que retirou<\/p>\n","protected":false},"author":1,"featured_media":2499,"comment_status":"closed","ping_status":"open","sticky":false,"template":"","format":"standard","meta":{"colormag_page_container_layout":"default_layout","colormag_page_sidebar_layout":"default_layout","footnotes":""},"categories":[5],"tags":[290],"class_list":["post-2497","post","type-post","status-publish","format-standard","has-post-thumbnail","hentry","category-noticias","tag-assembleia"],"_links":{"self":[{"href":"https:\/\/www.secpf.com.br\/site\/wp-json\/wp\/v2\/posts\/2497","targetHints":{"allow":["GET"]}}],"collection":[{"href":"https:\/\/www.secpf.com.br\/site\/wp-json\/wp\/v2\/posts"}],"about":[{"href":"https:\/\/www.secpf.com.br\/site\/wp-json\/wp\/v2\/types\/post"}],"author":[{"embeddable":true,"href":"https:\/\/www.secpf.com.br\/site\/wp-json\/wp\/v2\/users\/1"}],"replies":[{"embeddable":true,"href":"https:\/\/www.secpf.com.br\/site\/wp-json\/wp\/v2\/comments?post=2497"}],"version-history":[{"count":4,"href":"https:\/\/www.secpf.com.br\/site\/wp-json\/wp\/v2\/posts\/2497\/revisions"}],"predecessor-version":[{"id":2544,"href":"https:\/\/www.secpf.com.br\/site\/wp-json\/wp\/v2\/posts\/2497\/revisions\/2544"}],"wp:featuredmedia":[{"embeddable":true,"href":"https:\/\/www.secpf.com.br\/site\/wp-json\/wp\/v2\/media\/2499"}],"wp:attachment":[{"href":"https:\/\/www.secpf.com.br\/site\/wp-json\/wp\/v2\/media?parent=2497"}],"wp:term":[{"taxonomy":"category","embeddable":true,"href":"https:\/\/www.secpf.com.br\/site\/wp-json\/wp\/v2\/categories?post=2497"},{"taxonomy":"post_tag","embeddable":true,"href":"https:\/\/www.secpf.com.br\/site\/wp-json\/wp\/v2\/tags?post=2497"}],"curies":[{"name":"wp","href":"https:\/\/api.w.org\/{rel}","templated":true}]}}