{"id":2599,"date":"2019-08-14T12:23:53","date_gmt":"2019-08-14T15:23:53","guid":{"rendered":"http:\/\/www.secpf.com.br\/site\/?p=2599"},"modified":"2019-08-14T12:23:53","modified_gmt":"2019-08-14T15:23:53","slug":"entenda-o-impacto-da-mp-881-na-vida-do-trabalhador-ep-01","status":"publish","type":"post","link":"https:\/\/www.secpf.com.br\/site\/entenda-o-impacto-da-mp-881-na-vida-do-trabalhador-ep-01\/","title":{"rendered":"Entenda o impacto da MP 881 na vida do trabalhador &#8211; Ep. 01"},"content":{"rendered":"<p><iframe src=\"https:\/\/www.youtube.com\/embed\/1M12UTcPmjU\" width=\"560\" height=\"315\" frameborder=\"0\" allowfullscreen=\"allowfullscreen\"><\/iframe><\/p>\n<p>A partir desta ter\u00e7a-feira (13), a AJD divulga uma s\u00e9rie de v\u00eddeos em que ju\u00edzas e ju\u00edzes que integram a entidade v\u00e3o explicar o impacto da Medida Provis\u00f3ria 881, apelidada de MP da Liberdade Econ\u00f4mica, nos direitos dos trabalhadores brasileiros.<\/p>\n<p>Transformada em projeto de lei de convers\u00e3o, por ter recebido uma s\u00e9rie de novos artigos, a proposta pode ser votada a qualquer momen<span class=\"text_exposed_show\">to na C\u00e2mara dos Deputados, seguindo depois para o Senado.<\/span><\/p>\n<div class=\"text_exposed_show\">\n<p>Pressione os seus deputados e senadores a votar contra este projeto.<br \/>\nAssista ao v\u00eddeo e compartilhe com sua rede de amigos e amigas!<\/p>\n<p>Fonte: <a href=\"https:\/\/www.ajd.org.br\/71-videos\/2464-entenda-o-impacto-da-mp-881-na-vida-do-trabalhador-episodio-01\" target=\"_blank\">Ju\u00edzes para a Democracia<\/a><\/p>\n<\/div>\n","protected":false},"excerpt":{"rendered":"<p>A partir desta ter\u00e7a-feira (13), a AJD divulga uma s\u00e9rie de v\u00eddeos em que ju\u00edzas e ju\u00edzes que integram a<\/p>\n","protected":false},"author":1,"featured_media":2601,"comment_status":"open","ping_status":"open","sticky":false,"template":"","format":"video","meta":{"colormag_page_container_layout":"default_layout","colormag_page_sidebar_layout":"default_layout","footnotes":""},"categories":[26],"tags":[],"class_list":["post-2599","post","type-post","status-publish","format-video","has-post-thumbnail","hentry","category-videos","post_format-post-format-video"],"_links":{"self":[{"href":"https:\/\/www.secpf.com.br\/site\/wp-json\/wp\/v2\/posts\/2599","targetHints":{"allow":["GET"]}}],"collection":[{"href":"https:\/\/www.secpf.com.br\/site\/wp-json\/wp\/v2\/posts"}],"about":[{"href":"https:\/\/www.secpf.com.br\/site\/wp-json\/wp\/v2\/types\/post"}],"author":[{"embeddable":true,"href":"https:\/\/www.secpf.com.br\/site\/wp-json\/wp\/v2\/users\/1"}],"replies":[{"embeddable":true,"href":"https:\/\/www.secpf.com.br\/site\/wp-json\/wp\/v2\/comments?post=2599"}],"version-history":[{"count":1,"href":"https:\/\/www.secpf.com.br\/site\/wp-json\/wp\/v2\/posts\/2599\/revisions"}],"predecessor-version":[{"id":2602,"href":"https:\/\/www.secpf.com.br\/site\/wp-json\/wp\/v2\/posts\/2599\/revisions\/2602"}],"wp:featuredmedia":[{"embeddable":true,"href":"https:\/\/www.secpf.com.br\/site\/wp-json\/wp\/v2\/media\/2601"}],"wp:attachment":[{"href":"https:\/\/www.secpf.com.br\/site\/wp-json\/wp\/v2\/media?parent=2599"}],"wp:term":[{"taxonomy":"category","embeddable":true,"href":"https:\/\/www.secpf.com.br\/site\/wp-json\/wp\/v2\/categories?post=2599"},{"taxonomy":"post_tag","embeddable":true,"href":"https:\/\/www.secpf.com.br\/site\/wp-json\/wp\/v2\/tags?post=2599"}],"curies":[{"name":"wp","href":"https:\/\/api.w.org\/{rel}","templated":true}]}}