{"id":2714,"date":"2019-11-01T23:22:08","date_gmt":"2019-11-02T02:22:08","guid":{"rendered":"http:\/\/www.secpf.com.br\/site\/?p=2714"},"modified":"2019-11-03T23:23:56","modified_gmt":"2019-11-04T02:23:56","slug":"polarizacao-no-mundo-ataques-do-capitalismo-em-crise-levam-os-povos-as-ruas-em-diversos-paises","status":"publish","type":"post","link":"https:\/\/www.secpf.com.br\/site\/polarizacao-no-mundo-ataques-do-capitalismo-em-crise-levam-os-povos-as-ruas-em-diversos-paises\/","title":{"rendered":"Polariza\u00e7\u00e3o no mundo: ataques do capitalismo em crise levam os povos \u00e0s ruas em diversos pa\u00edses"},"content":{"rendered":"<p>Educa\u00e7\u00e3o e sa\u00fade p\u00fablicas destru\u00eddas, aposentadorias e pens\u00f5es insuficientes para a sobreviv\u00eancia dos idosos, desregulamenta\u00e7\u00e3o do trabalho e redu\u00e7\u00e3o de direitos trabalhistas, desemprego, privatiza\u00e7\u00f5es que acabam com os servi\u00e7os p\u00fablicos, total deteriora\u00e7\u00e3o das condi\u00e7\u00f5es de vida da popula\u00e7\u00e3o. Essas s\u00e3o facetas comuns da pol\u00edtica neoliberal.<\/p>\n<p>De repente, um pequeno aumento no pre\u00e7o do g\u00e1s, na tarifa dos transportes ou mesmo a cobran\u00e7a de impostos para uso da internet provocam explos\u00f5es de lutas.<\/p>\n<p>A popula\u00e7\u00e3o vai \u00e0s ruas indignada. Estamos assistindo tais rea\u00e7\u00f5es no Equador, Bol\u00edvia, Honduras, Chile, Haiti, Hong Kong, Espanha, L\u00edbano, Iraque.<\/p>\n<p>O que se v\u00ea nas ruas \u00e9 garra, determina\u00e7\u00e3o, coragem, e solidariedade de povos que d\u00e3o um basta ao neoliberalismo, \u00e0 explora\u00e7\u00e3o, \u00e0 opress\u00e3o ou ao autoritarismo.<\/p>\n<p>\u201cNos tiraram tanto, que nos tiraram at\u00e9 o medo\u201d. Essa frase \u00e9 encontrada em diversos cartazes dos que lutam no Chile.<\/p>\n<p>\u201cO pano de fundo dessas rebeli\u00f5es que percorrem o mundo \u00e9 que com o acirramento da crise econ\u00f4mica os governos aplicam cada vez mais planos de austeridade e aumentam opress\u00e3o e est\u00e3o tendo uma formid\u00e1vel resposta das massas que lutam, pois n\u00e3o querem se submeter a tanta humilha\u00e7\u00e3o\u201d, comenta o dirigente da Secretaria Executiva Nacional da CSP-Conlutas Luiz Carlos Prates, o Mancha.<\/p>\n<p><strong>Chile<\/strong><\/p>\n<p><a href=\"http:\/\/cspconlutas.org.br\/wp-content\/uploads\/2019\/10\/chile-2019-AFP.jpg\"><img fetchpriority=\"high\" decoding=\"async\" class=\"wp-image-159264 size-medium\" src=\"http:\/\/cspconlutas.org.br\/wp-content\/uploads\/2019\/10\/chile-2019-AFP-300x200.jpg\" sizes=\"(max-width: 300px) 100vw, 300px\" srcset=\"http:\/\/cspconlutas.org.br\/wp-content\/uploads\/2019\/10\/chile-2019-AFP-300x200.jpg 300w, http:\/\/cspconlutas.org.br\/wp-content\/uploads\/2019\/10\/chile-2019-AFP-768x511.jpg 768w, http:\/\/cspconlutas.org.br\/wp-content\/uploads\/2019\/10\/chile-2019-AFP.jpg 820w\" alt=\"\" width=\"300\" height=\"200\" \/><\/a><\/p>\n<p>A revolta no Chile \u00e9 emblem\u00e1tica. Estudantes, idosos, trabalhadores, povos ind\u00edgenas, camponeses, os que lutam contra as opress\u00f5es, os que foram obrigados a morar nas ruas, a pr\u00f3pria classe m\u00e9dia. Todos nas lutas ap\u00f3s 30 anos da aplica\u00e7\u00e3o do neoliberalismo no pa\u00eds, desde a ditadura militar de Augusto Pinochet. Como eles mesmos dizem; \u201cN\u00e3o s\u00e3o 30 pesos [de aumento na tarifa do metr\u00f4], s\u00e3o 30 anos\u201d.<\/p>\n<p>A forte repress\u00e3o desencadeada nas primeiras manifesta\u00e7\u00f5es, n\u00e3o intimidou, ao contr\u00e1rio, estimulou para que mais chilenos fossem \u00e0s ruas. Uma avalanche de pessoas. Entrela\u00e7aram as lutas \u00e0 dan\u00e7a, \u00e0 m\u00fasica ao teatro. O governo de Sebasti\u00e1n Pi\u00f1era est\u00e1 de m\u00e3os atadas e j\u00e1 foi obrigado a recuar do aumento do pre\u00e7o da tarifa do metr\u00f4, pediu aos ministros que coloquem seus cargos \u00e0 disposi\u00e7\u00e3o e anunciou o fim do estado de exce\u00e7\u00e3o no domingo (27). Mas isso, a custa de 18 mortos, 584 feridos e 2.600 presos no pa\u00eds at\u00e9 a \u00faltima segunda-feira (28).<\/p>\n<p><strong>Hong Kong<\/strong><\/p>\n<p><a href=\"http:\/\/cspconlutas.org.br\/wp-content\/uploads\/2019\/10\/china-2019.jpg\"><img decoding=\"async\" class=\"wp-image-159265 size-medium\" src=\"http:\/\/cspconlutas.org.br\/wp-content\/uploads\/2019\/10\/china-2019-300x200.jpg\" sizes=\"(max-width: 300px) 100vw, 300px\" srcset=\"http:\/\/cspconlutas.org.br\/wp-content\/uploads\/2019\/10\/china-2019-300x200.jpg 300w, http:\/\/cspconlutas.org.br\/wp-content\/uploads\/2019\/10\/china-2019-768x512.jpg 768w, http:\/\/cspconlutas.org.br\/wp-content\/uploads\/2019\/10\/china-2019.jpg 950w\" alt=\"\" width=\"300\" height=\"200\" \/><\/a><\/p>\n<p>Em Hong Kong, a mobiliza\u00e7\u00e3o, que j\u00e1 dura mais de quatro meses, \u00e9 contra o autoritarismo. Uma proposta de lei pretendia facilitar extradi\u00e7\u00f5es de Hong Kong para a China continental provocou os protestos. No entanto, h\u00e1 maior complexidade no caso. H\u00e1 uma a crise do modelo de \u201cum pa\u00eds, dois sistemas\u201d que regula a rela\u00e7\u00e3o da cidade com as autoridades do governo central em Pequim. A centraliza\u00e7\u00e3o pol\u00edtica que caracteriza a presid\u00eancia de Xi Jinping coloca em risco as liberdades locais, maiores do que no resto do territ\u00f3rio chin\u00eas.<\/p>\n<p>Os protestos massivos em Hong Kong chegaram a reunir 2 milh\u00f5es de pessoas \u2013 em uma cidade de 7 milh\u00f5es de habitantes. S\u00e3o os maiores na China desde as manifesta\u00e7\u00f5es de 1989 em Pequim, que culminaram no massacre da Pra\u00e7a da Paz Celestial.<\/p>\n<p>O trabalhador terceirizado Nathan Leung, da Equipe de Servi\u00e7o a Visitantes do banco HSBC, em Hong Kong, esteve no 4\u00ba Congresso Nacional da CSP-Conlutas, que aconteceu em Vinhedo 3 a 6 de outubro \u00faltimo. Ele foi demitido, em uma explicita persegui\u00e7\u00e3o da empresa, ap\u00f3s ter participado de uma greve geral em seu pa\u00eds, no dia 3 de setembro, contra o governo autorit\u00e1rio e a brutalidade policial em Hong Kong.<\/p>\n<p>Segundo Nathan, a indigna\u00e7\u00e3o popular se d\u00e1 pelos abusos do governo ditatorial. \u201cN\u00e3o se enganem com qualquer ideia de que a China tem algo a ver com esquerda ou socialismo. Se trata apenas de uma ditadura capitalista\u201d, disse o ativista aos participantes do Congresso da Central.<\/p>\n<p>\u201cNa China, as greves oper\u00e1rias s\u00e3o brutalmente reprimidas e os sindicatos s\u00e3o ilegais ou controlados pelo governo. H\u00e1 muitos ativistas presos \u2013 em torno de 1.500, h\u00e1 outros, de movimentos estudantis de esquerda, que apoiaram as pautas dos trabalhadores e foram reprimidos. Em muitos dos casos, sequestrados e torturados\u201d, denunciou Nathan.<\/p>\n<p><strong>Haiti<\/strong><\/p>\n<p><a href=\"http:\/\/cspconlutas.org.br\/wp-content\/uploads\/2019\/10\/haiti-2019-Foto-Chandan-Khanna-AFP.jpg\"><img decoding=\"async\" class=\"wp-image-159266 size-medium\" src=\"http:\/\/cspconlutas.org.br\/wp-content\/uploads\/2019\/10\/haiti-2019-Foto-Chandan-Khanna-AFP-300x200.jpg\" sizes=\"(max-width: 300px) 100vw, 300px\" srcset=\"http:\/\/cspconlutas.org.br\/wp-content\/uploads\/2019\/10\/haiti-2019-Foto-Chandan-Khanna-AFP-300x200.jpg 300w, http:\/\/cspconlutas.org.br\/wp-content\/uploads\/2019\/10\/haiti-2019-Foto-Chandan-Khanna-AFP.jpg 640w\" alt=\"\" width=\"300\" height=\"200\" \/><\/a><\/p>\n<p>No Haiti, a popula\u00e7\u00e3o volta \u00e0s ruas para protestar contra o presidente do pa\u00eds, Jovenel Mo\u00efse, apontado como um dos principais respons\u00e1veis pela crise social, pol\u00edtica e econ\u00f4mica no pa\u00eds.<\/p>\n<p>Carros incendiados, barricadas e lojas saqueadas tem sido parte do cotidiano nas ruas de Porto Pr\u00edncipe, capital haitiana. As manifesta\u00e7\u00f5es mais intensas se prolongam por dois meses, mas j\u00e1 acontecem desde o ano passado. Muitas lojas, escolas e bancos fecharam as portas, e h\u00e1 escassez de combust\u00edvel, energia e alimentos. A desvaloriza\u00e7\u00e3o da moeda do pa\u00eds e den\u00fancias de corrup\u00e7\u00e3o tornam a situa\u00e7\u00e3o de Mo\u00efse ainda mais delicada.<\/p>\n<p>Agressivas medidas neoliberais foram aplicadas pelo governo haitiano, impostas ap\u00f3s um acordo com o Fundo Monet\u00e1rio Internacional (FMI) firmado em fevereiro deste ano, que incluem o fim do subs\u00eddio dos combust\u00edveis e a privatiza\u00e7\u00e3o de empresas do setor el\u00e9trico.<\/p>\n<p>O povo haitiano pede a ren\u00fancia do presidente.<\/p>\n<p><strong>L\u00edbano<\/strong><\/p>\n<p><a href=\"http:\/\/cspconlutas.org.br\/wp-content\/uploads\/2019\/10\/libano-2019-Patrick-Baz-AFP.jpg\"><img loading=\"lazy\" decoding=\"async\" class=\"wp-image-159267 size-medium\" src=\"http:\/\/cspconlutas.org.br\/wp-content\/uploads\/2019\/10\/libano-2019-Patrick-Baz-AFP-300x169.jpg\" sizes=\"(max-width: 300px) 100vw, 300px\" srcset=\"http:\/\/cspconlutas.org.br\/wp-content\/uploads\/2019\/10\/libano-2019-Patrick-Baz-AFP-300x169.jpg 300w, http:\/\/cspconlutas.org.br\/wp-content\/uploads\/2019\/10\/libano-2019-Patrick-Baz-AFP-768x432.jpg 768w, http:\/\/cspconlutas.org.br\/wp-content\/uploads\/2019\/10\/libano-2019-Patrick-Baz-AFP.jpg 900w\" alt=\"\" width=\"300\" height=\"169\" \/><\/a><\/p>\n<p>A taxa\u00e7\u00e3o do uso do whats app foi o motivo para as manifesta\u00e7\u00f5es de rua e dias de greve geral no L\u00edbano. Mobiliza\u00e7\u00f5es que j\u00e1 duram tr\u00eas semanas.<\/p>\n<p>O que come\u00e7ou com atos contr\u00e1rios \u00e0 taxa\u00e7\u00e3o pelo uso de chamadas via whatsapp virou uma onda de insatisfa\u00e7\u00e3o em rela\u00e7\u00e3o ao governo e a corrup\u00e7\u00e3o, al\u00e9m de expressar a revolta da popula\u00e7\u00e3o que vive na mis\u00e9ria e sente na pele a precariedade dos servi\u00e7os p\u00fablicos.<\/p>\n<p>A paralisa\u00e7\u00e3o tem afetado o com\u00e9rcio, os bancos, as escolas. O povo segue nas ruas todos os dias, com atos e barricadas que bloqueiam as principais vias.<\/p>\n<p>No domingo (20\/10), centenas de milhares de pessoas sa\u00edram \u00e0s ruas para exigir uma mudan\u00e7a radical de sistema pol\u00edtico, acusado de corrup\u00e7\u00e3o e clientelismo, em meio a uma forte crise econ\u00f4mica.<\/p>\n<p>A libanesa que vive no Brasil desde a d\u00e9cada de 70 Hanan Mansur aponta que no L\u00edbano as causas da insatisfa\u00e7\u00e3o tamb\u00e9m s\u00e3o profundas: falta de liberdade, altos impostos, o L\u00edbano est\u00e1 dividido e precisa ser do povo. \u201cO L\u00edbano n\u00e3o \u00e9 dos governos que acham que podem fazer o que quiser. O L\u00edbano \u00e9 do povo\u201d, reivindica.<\/p>\n<p><strong>Polariza\u00e7\u00e3o<\/strong><\/p>\n<p>Por motivos aparentemente diferentes, a base de tantos protestos e dessa polariza\u00e7\u00e3o mundial \u00e9 a mesma: a crise do sistema capitalista que tem provocado essa guerra social contra o povo, principalmente os mais pobres, para aumentar o lucro dos monop\u00f3lios e do 1% de bilion\u00e1rios.<\/p>\n<p>Ao percorrer diferentes pa\u00edses, encontramos desigualdade, desemprego, mis\u00e9ria, explora\u00e7\u00e3o, destrui\u00e7\u00e3o do meio ambiente, opress\u00e3o \u00e0 juventude. Tudo indica que as manifesta\u00e7\u00f5es n\u00e3o v\u00e3o parar.<\/p>\n<p>No Brasil, n\u00e3o \u00e9 diferente. Temos o desemprego, a desigualdade social, direitos reduzidos, aposentadorias e pens\u00f5es sendo arrancados pelo governo de ultradireita de Bolsonaro, um governo, que al\u00e9m desses projetos de dilapidar o povo, tem fam\u00edlia implicada em casos de corrup\u00e7\u00e3o e com as mil\u00edcias.<\/p>\n<p>Diante dessa situa\u00e7\u00e3o \u00e9 necess\u00e1rio organizar a luta da classe trabalhadora no Brasil. \u201c\u00c9 urgente organizar uma Frente \u00danica que impe\u00e7a os ferozes ataques\u00a0aqui. A reforma da Previd\u00eancia foi aprovada sem que houvesse unidade das Centrais Sindicais para convocar uma Greve Geral. Nossa classe tamb\u00e9m precisa ir \u00e0 ruas no Brasil; \u00e9 com lutas, greves, protestos e greves gerais que podemos derrotar o projeto neoliberal do governo Bolosnaro\/Mour\u00e3o e do ministro Paulo Guedes\u201d, chama o dirigente da Secretaria Executiva Nacional da CSP-Conlutas Paulo Barela.<\/p>\n<p>&nbsp;<\/p>\n<p>Fonte: <a href=\"http:\/\/cspconlutas.org.br\/2019\/10\/polarizacao-no-mundo-ataques-do-capitalismo-em-crise-levam-os-povos-as-ruas-em-diversos-paises\/\" target=\"_blank\">CSP Conlutas<\/a><\/p>\n<p>&nbsp;<\/p>\n<div id=\"njcdgcofcbnlbpkpdhmlmiblaglnkpnj\"><\/div>\n","protected":false},"excerpt":{"rendered":"<p>Educa\u00e7\u00e3o e sa\u00fade p\u00fablicas destru\u00eddas, aposentadorias e pens\u00f5es insuficientes para a sobreviv\u00eancia dos idosos, desregulamenta\u00e7\u00e3o do trabalho e redu\u00e7\u00e3o de<\/p>\n","protected":false},"author":1,"featured_media":2716,"comment_status":"closed","ping_status":"open","sticky":false,"template":"","format":"standard","meta":{"colormag_page_container_layout":"default_layout","colormag_page_sidebar_layout":"default_layout","footnotes":""},"categories":[5],"tags":[],"class_list":["post-2714","post","type-post","status-publish","format-standard","has-post-thumbnail","hentry","category-noticias"],"_links":{"self":[{"href":"https:\/\/www.secpf.com.br\/site\/wp-json\/wp\/v2\/posts\/2714","targetHints":{"allow":["GET"]}}],"collection":[{"href":"https:\/\/www.secpf.com.br\/site\/wp-json\/wp\/v2\/posts"}],"about":[{"href":"https:\/\/www.secpf.com.br\/site\/wp-json\/wp\/v2\/types\/post"}],"author":[{"embeddable":true,"href":"https:\/\/www.secpf.com.br\/site\/wp-json\/wp\/v2\/users\/1"}],"replies":[{"embeddable":true,"href":"https:\/\/www.secpf.com.br\/site\/wp-json\/wp\/v2\/comments?post=2714"}],"version-history":[{"count":1,"href":"https:\/\/www.secpf.com.br\/site\/wp-json\/wp\/v2\/posts\/2714\/revisions"}],"predecessor-version":[{"id":2717,"href":"https:\/\/www.secpf.com.br\/site\/wp-json\/wp\/v2\/posts\/2714\/revisions\/2717"}],"wp:featuredmedia":[{"embeddable":true,"href":"https:\/\/www.secpf.com.br\/site\/wp-json\/wp\/v2\/media\/2716"}],"wp:attachment":[{"href":"https:\/\/www.secpf.com.br\/site\/wp-json\/wp\/v2\/media?parent=2714"}],"wp:term":[{"taxonomy":"category","embeddable":true,"href":"https:\/\/www.secpf.com.br\/site\/wp-json\/wp\/v2\/categories?post=2714"},{"taxonomy":"post_tag","embeddable":true,"href":"https:\/\/www.secpf.com.br\/site\/wp-json\/wp\/v2\/tags?post=2714"}],"curies":[{"name":"wp","href":"https:\/\/api.w.org\/{rel}","templated":true}]}}