{"id":2720,"date":"2019-11-18T10:58:31","date_gmt":"2019-11-18T13:58:31","guid":{"rendered":"http:\/\/www.secpf.com.br\/site\/?p=2720"},"modified":"2019-11-18T11:07:04","modified_gmt":"2019-11-18T14:07:04","slug":"gremio-antifascista-divulga-carta-aberta-a-renato-gaucho-contra-presenca-de-bolsonaro-em-jogo","status":"publish","type":"post","link":"https:\/\/www.secpf.com.br\/site\/gremio-antifascista-divulga-carta-aberta-a-renato-gaucho-contra-presenca-de-bolsonaro-em-jogo\/","title":{"rendered":"Gr\u00eamio Antifascista divulga carta aberta a Renato Ga\u00facho contra presen\u00e7a de Bolsonaro em jogo"},"content":{"rendered":"<figure id=\"attachment_2722\" aria-describedby=\"caption-attachment-2722\" style=\"width: 750px\" class=\"wp-caption alignnone\"><a href=\"http:\/\/www.secpf.com.br\/site\/wp-content\/uploads\/2019\/11\/181119-renato-gaucho.jpg\"><img fetchpriority=\"high\" decoding=\"async\" class=\"size-full wp-image-2722\" src=\"http:\/\/www.secpf.com.br\/site\/wp-content\/uploads\/2019\/11\/181119-renato-gaucho.jpg\" alt=\"FOTO: LUCAS UEBEL\/GREMIO FBPA\" width=\"750\" height=\"500\" srcset=\"https:\/\/www.secpf.com.br\/site\/wp-content\/uploads\/2019\/11\/181119-renato-gaucho.jpg 750w, https:\/\/www.secpf.com.br\/site\/wp-content\/uploads\/2019\/11\/181119-renato-gaucho-300x200.jpg 300w\" sizes=\"(max-width: 750px) 100vw, 750px\" \/><\/a><figcaption id=\"caption-attachment-2722\" class=\"wp-caption-text\">FOTO: LUCAS UEBEL\/GREMIO FBPA<\/figcaption><\/figure>\n<p>Em\u00a0<a href=\"https:\/\/www.facebook.com\/gremioantifascista\/posts\/2534125693513352?__tn__=K-R\" target=\"_blank\">carta aberta<\/a>\u00a0divulgada na sexta-feira (15), o movimento Gr\u00eamio Antifascista responde a um suposto convite do t\u00e9cnico Renato Portaluppi, o Renato Ga\u00facho, para que Jair Bolsonaro assista a uma partida do Gr\u00eamio contra o Palmeiras, no pr\u00f3ximo domingo (24), em S\u00e3o Paulo. No texto, que al\u00e9m de Renato cita o presidente Romildo Bolzan, os torcedores dizem que a presen\u00e7a de Bolsonaro em um jogo do Gr\u00eamio os \u201cofende profundamente\u201d e pedem que ele \u201cjamais se fa\u00e7a presente em qualquer evento que envolva\u201d o time.<\/p>\n<p>A carta ainda cita Everaldo, lateral-esquerdo do Gr\u00eamio morto tragicamente em acidente e que era negro, e Lupic\u00ednio Rodrigues, tamb\u00e9m negro e autor do hino do Gr\u00eamio, e afirma: \u201ctodo mundo sabe (mesmo que alguns n\u00e3o admitam) que Bolsonaro \u00e9 racista\u201d.<\/p>\n<p>Outro trecho destaca medidas como a reforma da previd\u00eancia e o n\u00famero de desempregados no pa\u00eds: \u201cSomos grande parcela do povo gremista que est\u00e1 tendo suas vidas diretamente prejudicadas por teu amigo Bolsonaro\u201d.<\/p>\n<p>Por fim, o movimento antifascista menciona a diversidade existente entre os torcedores do tricolor ga\u00facho e lembra ao t\u00e9cnico: \u201cTu n\u00e3o \u00e9s maior que a institui\u00e7\u00e3o, quanto menos \u00e9s maior do que n\u00f3s, a multid\u00e3o de torcedores gremistas (\u2026). Somos a multiplicidade que faz com que o Gr\u00eamio exista. E \u00e9 exatamente a multiplicidade do povo que o teu amigo Jair Bolsonaro odeia, oprime, subjuga e combate\u201d.<\/p>\n<div id=\"njcdgcofcbnlbpkpdhmlmiblaglnkpnj\"><\/div>\n<div>Fonte: <a href=\"https:\/\/www.sul21.com.br\/ultimas-noticias\/geral\/2019\/11\/gremio-antifascista-divulga-carta-aberta-a-renato-gaucho-contra-presenca-de-bolsonaro-em-jogo\/\" target=\"_blank\">Sul21<\/a><\/div>\n<div id=\"njcdgcofcbnlbpkpdhmlmiblaglnkpnj\"><\/div>\n","protected":false},"excerpt":{"rendered":"<p>Em\u00a0carta aberta\u00a0divulgada na sexta-feira (15), o movimento Gr\u00eamio Antifascista responde a um suposto convite do t\u00e9cnico Renato Portaluppi, o Renato<\/p>\n","protected":false},"author":1,"featured_media":2722,"comment_status":"closed","ping_status":"open","sticky":false,"template":"","format":"standard","meta":{"colormag_page_container_layout":"default_layout","colormag_page_sidebar_layout":"default_layout","footnotes":""},"categories":[5],"tags":[],"class_list":["post-2720","post","type-post","status-publish","format-standard","has-post-thumbnail","hentry","category-noticias"],"_links":{"self":[{"href":"https:\/\/www.secpf.com.br\/site\/wp-json\/wp\/v2\/posts\/2720","targetHints":{"allow":["GET"]}}],"collection":[{"href":"https:\/\/www.secpf.com.br\/site\/wp-json\/wp\/v2\/posts"}],"about":[{"href":"https:\/\/www.secpf.com.br\/site\/wp-json\/wp\/v2\/types\/post"}],"author":[{"embeddable":true,"href":"https:\/\/www.secpf.com.br\/site\/wp-json\/wp\/v2\/users\/1"}],"replies":[{"embeddable":true,"href":"https:\/\/www.secpf.com.br\/site\/wp-json\/wp\/v2\/comments?post=2720"}],"version-history":[{"count":3,"href":"https:\/\/www.secpf.com.br\/site\/wp-json\/wp\/v2\/posts\/2720\/revisions"}],"predecessor-version":[{"id":2732,"href":"https:\/\/www.secpf.com.br\/site\/wp-json\/wp\/v2\/posts\/2720\/revisions\/2732"}],"wp:featuredmedia":[{"embeddable":true,"href":"https:\/\/www.secpf.com.br\/site\/wp-json\/wp\/v2\/media\/2722"}],"wp:attachment":[{"href":"https:\/\/www.secpf.com.br\/site\/wp-json\/wp\/v2\/media?parent=2720"}],"wp:term":[{"taxonomy":"category","embeddable":true,"href":"https:\/\/www.secpf.com.br\/site\/wp-json\/wp\/v2\/categories?post=2720"},{"taxonomy":"post_tag","embeddable":true,"href":"https:\/\/www.secpf.com.br\/site\/wp-json\/wp\/v2\/tags?post=2720"}],"curies":[{"name":"wp","href":"https:\/\/api.w.org\/{rel}","templated":true}]}}