{"id":2758,"date":"2019-11-11T11:42:36","date_gmt":"2019-11-11T14:42:36","guid":{"rendered":"http:\/\/www.secpf.com.br\/site\/?p=2758"},"modified":"2019-11-18T11:43:44","modified_gmt":"2019-11-18T14:43:44","slug":"ditadura-nunca-mais-csp-conlutas-repudia-declaracao-de-eduardo-bolsonaro-em-defesa-do-ai-5","status":"publish","type":"post","link":"https:\/\/www.secpf.com.br\/site\/ditadura-nunca-mais-csp-conlutas-repudia-declaracao-de-eduardo-bolsonaro-em-defesa-do-ai-5\/","title":{"rendered":"Ditadura nunca mais: CSP-Conlutas repudia declara\u00e7\u00e3o de Eduardo Bolsonaro em defesa do AI-5"},"content":{"rendered":"<p>Abaixo, a nota da Secretaria Executiva Nacional da CSP-Conlutas sobre as declara\u00e7\u00f5es amea\u00e7adoras de Eduardo Bolsonaro:<\/p>\n<p><a href=\"http:\/\/www.secpf.com.br\/site\/wp-content\/uploads\/2019\/11\/111119-eduardo-bolsonaro.jpg\"><img fetchpriority=\"high\" decoding=\"async\" class=\"alignnone size-full wp-image-2760\" src=\"http:\/\/www.secpf.com.br\/site\/wp-content\/uploads\/2019\/11\/111119-eduardo-bolsonaro.jpg\" alt=\"111119-eduardo-bolsonaro\" width=\"300\" height=\"169\" \/><\/a><\/p>\n<p><strong>Ditadura nunca mais: CSP-Conlutas repudia declara\u00e7\u00e3o de Eduardo Bolsonaro em defesa do AI-5<\/strong><\/p>\n<p>O deputado federal Eduardo Bolsonaro (PSL-SP), filho do presidente Jair Bolsonaro, afirmou em entrevista realizada em 30\/10 que caso haja uma radicaliza\u00e7\u00e3o da esquerda tentando transformar o Brasil em um novo Chile, a resposta do governo pode ser via \u201cum novo AI-5 \u201c.<\/p>\n<p>A Central Sindical e Popular CSP-Conlutas entende tal declara\u00e7\u00e3o como uma clara afronta ao povo brasileiro que fere profundamente a Constitui\u00e7\u00e3o de 1988.<\/p>\n<p>O AI-5 (Ato Institucional n\u00ba 5), foi um dos per\u00edodos mais sombrios de nossa hist\u00f3ria. Al\u00e9m de atacar profundamente as liberdades democr\u00e1ticas, a ditadura, com apoio dos grandes monop\u00f3lios empresariais, criou um Estado de exce\u00e7\u00e3o que assassinou, prendeu, torturou e perseguiu milhares de pessoas comuns e ativistas, militantes pol\u00edticos e sindicais, deixando um legado de 432 desaparecidos.<\/p>\n<p>O governo de ultra direita de Bolsonaro, al\u00e9m dos direitos sociais e trabalhistas que vem arrancando da classe trabalhadora, tem atacado as liberdades democr\u00e1ticas \u2013 incluindo a anistia e a mem\u00f3ria da luta da classe trabalhadora ao tentar instituir a comemora\u00e7\u00e3o do golpe de 1964 \u2013 e o direito de organiza\u00e7\u00e3o dos trabalhadores da cidade e do campo. Tem tamb\u00e9m estimulado o machismo, o racismo e a homofobia no ataque direto as mulheres, aos negros e aos LGBTs.<\/p>\n<p>A CSP-Conlutas, em reuni\u00e3o da SEN (Secretaria Executiva Nacional), realizada nesta quinta-feira (31\/10), repudia firmemente todos esses ataques e, em particular, a declara\u00e7\u00e3o do filho do presidente Bolsonaro. Diante disso, a Central conclama ampla unidade de a\u00e7\u00e3o que repudie t\u00e3o ultrajante declara\u00e7\u00e3o. N\u00e3o vamos nos calar nem nos intimidar!<\/p>\n<p>\u2013 Em defesa das liberdades democr\u00e1ticas!<\/p>\n<p>\u2013 Puni\u00e7\u00e3o aos torturadores e \u00e0s empresas que financiaram a ditadura!<\/p>\n<p>\u2013 Ditadura Nunca Mais! Para que n\u00e3o se esque\u00e7a para que nunca mais aconte\u00e7a!<\/p>\n<p>\u2013 Investiga\u00e7\u00e3o e apura\u00e7\u00e3o do assassinato de Marielli e Anderson. Exigimos saber quem s\u00e3o os mandantes!<\/p>\n<p><strong>As centrais sindicais tamb\u00e9m divulgaram uma\u00a0<a href=\"http:\/\/cspconlutas.org.br\/2019\/10\/ai-5-nunca-mais-centrais-repudiam-declaracoes-de-eduardo-bolsonaro\/\">nota conjunta assinada<\/a><\/strong><\/p>\n<div id=\"njcdgcofcbnlbpkpdhmlmiblaglnkpnj\"><\/div>\n","protected":false},"excerpt":{"rendered":"<p>Abaixo, a nota da Secretaria Executiva Nacional da CSP-Conlutas sobre as declara\u00e7\u00f5es amea\u00e7adoras de Eduardo Bolsonaro: Ditadura nunca mais: CSP-Conlutas<\/p>\n","protected":false},"author":1,"featured_media":2760,"comment_status":"open","ping_status":"open","sticky":false,"template":"","format":"standard","meta":{"colormag_page_container_layout":"default_layout","colormag_page_sidebar_layout":"default_layout","footnotes":""},"categories":[5],"tags":[],"class_list":["post-2758","post","type-post","status-publish","format-standard","has-post-thumbnail","hentry","category-noticias"],"_links":{"self":[{"href":"https:\/\/www.secpf.com.br\/site\/wp-json\/wp\/v2\/posts\/2758","targetHints":{"allow":["GET"]}}],"collection":[{"href":"https:\/\/www.secpf.com.br\/site\/wp-json\/wp\/v2\/posts"}],"about":[{"href":"https:\/\/www.secpf.com.br\/site\/wp-json\/wp\/v2\/types\/post"}],"author":[{"embeddable":true,"href":"https:\/\/www.secpf.com.br\/site\/wp-json\/wp\/v2\/users\/1"}],"replies":[{"embeddable":true,"href":"https:\/\/www.secpf.com.br\/site\/wp-json\/wp\/v2\/comments?post=2758"}],"version-history":[{"count":1,"href":"https:\/\/www.secpf.com.br\/site\/wp-json\/wp\/v2\/posts\/2758\/revisions"}],"predecessor-version":[{"id":2761,"href":"https:\/\/www.secpf.com.br\/site\/wp-json\/wp\/v2\/posts\/2758\/revisions\/2761"}],"wp:featuredmedia":[{"embeddable":true,"href":"https:\/\/www.secpf.com.br\/site\/wp-json\/wp\/v2\/media\/2760"}],"wp:attachment":[{"href":"https:\/\/www.secpf.com.br\/site\/wp-json\/wp\/v2\/media?parent=2758"}],"wp:term":[{"taxonomy":"category","embeddable":true,"href":"https:\/\/www.secpf.com.br\/site\/wp-json\/wp\/v2\/categories?post=2758"},{"taxonomy":"post_tag","embeddable":true,"href":"https:\/\/www.secpf.com.br\/site\/wp-json\/wp\/v2\/tags?post=2758"}],"curies":[{"name":"wp","href":"https:\/\/api.w.org\/{rel}","templated":true}]}}