{"id":2778,"date":"2019-11-25T23:43:48","date_gmt":"2019-11-26T02:43:48","guid":{"rendered":"http:\/\/www.secpf.com.br\/site\/?p=2778"},"modified":"2019-11-25T23:43:48","modified_gmt":"2019-11-26T02:43:48","slug":"a-greve-e-um-grito-de-socorro-para-salvar-a-escola-publica","status":"publish","type":"post","link":"https:\/\/www.secpf.com.br\/site\/a-greve-e-um-grito-de-socorro-para-salvar-a-escola-publica\/","title":{"rendered":"A greve \u00e9 um grito de socorro para salvar a escola p\u00fablica"},"content":{"rendered":"<p><a href=\"http:\/\/www.secpf.com.br\/site\/wp-content\/uploads\/2019\/11\/251119-greve-professores.jpg\"><img fetchpriority=\"high\" decoding=\"async\" class=\"alignnone size-full wp-image-2780\" src=\"http:\/\/www.secpf.com.br\/site\/wp-content\/uploads\/2019\/11\/251119-greve-professores.jpg\" alt=\"251119-greve-professores\" width=\"900\" height=\"400\" srcset=\"https:\/\/www.secpf.com.br\/site\/wp-content\/uploads\/2019\/11\/251119-greve-professores.jpg 900w, https:\/\/www.secpf.com.br\/site\/wp-content\/uploads\/2019\/11\/251119-greve-professores-300x133.jpg 300w\" sizes=\"(max-width: 900px) 100vw, 900px\" \/><\/a><\/p>\n<p><em>Artigo de Helenir Aguiar Sch\u00fcrer*, publicado em\u00a023\/11 na ZH<\/em><\/p>\n<p>Mais de 10 mil educadores abandonaram a rede estadual desde 2014. S\u00e3o profissionais que n\u00e3o se aposentaram. Sa\u00edram do ch\u00e3o da escola por \u00f3bito, dispensa ou op\u00e7\u00e3o. Os dados s\u00e3o da Secretaria da Fazenda, compilados pelo Dieese. N\u00e3o \u00e9 de se surpreender.<\/p>\n<p>Sobrevivemos a cinco anos de massacre. Nosso poder de compra foi reduzido em mais de 1\/3 desde o \u00faltimo reajuste, corro\u00eddo pelo infla\u00e7\u00e3o. Estamos h\u00e1 47 meses com os sal\u00e1rios parcelados e atrasados, sem dinheiro para ir trabalhar, acumulando empr\u00e9stimos e escolhendo entre comer e pagar as contas.<\/p>\n<p>Enquanto padecemos, bancos registram lucros recordes, grandes empresas recebem o benef\u00edcio da sonega\u00e7\u00e3o premiada e obt\u00eam isen\u00e7\u00f5es fiscais bilion\u00e1rias. Fecham-se escolas para abrir pris\u00f5es.<\/p>\n<p>Neste cen\u00e1rio, o governador nos oferece o mesmo rem\u00e9dio amargo, testado e reprovado m\u00faltiplas vezes. Mais arrocho, exterm\u00ednio de direitos, congelamento salarial por tempo indeterminado e confisco de dinheiro dos aposentados. Quem tem menos paga cada vez mais para sustentar a injusti\u00e7a.<\/p>\n<p>N\u00e3o h\u00e1 qualquer novidade na tentativa de reforma, se n\u00e3o a dimens\u00e3o da crueldade. Ao incorporar vantagens ao sal\u00e1rio b\u00e1sico, o governo mascara o pagamento do piso nacional. Trata-se de uma farsa cont\u00e1bil. Se os projetos passarem, quem pagar\u00e1 o piso no Rio Grande do Sul ser\u00e1 o pr\u00f3prio trabalhador da educa\u00e7\u00e3o, sem receber um centavo a mais.<\/p>\n<p>Eduardo Leite prometeu tornar a carreira mais atrativa. Na pr\u00e1tica, projeta uma diferen\u00e7a salarial de 7% entre o profissional com Ensino M\u00e9dio e o educador com Doutorado. No plano atual, o crescimento \u00e9 de 100% no b\u00e1sico. Quem, em s\u00e3 consci\u00eancia, vai ingressar no magist\u00e9rio ou buscar qualifica\u00e7\u00e3o com esse descalabro? N\u00e3o somos escravos.<\/p>\n<p>Enviamos, no prazo determinado pelo governo, documento elencando as raz\u00f5es para a rejei\u00e7\u00e3o do pacote. N\u00e3o tivemos respostas ou convite para dialogar. O mesmo j\u00e1 havia ocorrido neste ano, quando, ap\u00f3s iniciar uma mesa de negocia\u00e7\u00f5es para tratar da pauta salarial, o Piratini abandonou o di\u00e1logo e passou a ignorar of\u00edcios do CPERS solicitando a retomada.<\/p>\n<p>A greve \u00e9 o \u00faltimo recurso de qualquer categoria, \u00fanica alternativa ao esgotamento da negocia\u00e7\u00e3o. \u00c9 um grito de socorro para salvar a escola p\u00fablica e os sonhos de milh\u00f5es de ga\u00fachos que dependem de uma educa\u00e7\u00e3o gratuita e de qualidade. Resistimos para n\u00e3o deixar de existir.<\/p>\n<p><em>*Presidente do CPERS\/Sindicato e professora da rede estadual h\u00e1 33 anos<\/em><\/p>\n<div id=\"njcdgcofcbnlbpkpdhmlmiblaglnkpnj\"><\/div>\n","protected":false},"excerpt":{"rendered":"<p>Artigo de Helenir Aguiar Sch\u00fcrer*, publicado em\u00a023\/11 na ZH Mais de 10 mil educadores abandonaram a rede estadual desde 2014.<\/p>\n","protected":false},"author":1,"featured_media":2780,"comment_status":"closed","ping_status":"open","sticky":false,"template":"","format":"standard","meta":{"colormag_page_container_layout":"default_layout","colormag_page_sidebar_layout":"default_layout","footnotes":""},"categories":[5],"tags":[],"class_list":["post-2778","post","type-post","status-publish","format-standard","has-post-thumbnail","hentry","category-noticias"],"_links":{"self":[{"href":"https:\/\/www.secpf.com.br\/site\/wp-json\/wp\/v2\/posts\/2778","targetHints":{"allow":["GET"]}}],"collection":[{"href":"https:\/\/www.secpf.com.br\/site\/wp-json\/wp\/v2\/posts"}],"about":[{"href":"https:\/\/www.secpf.com.br\/site\/wp-json\/wp\/v2\/types\/post"}],"author":[{"embeddable":true,"href":"https:\/\/www.secpf.com.br\/site\/wp-json\/wp\/v2\/users\/1"}],"replies":[{"embeddable":true,"href":"https:\/\/www.secpf.com.br\/site\/wp-json\/wp\/v2\/comments?post=2778"}],"version-history":[{"count":1,"href":"https:\/\/www.secpf.com.br\/site\/wp-json\/wp\/v2\/posts\/2778\/revisions"}],"predecessor-version":[{"id":2781,"href":"https:\/\/www.secpf.com.br\/site\/wp-json\/wp\/v2\/posts\/2778\/revisions\/2781"}],"wp:featuredmedia":[{"embeddable":true,"href":"https:\/\/www.secpf.com.br\/site\/wp-json\/wp\/v2\/media\/2780"}],"wp:attachment":[{"href":"https:\/\/www.secpf.com.br\/site\/wp-json\/wp\/v2\/media?parent=2778"}],"wp:term":[{"taxonomy":"category","embeddable":true,"href":"https:\/\/www.secpf.com.br\/site\/wp-json\/wp\/v2\/categories?post=2778"},{"taxonomy":"post_tag","embeddable":true,"href":"https:\/\/www.secpf.com.br\/site\/wp-json\/wp\/v2\/tags?post=2778"}],"curies":[{"name":"wp","href":"https:\/\/api.w.org\/{rel}","templated":true}]}}