{"id":2809,"date":"2020-01-21T09:48:15","date_gmt":"2020-01-21T12:48:15","guid":{"rendered":"http:\/\/www.secpf.com.br\/site\/?p=2809"},"modified":"2020-01-21T09:50:18","modified_gmt":"2020-01-21T12:50:18","slug":"informativo-para-a-categoria-comerciaria-mercados","status":"publish","type":"post","link":"https:\/\/www.secpf.com.br\/site\/informativo-para-a-categoria-comerciaria-mercados\/","title":{"rendered":"Informativo para a Categoria Comerci\u00e1ria &#8211; Mercados"},"content":{"rendered":"<p>Os ataques dos governos contra os trabalhadores foram sistem\u00e1ticos. Retirou os direitos para empobrecer a classe trabalhadora, expor a sa\u00fade aos riscos com acidente de trabalho, m\u00e3o-de-obra barata e descart\u00e1vel que pode ser trocada a qualquer momento.\u00a0Agora o GOVERNO atual lan\u00e7a a MP 905. Autoriza a abertura em TODOS os feriados, inclusive 1\u00ba de Janeiro, 1\u00ba de Maio, 25 de Dezembro, etc. Sem pagamento de remunera\u00e7\u00e3o ou qualquer b\u00f4nus desde que haja a folga. Para os contratos de trabalho criados pela referida MP, o recolhimento do FGTS que era de 8% mensal, passa a ser de 2%. Aonde antes o trabalhador tinha um sal\u00e1rio ao ano\u00a0recolhido no FGTS, hoje ter\u00e1 \u00bc do sal\u00e1rio.<\/p>\n<p>Todos os ataques desse Governo retira os direitos dos trabalhadores e n\u00e3o deixa nenhuma forma de manter esses direitos ou avan\u00e7ar as negocia\u00e7\u00f5es. Dificulta o acesso \u00e0 justi\u00e7a do trabalho, n\u00e3o h\u00e1 fiscaliza\u00e7\u00e3o, n\u00e3o multam os empres\u00e1rios pelas irregularidades e o \u00faltimo ref\u00fagio do trabalhador, que \u00e9 o SINDICATO, estar\u00e1 com as portas fechadas com toda essa campanha nacional.<\/p>\n<p>Mesmo com todos esses ataques do Governo, o SINDICATO ainda resiste, mant\u00eam direitos, como por exemplo, o quebra de caixa que a n\u00edvel nacional \u00e9 inexistente, e briga pela manuten\u00e7\u00e3o do pagamento dos domingos e feriados. Com isso mantemos a posi\u00e7\u00e3o de DEFENDER O TRABALHADOR.\u00a0O chamamento que fazemos \u00e9: FORTALE\u00c7A O SINDICATO, FILIE-SE! Vamos mostrar nossa for\u00e7a, JUNTOS!<\/p>\n<p><a href=\"http:\/\/www.secpf.com.br\/site\/wp-content\/uploads\/2020\/01\/200120-panfleto-SECPF.pdf\" target=\"_blank\"><span style=\"font-size: 14pt;\"><strong>Clique e Leia nosso informativo completo<\/strong><\/span><\/a>.<\/p>\n<p><a href=\"http:\/\/www.secpf.com.br\/site\/wp-content\/uploads\/2020\/01\/200120-panfleto-SECPF.pdf\" target=\"_blank\"><img fetchpriority=\"high\" decoding=\"async\" class=\"alignnone wp-image-2812 size-full\" src=\"http:\/\/www.secpf.com.br\/site\/wp-content\/uploads\/2020\/01\/200120-panfleto-SECPF-1.jpg\" alt=\"Informativo para a Categoria Comerci\u00e1ria - SEC PF\" width=\"450\" height=\"600\" srcset=\"https:\/\/www.secpf.com.br\/site\/wp-content\/uploads\/2020\/01\/200120-panfleto-SECPF-1.jpg 450w, https:\/\/www.secpf.com.br\/site\/wp-content\/uploads\/2020\/01\/200120-panfleto-SECPF-1-225x300.jpg 225w\" sizes=\"(max-width: 450px) 100vw, 450px\" \/><\/a><\/p>\n<p>&nbsp;<\/p>\n<div id=\"njcdgcofcbnlbpkpdhmlmiblaglnkpnj\"><\/div>\n<div id=\"njcdgcofcbnlbpkpdhmlmiblaglnkpnj\"><\/div>\n","protected":false},"excerpt":{"rendered":"<p>Os ataques dos governos contra os trabalhadores foram sistem\u00e1ticos. Retirou os direitos para empobrecer a classe trabalhadora, expor a sa\u00fade<\/p>\n","protected":false},"author":1,"featured_media":2814,"comment_status":"closed","ping_status":"open","sticky":false,"template":"","format":"standard","meta":{"colormag_page_container_layout":"default_layout","colormag_page_sidebar_layout":"default_layout","footnotes":""},"categories":[5],"tags":[18],"class_list":["post-2809","post","type-post","status-publish","format-standard","has-post-thumbnail","hentry","category-noticias","tag-destaque"],"_links":{"self":[{"href":"https:\/\/www.secpf.com.br\/site\/wp-json\/wp\/v2\/posts\/2809","targetHints":{"allow":["GET"]}}],"collection":[{"href":"https:\/\/www.secpf.com.br\/site\/wp-json\/wp\/v2\/posts"}],"about":[{"href":"https:\/\/www.secpf.com.br\/site\/wp-json\/wp\/v2\/types\/post"}],"author":[{"embeddable":true,"href":"https:\/\/www.secpf.com.br\/site\/wp-json\/wp\/v2\/users\/1"}],"replies":[{"embeddable":true,"href":"https:\/\/www.secpf.com.br\/site\/wp-json\/wp\/v2\/comments?post=2809"}],"version-history":[{"count":2,"href":"https:\/\/www.secpf.com.br\/site\/wp-json\/wp\/v2\/posts\/2809\/revisions"}],"predecessor-version":[{"id":2815,"href":"https:\/\/www.secpf.com.br\/site\/wp-json\/wp\/v2\/posts\/2809\/revisions\/2815"}],"wp:featuredmedia":[{"embeddable":true,"href":"https:\/\/www.secpf.com.br\/site\/wp-json\/wp\/v2\/media\/2814"}],"wp:attachment":[{"href":"https:\/\/www.secpf.com.br\/site\/wp-json\/wp\/v2\/media?parent=2809"}],"wp:term":[{"taxonomy":"category","embeddable":true,"href":"https:\/\/www.secpf.com.br\/site\/wp-json\/wp\/v2\/categories?post=2809"},{"taxonomy":"post_tag","embeddable":true,"href":"https:\/\/www.secpf.com.br\/site\/wp-json\/wp\/v2\/tags?post=2809"}],"curies":[{"name":"wp","href":"https:\/\/api.w.org\/{rel}","templated":true}]}}