{"id":2816,"date":"2020-01-25T10:31:33","date_gmt":"2020-01-25T13:31:33","guid":{"rendered":"http:\/\/www.secpf.com.br\/site\/?p=2816"},"modified":"2020-01-27T11:10:23","modified_gmt":"2020-01-27T14:10:23","slug":"uso-da-expressao-empreendedorismo-e-para-esconder-a-precarizacao-do-trabalho","status":"publish","type":"post","link":"https:\/\/www.secpf.com.br\/site\/uso-da-expressao-empreendedorismo-e-para-esconder-a-precarizacao-do-trabalho\/","title":{"rendered":"Uso da express\u00e3o \u2018empreendedorismo\u2019 \u00e9 para esconder a precariza\u00e7\u00e3o do trabalho"},"content":{"rendered":"<figure id=\"attachment_2818\" aria-describedby=\"caption-attachment-2818\" style=\"width: 600px\" class=\"wp-caption alignnone\"><a href=\"http:\/\/www.secpf.com.br\/site\/wp-content\/uploads\/2020\/01\/240119-luciano-600x395.jpg\"><img fetchpriority=\"high\" decoding=\"async\" class=\"size-full wp-image-2818\" src=\"http:\/\/www.secpf.com.br\/site\/wp-content\/uploads\/2020\/01\/240119-luciano-600x395.jpg\" alt=\"Luciano Huck em palestra sobre empreendedorismo. Foto: Pedro Zambarda\/DCM\" width=\"600\" height=\"395\" srcset=\"https:\/\/www.secpf.com.br\/site\/wp-content\/uploads\/2020\/01\/240119-luciano-600x395.jpg 600w, https:\/\/www.secpf.com.br\/site\/wp-content\/uploads\/2020\/01\/240119-luciano-600x395-300x198.jpg 300w, https:\/\/www.secpf.com.br\/site\/wp-content\/uploads\/2020\/01\/240119-luciano-600x395-579x382.jpg 579w\" sizes=\"(max-width: 600px) 100vw, 600px\" \/><\/a><figcaption id=\"caption-attachment-2818\" class=\"wp-caption-text\">Luciano Huck em palestra sobre empreendedorismo. Foto: Pedro Zambarda\/DCM<\/figcaption><\/figure>\n<p>No Brasil afetado pelo desemprego e precariza\u00e7\u00e3o do trabalho, o empreendedorismo \u00e9 a sa\u00edda encontrada pelo governo e a grande m\u00eddia para mascarar a situa\u00e7\u00e3o de informalidade e passar para os trabalhadores a responsabilidade de sair da crise criada pelo pr\u00f3prio governo. Segundo especialistas, essa tentativa busca eliminar a formaliza\u00e7\u00e3o do trabalho e privilegiar os patr\u00f5es. \u00c9 o que mostra reportagem de J\u00f4 Miyagui, na edi\u00e7\u00e3o do\u00a0<i>Seu Jornal<\/i>\u00a0desta segunda-feira (20), na TVT.<\/p>\n<p>Welington Lavesman Ribeiro \u00e9 dono de uma barraca onde vende a\u00e7a\u00ed e frutas. Ele trabalha na rua em S\u00e3o Bernardo do Campo, no ABC Paulista. Ele sabe que n\u00e3o \u00e9 um empreendedor. \u201cAs pessoas confundem muito, entre ser um empreendedor e tirar uma lucratividade de um neg\u00f3cio e\u00a0voc\u00ea trabalhar por uma situa\u00e7\u00e3o complicada. Eu mesmo me considero como um aut\u00f4nomo liberal\u201d, afirma.<\/p>\n<p>Algu\u00e9m que vende bolo na rua ou \u00e9 motorista de aplicativo de celular n\u00e3o \u00e9 empreendedor. Empreendedor n\u00e3o \u00e9 o mesmo que trabalhador por conta pr\u00f3pria, explica Clemente Ganz L\u00facio, diretor-t\u00e9cnico do Dieese.<\/p>\n<p>\u201cTenta-se dar o\u00a0conceito de empreendedor\u00a0como se ele tivesse a op\u00e7\u00e3o de realizar uma atividade, um investimento. Na verdade, esse trabalhador est\u00e1 em um esfor\u00e7o muitas vezes descomunal, tomando a iniciativa para ter algum tipo de renda, e isso n\u00e3o tem nenhuma rela\u00e7\u00e3o com o empreendedorismo\u201d, afirma.<\/p>\n<p>Com a crise econ\u00f4mica que j\u00e1 dura mais de quatro anos, e o desemprego atingindo mais de 12 milh\u00f5es de pessoas, o desespero econ\u00f4mico faz com que muitos optem\u00a0pelo trabalho aut\u00f4nomo, que \u00e9 diferente de empreendedorismo.<\/p>\n<p>\u201cO empreendedor seria aquele que tem condi\u00e7\u00f5es financeiras de ter um capital para que possa ampliar esse mesmo capital, ou seja, ampliar seus lucros, sua acumula\u00e7\u00e3o\u201d, afirma a professora Cl\u00e1udia Mazzei Nogueira, da Universidade Federal de S\u00e3o Paulo (Unifesp).<\/p>\n<p>O conceito de empreendedor est\u00e1 sendo distorcido pelo governo e pela imprensa, afirma a professora, que atua no N\u00facleo de Estudos de Trabalho e G\u00eanero da Unifesp. \u201cOs interesses contr\u00e1rios \u00e0 classe trabalhadora, ou seja, dos detentores de capital e do pr\u00f3prio Estado est\u00e3o se sobressaindo ao que significa de fato a palavra. Est\u00e3o cooptando a subjetividade de parcela da classe trabalhadora, prioritariamente aqueles que se encontram desempregados, dizendo da grande vantagem que existe em voc\u00ea ser entre aspas patr\u00e3o de si mesmo\u201d.<\/p>\n<p>O governo Bolsonaro autorizou a formaliza\u00e7\u00e3o de motoristas de aplicativos na categoria MEI, a de Microempreendedor individual. Mas esse tipo de trabalho n\u00e3o \u00e9 empreendedorismo para as fontes ouvidas pelo Seu Jornal. Essa \u00e9 apenas uma nova forma de precarizar o trabalho. \u201cEle \u00e9 um trabalhador muitas vezes disfar\u00e7ado com uma subordina\u00e7\u00e3o econ\u00f4mica disfar\u00e7ada, n\u00e3o \u00e9 um assalariado cl\u00e1ssico, n\u00e3o tem registro em carteira de trabalho, mas ele tem\u00a0um empregador disfar\u00e7ado que orienta, define, e paga o trabalho por ele realizado\u201d, diz o diretor-t\u00e9cnico do Dieese.<\/p>\n<p>Como o cen\u00e1rio atual n\u00e3o \u00e9 capaz de encerrar a crise econ\u00f4mica, criar o mito do empreendedorismo \u00e9 conveniente para governos que retiram direitos trabalhistas e n\u00e3o criam empregos. \u201cO que se faz \u00e9 tentar criar uma m\u00e1scara para proteger aquela situa\u00e7\u00e3o grave, classificando esse tipo de inser\u00e7\u00e3o como uma dimens\u00e3o virtuosa, o empreendedor seria aquela pessoa que est\u00e1 de peito aberto procurando um tipo de atividade que n\u00e3o tem nada a ver com o conceito cl\u00e1ssico de algu\u00e9m que empreende para tentar desenvolver um neg\u00f3cio ou uma atividade econ\u00f4mica\u201d, afirma Clemente.<\/p>\n<p>&nbsp;<\/p>\n<p>Fonte: <a href=\"https:\/\/www.diariodocentrodomundo.com.br\/uso-da-expressao-empreendedorismo-e-para-esconder-a-precarizacao-do-trabalho\/\" target=\"_blank\">DCM<\/a><\/p>\n<div id=\"njcdgcofcbnlbpkpdhmlmiblaglnkpnj\"><\/div>\n<div id=\"njcdgcofcbnlbpkpdhmlmiblaglnkpnj\"><\/div>\n","protected":false},"excerpt":{"rendered":"<p>No Brasil afetado pelo desemprego e precariza\u00e7\u00e3o do trabalho, o empreendedorismo \u00e9 a sa\u00edda encontrada pelo governo e a grande<\/p>\n","protected":false},"author":1,"featured_media":2818,"comment_status":"closed","ping_status":"open","sticky":false,"template":"","format":"standard","meta":{"colormag_page_container_layout":"default_layout","colormag_page_sidebar_layout":"default_layout","footnotes":""},"categories":[5],"tags":[],"class_list":["post-2816","post","type-post","status-publish","format-standard","has-post-thumbnail","hentry","category-noticias"],"_links":{"self":[{"href":"https:\/\/www.secpf.com.br\/site\/wp-json\/wp\/v2\/posts\/2816","targetHints":{"allow":["GET"]}}],"collection":[{"href":"https:\/\/www.secpf.com.br\/site\/wp-json\/wp\/v2\/posts"}],"about":[{"href":"https:\/\/www.secpf.com.br\/site\/wp-json\/wp\/v2\/types\/post"}],"author":[{"embeddable":true,"href":"https:\/\/www.secpf.com.br\/site\/wp-json\/wp\/v2\/users\/1"}],"replies":[{"embeddable":true,"href":"https:\/\/www.secpf.com.br\/site\/wp-json\/wp\/v2\/comments?post=2816"}],"version-history":[{"count":2,"href":"https:\/\/www.secpf.com.br\/site\/wp-json\/wp\/v2\/posts\/2816\/revisions"}],"predecessor-version":[{"id":2825,"href":"https:\/\/www.secpf.com.br\/site\/wp-json\/wp\/v2\/posts\/2816\/revisions\/2825"}],"wp:featuredmedia":[{"embeddable":true,"href":"https:\/\/www.secpf.com.br\/site\/wp-json\/wp\/v2\/media\/2818"}],"wp:attachment":[{"href":"https:\/\/www.secpf.com.br\/site\/wp-json\/wp\/v2\/media?parent=2816"}],"wp:term":[{"taxonomy":"category","embeddable":true,"href":"https:\/\/www.secpf.com.br\/site\/wp-json\/wp\/v2\/categories?post=2816"},{"taxonomy":"post_tag","embeddable":true,"href":"https:\/\/www.secpf.com.br\/site\/wp-json\/wp\/v2\/tags?post=2816"}],"curies":[{"name":"wp","href":"https:\/\/api.w.org\/{rel}","templated":true}]}}