{"id":2820,"date":"2020-01-24T11:02:41","date_gmt":"2020-01-24T14:02:41","guid":{"rendered":"http:\/\/www.secpf.com.br\/site\/?p=2820"},"modified":"2020-01-27T11:09:23","modified_gmt":"2020-01-27T14:09:23","slug":"politica-de-bolsonaro-aprofunda-desigualdade-afirma-oxfam","status":"publish","type":"post","link":"https:\/\/www.secpf.com.br\/site\/politica-de-bolsonaro-aprofunda-desigualdade-afirma-oxfam\/","title":{"rendered":"Pol\u00edtica de Bolsonaro aprofunda desigualdade, afirma Oxfam"},"content":{"rendered":"<h2 class=\"mt-4\">O alerta foi feito, nesta segunda-feira (20), em estudo sobre a concentra\u00e7\u00e3o de renda no mundo.<\/h2>\n<p>As medidas econ\u00f4micas de Jair Bolsonaro s\u00e3o respons\u00e1veis pelo aumento da desigualdade entre ricos e pobres no Brasil. O alerta foi feito, nesta segunda-feira (20), pela organiza\u00e7\u00e3o internacional de combate \u00e0 pobreza Oxfam, em estudo sobre a concentra\u00e7\u00e3o de renda no mundo.<\/p>\n<figure id=\"attachment_2822\" aria-describedby=\"caption-attachment-2822\" style=\"width: 900px\" class=\"wp-caption alignnone\"><a href=\"http:\/\/www.secpf.com.br\/site\/wp-content\/uploads\/2020\/01\/240119-politica-bolsonaro.jpeg\"><img fetchpriority=\"high\" decoding=\"async\" class=\"size-full wp-image-2822\" src=\"http:\/\/www.secpf.com.br\/site\/wp-content\/uploads\/2020\/01\/240119-politica-bolsonaro.jpeg\" alt=\"Desigualdade tem batido recordes no mundo\" width=\"900\" height=\"500\" srcset=\"https:\/\/www.secpf.com.br\/site\/wp-content\/uploads\/2020\/01\/240119-politica-bolsonaro.jpeg 900w, https:\/\/www.secpf.com.br\/site\/wp-content\/uploads\/2020\/01\/240119-politica-bolsonaro-300x167.jpeg 300w\" sizes=\"(max-width: 900px) 100vw, 900px\" \/><\/a><figcaption id=\"caption-attachment-2822\" class=\"wp-caption-text\">Desigualdade tem batido recordes no mundo<\/figcaption><\/figure>\n<p>Para a entidade, \u201ca maioria dos l\u00edderes mundiais ainda est\u00e1 perseguindo agendas pol\u00edticas que conduzem a uma maior dist\u00e2ncia entre os que t\u00eam e os que n\u00e3o t\u00eam. L\u00edderes como o presidente Trump nos Estados Unidos e o presidente Bolsonaro no Brasil s\u00e3o exemplos dessa tend\u00eancia\u201d.<\/p>\n<p>O comunicado ainda critica a postura de Bolsonaro e sua equipe, que obstruem medidas para enfrentar a emerg\u00eancia clim\u00e1tica, o racismo, o sexismo e o \u00f3dio \u00e0s minorias. Os cortes de recursos a programas que atuam para reduzir a viol\u00eancia contra as mulheres tamb\u00e9m foram alvo de cr\u00edtica.<\/p>\n<p>A divulga\u00e7\u00e3o do estudo ocorre um dia antes do in\u00edcio do F\u00f3rum Econ\u00f4mico Mundial, em Davos, na Su\u00ed\u00e7a. L\u00edderes das principais economias mundiais estar\u00e3o reunidos, entre 21 e 24 de janeiro, para definir as pol\u00edticas econ\u00f4micas do pr\u00f3ximo per\u00edodo.<\/p>\n<p><strong>Abismo social<\/strong><br \/>\nO documento alerta para o abismo social que tem aumentado no mundo. Nos \u00faltimos dez anos, o n\u00famero de bilion\u00e1rios duplicou. Hoje, essa pequena parcela da popula\u00e7\u00e3o, cerca de duas mil pessoas, det\u00e9m mais recursos do que 4,6 bilh\u00f5es de pessoas juntas (60% da popula\u00e7\u00e3o mundial).<\/p>\n<p>A desigualdade salarial entre homens e mulheres tamb\u00e9m foi tema do estudo. Segundo a Oxfam, atualmente os 22 homens mais ricos do planeta t\u00eam mais riquezas do que a soma de todas as mulheres africanas.<\/p>\n<p>Al\u00e9m disso, as mulheres t\u00eam sofrido mais com o trabalho n\u00e3o remunerado, ou seja, afazeres dom\u00e9sticos e cuidados com a fam\u00edlia. Estima-se que em todo o mundo o trabalho dom\u00e9stico feminino represente 12,5 bilh\u00f5es de horas di\u00e1rias, sem que essas trabalhadoras recebam por isso. Se fosse remunerado, todo esse trabalho geraria 10,8 trilh\u00f5es de d\u00f3lares por ano.<\/p>\n<p>\u201cA popula\u00e7\u00e3o j\u00e1 sentiu os efeitos da pol\u00edtica de Bolsonaro, que privilegia os ricos e destr\u00f3i os direitos dos mais pobres. Para mudar esse cen\u00e1rio, \u00e9 fundamental a luta organizada dos trabalhadores\u201d, afirma o vice-presidente do Sindicato, Renato Almeida.<\/p>\n<p>&nbsp;<\/p>\n<p>Fonte:\u00a0<a href=\"http:\/\/www.sindmetalsjc.org.br\/n\/4772\/politica-de-bolsonaro-aprofunda-desigualdade-afirma-oxfam\" target=\"_blank\">sindmetalsjc.org.br<\/a><\/p>\n<div id=\"njcdgcofcbnlbpkpdhmlmiblaglnkpnj\"><\/div>\n<div id=\"njcdgcofcbnlbpkpdhmlmiblaglnkpnj\"><\/div>\n","protected":false},"excerpt":{"rendered":"<p>O alerta foi feito, nesta segunda-feira (20), em estudo sobre a concentra\u00e7\u00e3o de renda no mundo. As medidas econ\u00f4micas de<\/p>\n","protected":false},"author":1,"featured_media":2822,"comment_status":"closed","ping_status":"open","sticky":false,"template":"","format":"standard","meta":{"colormag_page_container_layout":"default_layout","colormag_page_sidebar_layout":"default_layout","footnotes":""},"categories":[5],"tags":[],"class_list":["post-2820","post","type-post","status-publish","format-standard","has-post-thumbnail","hentry","category-noticias"],"_links":{"self":[{"href":"https:\/\/www.secpf.com.br\/site\/wp-json\/wp\/v2\/posts\/2820","targetHints":{"allow":["GET"]}}],"collection":[{"href":"https:\/\/www.secpf.com.br\/site\/wp-json\/wp\/v2\/posts"}],"about":[{"href":"https:\/\/www.secpf.com.br\/site\/wp-json\/wp\/v2\/types\/post"}],"author":[{"embeddable":true,"href":"https:\/\/www.secpf.com.br\/site\/wp-json\/wp\/v2\/users\/1"}],"replies":[{"embeddable":true,"href":"https:\/\/www.secpf.com.br\/site\/wp-json\/wp\/v2\/comments?post=2820"}],"version-history":[{"count":2,"href":"https:\/\/www.secpf.com.br\/site\/wp-json\/wp\/v2\/posts\/2820\/revisions"}],"predecessor-version":[{"id":2824,"href":"https:\/\/www.secpf.com.br\/site\/wp-json\/wp\/v2\/posts\/2820\/revisions\/2824"}],"wp:featuredmedia":[{"embeddable":true,"href":"https:\/\/www.secpf.com.br\/site\/wp-json\/wp\/v2\/media\/2822"}],"wp:attachment":[{"href":"https:\/\/www.secpf.com.br\/site\/wp-json\/wp\/v2\/media?parent=2820"}],"wp:term":[{"taxonomy":"category","embeddable":true,"href":"https:\/\/www.secpf.com.br\/site\/wp-json\/wp\/v2\/categories?post=2820"},{"taxonomy":"post_tag","embeddable":true,"href":"https:\/\/www.secpf.com.br\/site\/wp-json\/wp\/v2\/tags?post=2820"}],"curies":[{"name":"wp","href":"https:\/\/api.w.org\/{rel}","templated":true}]}}