{"id":2835,"date":"2020-01-10T11:24:33","date_gmt":"2020-01-10T14:24:33","guid":{"rendered":"http:\/\/www.secpf.com.br\/site\/?p=2835"},"modified":"2020-01-27T11:30:21","modified_gmt":"2020-01-27T14:30:21","slug":"sob-chuva-manifestantes-fazem-novo-ato-contra-o-aumento-no-preco-do-transporte-em-sp","status":"publish","type":"post","link":"https:\/\/www.secpf.com.br\/site\/sob-chuva-manifestantes-fazem-novo-ato-contra-o-aumento-no-preco-do-transporte-em-sp\/","title":{"rendered":"Sob chuva, manifestantes fazem novo ato contra o aumento no pre\u00e7o do transporte em SP"},"content":{"rendered":"<h2 class=\"description\">Pol\u00edcia dispersou o protesto com bombas de efeito moral. Duas pessoas foram detidas por desacato<\/h2>\n<figure id=\"attachment_2837\" aria-describedby=\"caption-attachment-2837\" style=\"width: 640px\" class=\"wp-caption alignnone\"><img fetchpriority=\"high\" decoding=\"async\" class=\"size-full wp-image-2837\" src=\"http:\/\/www.secpf.com.br\/site\/wp-content\/uploads\/2020\/01\/100120-protestos-SP.jpg\" alt=\"Protesto seguiu pelas ruas do centro mesmo sob chuva. MPL promete voltar \u00e0s ruas na pr\u00f3xima semana \/ Nara Lacerda\" width=\"640\" height=\"480\" srcset=\"https:\/\/www.secpf.com.br\/site\/wp-content\/uploads\/2020\/01\/100120-protestos-SP.jpg 640w, https:\/\/www.secpf.com.br\/site\/wp-content\/uploads\/2020\/01\/100120-protestos-SP-300x225.jpg 300w, https:\/\/www.secpf.com.br\/site\/wp-content\/uploads\/2020\/01\/100120-protestos-SP-320x240.jpg 320w\" sizes=\"(max-width: 640px) 100vw, 640px\" \/><figcaption id=\"caption-attachment-2837\" class=\"wp-caption-text\">Protesto seguiu pelas ruas do centro mesmo sob chuva. MPL promete voltar \u00e0s ruas na pr\u00f3xima semana \/ Nara Lacerda<\/figcaption><\/figure>\n<p>O segundo ato do Movimento Passe Livre contra o aumento das passagens na cidade de S\u00e3o Paulo terminou com bombas de efeito moral lan\u00e7adas pela Pol\u00edcia para dispersar os manifestantes.<\/p>\n<p>O protesto desta quinta-feira (9)\u00a0come\u00e7ou na regi\u00e3o da Pra\u00e7a da S\u00e9 e seguiu sob chuva pelas ruas do centro de capital paulista. Na pra\u00e7a da Rep\u00fablica, o grupo planejava entrar na esta\u00e7\u00e3o de metr\u00f4, mas foi contido pela\u00a0PM, que al\u00e9m das bombas posicionou diversos agentes na entradas\u00a0e em locais estrat\u00e9gicos das imedia\u00e7\u00f5es.<\/p>\n<p class=\"ckeditor-img-caption\"><img decoding=\"async\" src=\"https:\/\/farm66.staticflickr.com\/65535\/49363347327_34bddfd245_o.jpg\" alt=\"\" \/>Ato teve concentra\u00e7\u00e3o na regi\u00e3o da Pra\u00e7a da S\u00e9. Foto: Pedro Macimo<\/p>\n<p>Dois jovens foram detidos por desacato. Representantes da Comiss\u00e3o de Direitos Humanos da Ordem dos Advogados do Brasil (OAB) acompanharam ambos at\u00e9 o distrito.<\/p>\n<p>O advogado Cl\u00e1udio Orlando, que faz parte da comiss\u00e3o, ressalta que a OAB vai continuar acompanhando as manifesta\u00e7\u00f5es e considera que o uso de bombas de efeito moral foi exagerado.<\/p>\n<p>\u201cEu estava bem no meio da confus\u00e3o e jogaram bombas para todos os lados. Inclusive, n\u00e3o me pegou, mas pegou um colega na perna. Eu sa\u00ed do local e acabei acompanhando uma abordagem de oito jovens. A impress\u00e3o que deu dessa abordagem que eu acompanhei foi de que os meninos j\u00e1 estavam indo embora e a pol\u00edcia fez quest\u00e3o de segui-los com\u00a0motos. Uma a\u00e7\u00e3o desnecess\u00e1ria.\u201d<\/p>\n<p>Gabriela Dantas, militante do Movimento Passe Livre, tamb\u00e9m questiona a a\u00e7\u00e3o policial.<\/p>\n<p>\u201cEles reprimiram a gente, vieram pra cima, jogaram bomba de g\u00e1s, colocaram em risco at\u00e9 crian\u00e7as e idosos que estavam ali. Foi uma a\u00e7\u00e3o completamente desproporcional, considerando que tudo o que a gente queria era ir embora para casa e eles continuam impedindo nosso direito de ir e vir. Nossa resposta \u00e9 que a gente n\u00e3o vai sair da rua.\u201d<\/p>\n<p class=\"ckeditor-img-caption\"><img decoding=\"async\" src=\"https:\/\/farm66.staticflickr.com\/65535\/49363140406_58f5b559ba_o.jpg\" alt=\"\" \/>O novo valor \u00e9 contestado por \u00f3rg\u00e3o de defesa do consumidor. Foto: Pedro Macimo<\/p>\n<p>A tarifa na cidade de S\u00e3o Paulo subiu de R$ 4,30 para R$ 4,40 e \u00e9 contestado tamb\u00e9m pelo Instituto de Defesa do Consumidor, que em carta protocolada na prefeitura solicita revis\u00e3o do reajuste.<\/p>\n<p>O or\u00e7amento previsto para a Secretaria Municipal de Transportes este ano aumentou 2% e o valor do subs\u00eddio que o governo municipal concedo \u00e0s empresas ter\u00e1 redu\u00e7\u00e3o de mais de 600 milh\u00f5es de reais.<\/p>\n<p>Na segunda-feira, o movimento Passe Livre realizou o\u00a0primeiro ato contra os reajustes. Centenas de pessoas se reuniram na manifesta\u00e7\u00e3o, que saiu do viaduto do ch\u00e1 e foi at\u00e9 a avenida paulista. Na ocasi\u00e3o tamb\u00e9m houve confronto e mais de vinte pessoas foram detidas.<\/p>\n<p class=\"ckeditor-img-caption\"><img decoding=\"async\" src=\"https:\/\/farm66.staticflickr.com\/65535\/49363155456_9b9295829d_o.jpg\" alt=\"\" \/>Pol\u00edcia dispersou o protesto com bombas de efeito moral. Duas pessoas foram detidas por desacato. Foto: Pedro Macimo<\/p>\n<p>O movimento convocou novas manifesta\u00e7\u00f5es para semana que vem. H\u00e1 atos marcados\u00a0no Graja\u00fa, na quarta-feira (15), e no centro na quinta (15).<\/p>\n<p>&nbsp;<\/p>\n<p>Fonte: <em><a href=\"https:\/\/www.brasildefato.com.br\/2020\/01\/09\/sob-chuva-manifestantes-fazem-novo-ato-contra-o-aumento-no-preco-do-transporte-em-sp\/\" target=\"_blank\">Brasil de Fato<\/a><\/em><\/p>\n<p>&nbsp;<\/p>\n<div id=\"njcdgcofcbnlbpkpdhmlmiblaglnkpnj\"><\/div>\n","protected":false},"excerpt":{"rendered":"<p>Pol\u00edcia dispersou o protesto com bombas de efeito moral. Duas pessoas foram detidas por desacato O segundo ato do Movimento<\/p>\n","protected":false},"author":1,"featured_media":2837,"comment_status":"closed","ping_status":"open","sticky":false,"template":"","format":"standard","meta":{"colormag_page_container_layout":"default_layout","colormag_page_sidebar_layout":"default_layout","footnotes":""},"categories":[5],"tags":[],"class_list":["post-2835","post","type-post","status-publish","format-standard","has-post-thumbnail","hentry","category-noticias"],"_links":{"self":[{"href":"https:\/\/www.secpf.com.br\/site\/wp-json\/wp\/v2\/posts\/2835","targetHints":{"allow":["GET"]}}],"collection":[{"href":"https:\/\/www.secpf.com.br\/site\/wp-json\/wp\/v2\/posts"}],"about":[{"href":"https:\/\/www.secpf.com.br\/site\/wp-json\/wp\/v2\/types\/post"}],"author":[{"embeddable":true,"href":"https:\/\/www.secpf.com.br\/site\/wp-json\/wp\/v2\/users\/1"}],"replies":[{"embeddable":true,"href":"https:\/\/www.secpf.com.br\/site\/wp-json\/wp\/v2\/comments?post=2835"}],"version-history":[{"count":1,"href":"https:\/\/www.secpf.com.br\/site\/wp-json\/wp\/v2\/posts\/2835\/revisions"}],"predecessor-version":[{"id":2838,"href":"https:\/\/www.secpf.com.br\/site\/wp-json\/wp\/v2\/posts\/2835\/revisions\/2838"}],"wp:featuredmedia":[{"embeddable":true,"href":"https:\/\/www.secpf.com.br\/site\/wp-json\/wp\/v2\/media\/2837"}],"wp:attachment":[{"href":"https:\/\/www.secpf.com.br\/site\/wp-json\/wp\/v2\/media?parent=2835"}],"wp:term":[{"taxonomy":"category","embeddable":true,"href":"https:\/\/www.secpf.com.br\/site\/wp-json\/wp\/v2\/categories?post=2835"},{"taxonomy":"post_tag","embeddable":true,"href":"https:\/\/www.secpf.com.br\/site\/wp-json\/wp\/v2\/tags?post=2835"}],"curies":[{"name":"wp","href":"https:\/\/api.w.org\/{rel}","templated":true}]}}