{"id":2854,"date":"2020-02-24T11:26:18","date_gmt":"2020-02-24T14:26:18","guid":{"rendered":"http:\/\/www.secpf.com.br\/site\/?p=2854"},"modified":"2020-02-25T11:26:52","modified_gmt":"2020-02-25T14:26:52","slug":"em-audiencia-no-senado-csp-conlutas-defende-fim-da-mp-905-da-carteira-verde-amarela","status":"publish","type":"post","link":"https:\/\/www.secpf.com.br\/site\/em-audiencia-no-senado-csp-conlutas-defende-fim-da-mp-905-da-carteira-verde-amarela\/","title":{"rendered":"Em audi\u00eancia no Senado, CSP-Conlutas defende fim da MP 905 da Carteira Verde Amarela"},"content":{"rendered":"<p>O membro da Secretaria Executiva Nacional da CSP-Conlutas, Paulo Barela esteve nesta ter\u00e7a-feira (18), em Bras\u00edlia, em duas atividades representando a Central.<\/p>\n<p><a href=\"http:\/\/cspconlutas.org.br\/wp-content\/uploads\/2020\/02\/Paulo-Barela-comiss%C3%A3o-mista-mp-905.png\"><img fetchpriority=\"high\" decoding=\"async\" class=\"aligncenter wp-image-161491\" src=\"http:\/\/cspconlutas.org.br\/wp-content\/uploads\/2020\/02\/Paulo-Barela-comiss%C3%A3o-mista-mp-905.png\" sizes=\"(max-width: 420px) 100vw, 420px\" srcset=\"http:\/\/cspconlutas.org.br\/wp-content\/uploads\/2020\/02\/Paulo-Barela-comiss\u00e3o-mista-mp-905.png 567w, http:\/\/cspconlutas.org.br\/wp-content\/uploads\/2020\/02\/Paulo-Barela-comiss\u00e3o-mista-mp-905-300x214.png 300w\" alt=\"\" width=\"420\" height=\"299\" \/><\/a><\/p>\n<p>Pela manh\u00e3, foi convidado pela Comiss\u00e3o Mista da Medida Provis\u00f3ria 905 (Contrato de Trabalho Verde-Amarelo) para apresentar a posi\u00e7\u00e3o da CSP-Conlutas sobre esse projeto que retira v\u00e1rios direitos trabalhistas, mexendo em dezenas de artigos da CLT (Consolida\u00e7\u00e3o das Leis Trabalhistas) e acabando com a regulamenta\u00e7\u00e3o de v\u00e1rias profiss\u00f5es.<\/p>\n<p>O dirigente argumentou ser \u201cuma fal\u00e1cia\u201d que a MP 905 impulsionar\u00e1 a economia quando na verdade ir\u00e1 aprofundar as perdas dos trabalhadores em um cen\u00e1rio j\u00e1 desfavor\u00e1vel. Existem 5 milh\u00f5es de desalentados no pa\u00eds, mais de 12 milh\u00f5es de desempregados e 7 milh\u00f5es em condi\u00e7\u00f5es prec\u00e1rias de trabalho. Com isso, pelo menos 24 milh\u00f5es de pessoas est\u00e3o em condi\u00e7\u00f5es m\u00ednimas de sobreviv\u00eancia, o que representa 24% da popula\u00e7\u00e3o.<\/p>\n<p>\u201cA MP 905 e as futuras reformas administrativa e sindical cumprem com o papel de aprofundar o modelo neoliberal. N\u00f3s temos experi\u00eancias vividas de intensas mobiliza\u00e7\u00f5es dos trabalhadores chilenos, assim como os franceses, na luta contra a retirada de direitos previdenci\u00e1rios, e em diversos outros pa\u00edses. Esse \u00e9 o tom dado pelos trabalhadores, de luta e resist\u00eancia contra projetos, que assim como no Brasil, retiram direitos\u201d, pontuou Barela.<\/p>\n<p>Confira a fala do dirigente na \u00edntegra:<\/p>\n<p><iframe src=\"https:\/\/www.facebook.com\/plugins\/video.php?href=https%3A%2F%2Fwww.facebook.com%2FCSPConlutas%2Fvideos%2F619455625291355%2F&amp;show_text=0&amp;width=460\" width=\"460\" height=\"420\" frameborder=\"0\" scrolling=\"no\" allowfullscreen=\"allowfullscreen\"><\/iframe><\/p>\n<p>\u201c\u00c9 nesse ambiente que se apresenta uma proposta que retira uma s\u00e9ria de direitos dos trabalhadores. Aqui, eu ouvi que essa MP aumenta a seguran\u00e7a jur\u00eddica, evidentemente que essa seguran\u00e7a \u00e9 para os empres\u00e1rios para que possam explorar, sem que sejam punidos por isso (\u2026). Se existem a\u00e7\u00f5es trabalhistas no pa\u00eds \u00e9 porque o empresariado n\u00e3o cumpre com a lei. Vivemos uma situa\u00e7\u00e3o que ao inv\u00e9s de termos lei mais rigorosas para proteger os trabalhadores, o que temos visto \u00e9 o contr\u00e1rio com essa MP 905\u2033, denunciou Barela.<\/p>\n<p>Sobre as jornadas de trabalho que a MP 905 prev\u00ea de serem estendidas aos finais de semana, Barela tamb\u00e9m foi enf\u00e1tico. \u201cSe voc\u00ea perguntar para os comerci\u00e1rios se eles querem trabalhar aos domingos, eles v\u00e3o dizer que n\u00e3o, ou aos banc\u00e1rios se querem trabalhar aos s\u00e1bados, eles tamb\u00e9m n\u00e3o v\u00e3o querer\u201d, frisou.<\/p>\n<p>Para ele, essa MP n\u00e3o \u00e9 pelo trabalhador, \u00e9 pelo patr\u00e3o e enfraquece a atua\u00e7\u00e3o dos sindicatos para defender os trabalhadores.<\/p>\n<p>Barela aproveitou para apresentar a cartilha produzida pela Central e sindicato dos Metal\u00fargicos de S\u00e3o Jos\u00e9 dos Campos que busca conscientizar os trabalhadores sobre os impactos da MP 905. A medida fere os direitos da classe trabalhadora e precariza as rela\u00e7\u00f5es trabalhistas.<\/p>\n<p><strong>Tramita\u00e7\u00e3o<\/strong><\/p>\n<p>A MP 905 j\u00e1 foi analisada pela CCJ (Comiss\u00e3o de Constitui\u00e7\u00e3o e Justi\u00e7a) do Senado e agora est\u00e1 em an\u00e1lise em uma Comiss\u00e3o Mista de senadores e deputados que analisa somente a MP 905.<\/p>\n<p>Na audi\u00eancia p\u00fablica chamada pela Comiss\u00e3o Mista desta ter\u00e7a-feira foram ouvidas algumas entidades patronais e de trabalhadores sobre a medida. Nessa audi\u00eancia, o deputado relator da mat\u00e9ria Christino \u00c1ureo (Progressistas\/RJ) anunciou que vai apresentar nesta quarta-feira (19) relat\u00f3rio para ser lido na Comiss\u00e3o.<\/p>\n<p>Ap\u00f3s isso, o relat\u00f3rio, com incorpora\u00e7\u00f5es ou retirada de artigos, vai \u00e0 vota\u00e7\u00e3o na Comiss\u00e3o Mista e ser\u00e1 levado para a aprova\u00e7\u00e3o no plen\u00e1rio do Senado e depois na C\u00e2mara.<\/p>\n<p><strong>Outras atividades<\/strong><\/p>\n<p>No per\u00edodo da tarde, as Centrais Sindicais se reuniram com a lideran\u00e7a da minoria parlamentar da C\u00e2mara dos Deputados, Jandira Feghali (PCdoB\/RJ), e com a l\u00edder do PSOL Fernanda Melchiona (PSOL\/RS), para coordenar as a\u00e7\u00f5es entra o movimento sindical e a bancada de oposi\u00e7\u00e3o parlamentar diante dos in\u00fameros projetos e iniciativas do governo Bolsonaro e do Congresso Nacional que atacam os direitos dos trabalhadores e os servi\u00e7os p\u00fablicos.<\/p>\n<p>A CSP-Conlutas pontuou a necessidade de fortalecer as mobiliza\u00e7\u00f5es que se aproximam, como o 8 de mar\u00e7o e a greve nacional dos servidores p\u00fablicos e trabalhadores da Educa\u00e7\u00e3o marcado para o dia 18 de mar\u00e7o.<\/p>\n<p>Ficou marcada nova reuni\u00e3o das centrais com a minoria para o dia 11 de mar\u00e7o.<\/p>\n<p>&nbsp;<\/p>\n<p><span style=\"font-size: 10pt;\">Fonte: <em><a href=\"http:\/\/cspconlutas.org.br\/2020\/02\/em-audiencia-no-senado-csp-conlutas-defende-fim-da-mp-905-da-carteira-verde-amarela\/\" target=\"_blank\">CSPConlutas<\/a><\/em><\/span><\/p>\n<p>&nbsp;<\/p>\n<div id=\"njcdgcofcbnlbpkpdhmlmiblaglnkpnj\"><\/div>\n<div id=\"njcdgcofcbnlbpkpdhmlmiblaglnkpnj\"><\/div>\n","protected":false},"excerpt":{"rendered":"<p>O membro da Secretaria Executiva Nacional da CSP-Conlutas, Paulo Barela esteve nesta ter\u00e7a-feira (18), em Bras\u00edlia, em duas atividades representando<\/p>\n","protected":false},"author":1,"featured_media":2856,"comment_status":"closed","ping_status":"open","sticky":false,"template":"","format":"standard","meta":{"colormag_page_container_layout":"default_layout","colormag_page_sidebar_layout":"default_layout","footnotes":""},"categories":[5],"tags":[],"class_list":["post-2854","post","type-post","status-publish","format-standard","has-post-thumbnail","hentry","category-noticias"],"_links":{"self":[{"href":"https:\/\/www.secpf.com.br\/site\/wp-json\/wp\/v2\/posts\/2854","targetHints":{"allow":["GET"]}}],"collection":[{"href":"https:\/\/www.secpf.com.br\/site\/wp-json\/wp\/v2\/posts"}],"about":[{"href":"https:\/\/www.secpf.com.br\/site\/wp-json\/wp\/v2\/types\/post"}],"author":[{"embeddable":true,"href":"https:\/\/www.secpf.com.br\/site\/wp-json\/wp\/v2\/users\/1"}],"replies":[{"embeddable":true,"href":"https:\/\/www.secpf.com.br\/site\/wp-json\/wp\/v2\/comments?post=2854"}],"version-history":[{"count":2,"href":"https:\/\/www.secpf.com.br\/site\/wp-json\/wp\/v2\/posts\/2854\/revisions"}],"predecessor-version":[{"id":2858,"href":"https:\/\/www.secpf.com.br\/site\/wp-json\/wp\/v2\/posts\/2854\/revisions\/2858"}],"wp:featuredmedia":[{"embeddable":true,"href":"https:\/\/www.secpf.com.br\/site\/wp-json\/wp\/v2\/media\/2856"}],"wp:attachment":[{"href":"https:\/\/www.secpf.com.br\/site\/wp-json\/wp\/v2\/media?parent=2854"}],"wp:term":[{"taxonomy":"category","embeddable":true,"href":"https:\/\/www.secpf.com.br\/site\/wp-json\/wp\/v2\/categories?post=2854"},{"taxonomy":"post_tag","embeddable":true,"href":"https:\/\/www.secpf.com.br\/site\/wp-json\/wp\/v2\/tags?post=2854"}],"curies":[{"name":"wp","href":"https:\/\/api.w.org\/{rel}","templated":true}]}}