{"id":2873,"date":"2020-03-10T23:39:20","date_gmt":"2020-03-11T02:39:20","guid":{"rendered":"http:\/\/www.secpf.com.br\/site\/?p=2873"},"modified":"2020-03-12T00:12:47","modified_gmt":"2020-03-12T03:12:47","slug":"18-de-marco-dia-nacional-de-lutas-paralisacoes-e-protestos","status":"publish","type":"post","link":"https:\/\/www.secpf.com.br\/site\/18-de-marco-dia-nacional-de-lutas-paralisacoes-e-protestos\/","title":{"rendered":"18 de mar\u00e7o &#8211; Dia Nacional de Lutas, Paralisa\u00e7\u00f5es e Protestos"},"content":{"rendered":"<p><a href=\"http:\/\/www.secpf.com.br\/site\/wp-content\/uploads\/2020\/03\/100320-Jornal-18marco-Conlutas-cp.jpg\"><img fetchpriority=\"high\" decoding=\"async\" class=\"alignnone wp-image-2876 size-full\" src=\"http:\/\/www.secpf.com.br\/site\/wp-content\/uploads\/2020\/03\/100320-Jornal-18marco-Conlutas-cp.jpg\" alt=\"100320-Jornal-18marco-Conlutas-cp\" width=\"800\" height=\"758\" srcset=\"https:\/\/www.secpf.com.br\/site\/wp-content\/uploads\/2020\/03\/100320-Jornal-18marco-Conlutas-cp.jpg 800w, https:\/\/www.secpf.com.br\/site\/wp-content\/uploads\/2020\/03\/100320-Jornal-18marco-Conlutas-cp-300x284.jpg 300w\" sizes=\"(max-width: 800px) 100vw, 800px\" \/><\/a><\/p>\n<p>O projeto do governo Bolsonaro \u00e9 de entrega total das riquezas do pa\u00eds, destrui\u00e7\u00e3o dos direitos e de desmonte do Estado brasileiro e das pol\u00edticas p\u00fablicas. Tudo para garantir os interesses privados e lucros dos grandes empres\u00e1rios, banqueiros e do agroneg\u00f3cio e de Donald Trump, presidente dos EUA.<\/p>\n<p>Por isso, em um ano de governo, assistimos a graves ataques \u00e0 Previd\u00eancia, aos direitos trabalhistas, \u00e0 Amaz\u00f4nia, \u00e0s estatais e servi\u00e7os p\u00fablicos, aos ind\u00edgenas, quilombolas, aos sem-terra, sem-teto, etc. Mesmo assim, a crise econ\u00f4mica se aprofunda, o desemprego atinge milh\u00f5es de pessoas e o mercado de trabalho est\u00e1 cada mais precarizado.<\/p>\n<p>Os estados, independente do partido que governa, tem seguido a agenda do governo e aprovado reformas da Previd\u00eancia crueis. Bolsonaro quer ditadura &#8211; N\u00e3o bastasse toda a agenda ultraliberal, integrantes e aliados do governo, inclusive o pr\u00f3prio Bolsonaro, est\u00e3o convocando atos em defesa do fechamento do Congresso e do STF (Supremo Tribunal Federal).<\/p>\n<p>Bolsonaro quer de volta a ditadura para impor seu projeto autorit\u00e1rio. Quer esconder os casos de corrup\u00e7\u00e3o de seu governo e a rela\u00e7\u00e3o de sua fam\u00edlia com milicianos. Quer aumentar a retirada de direitos e a explora\u00e7\u00e3o dos setores oprimidos.<\/p>\n<p>Basta &#8211; N\u00e3o vamos permitir! \u00c9 preciso dar um basta a esse governo de ultradireita e ultraliberal, capacho de Trump. O ano teve in\u00edcio com fortes greves na DataPrev e Casa da Moeda, da PM do Cear\u00e1 e dos mais de 20 mil petroleiros, que paralisaram por 20 dias. O Carnaval tamb\u00e9m foi marcado por protestos contra Bolsonaro.<\/p>\n<p>Essa luta \u00e9 nossa &#8211; Dia 18 de mar\u00e7o ser\u00e1 Dia Nacional de Lutas, Protestos e Paralisa\u00e7\u00f5es. Junto com os trabalhadores da Educa\u00e7\u00e3o e do funcionalismo p\u00fablico, que j\u00e1 haviam marcado uma greve nacional, as centrais sindicais est\u00e3o convocando trabalhadores de todas as categorias, da iniciativa privada e do setor p\u00fablico, a se somarem \u00e0s a\u00e7\u00f5es deste dia.<\/p>\n<p>A CSP-Conlutas empenhar\u00e1 todos os esfor\u00e7os nesta mobiliza\u00e7\u00e3o. Fa\u00e7amos um grande dia nacional de lutas, rumo \u00e0 constru\u00e7\u00e3o de uma nova Greve Geral, \u00fanica forma de derrotar de vez Bolsonaro, Mour\u00e3o e Guedes.<\/p>\n<p>&nbsp;<\/p>\n<p><strong><a href=\"http:\/\/www.secpf.com.br\/site\/wp-content\/uploads\/2020\/03\/100320-Jornal-18marco-Conlutas.pdf\" target=\"_blank\">Clique aqui e LEIA O INFORMATIVO DA MOBILIZA\u00c7\u00c3O<br \/>\n<\/a><a href=\"http:\/\/www.secpf.com.br\/site\/wp-content\/uploads\/2020\/03\/100320-Jornal-18marco-Conlutas.pdf\" target=\"_blank\"><img decoding=\"async\" class=\"alignleft wp-image-2877 size-full\" src=\"http:\/\/www.secpf.com.br\/site\/wp-content\/uploads\/2020\/03\/100320-Jornal-18marco-Conlutas-2.jpg\" alt=\"100320-Jornal-18marco-Conlutas-2\" width=\"600\" height=\"846\" srcset=\"https:\/\/www.secpf.com.br\/site\/wp-content\/uploads\/2020\/03\/100320-Jornal-18marco-Conlutas-2.jpg 600w, https:\/\/www.secpf.com.br\/site\/wp-content\/uploads\/2020\/03\/100320-Jornal-18marco-Conlutas-2-213x300.jpg 213w\" sizes=\"(max-width: 600px) 100vw, 600px\" \/><\/a><\/strong><\/p>\n<p>&nbsp;<\/p>\n<div id=\"njcdgcofcbnlbpkpdhmlmiblaglnkpnj\"><\/div>\n","protected":false},"excerpt":{"rendered":"<p>O projeto do governo Bolsonaro \u00e9 de entrega total das riquezas do pa\u00eds, destrui\u00e7\u00e3o dos direitos e de desmonte do<\/p>\n","protected":false},"author":1,"featured_media":2876,"comment_status":"closed","ping_status":"open","sticky":false,"template":"","format":"standard","meta":{"colormag_page_container_layout":"default_layout","colormag_page_sidebar_layout":"default_layout","footnotes":""},"categories":[5],"tags":[353,18,406,180],"class_list":["post-2873","post","type-post","status-publish","format-standard","has-post-thumbnail","hentry","category-noticias","tag-bolsonaro","tag-destaque","tag-dia-de-luta","tag-mobilizacao"],"_links":{"self":[{"href":"https:\/\/www.secpf.com.br\/site\/wp-json\/wp\/v2\/posts\/2873","targetHints":{"allow":["GET"]}}],"collection":[{"href":"https:\/\/www.secpf.com.br\/site\/wp-json\/wp\/v2\/posts"}],"about":[{"href":"https:\/\/www.secpf.com.br\/site\/wp-json\/wp\/v2\/types\/post"}],"author":[{"embeddable":true,"href":"https:\/\/www.secpf.com.br\/site\/wp-json\/wp\/v2\/users\/1"}],"replies":[{"embeddable":true,"href":"https:\/\/www.secpf.com.br\/site\/wp-json\/wp\/v2\/comments?post=2873"}],"version-history":[{"count":1,"href":"https:\/\/www.secpf.com.br\/site\/wp-json\/wp\/v2\/posts\/2873\/revisions"}],"predecessor-version":[{"id":2878,"href":"https:\/\/www.secpf.com.br\/site\/wp-json\/wp\/v2\/posts\/2873\/revisions\/2878"}],"wp:featuredmedia":[{"embeddable":true,"href":"https:\/\/www.secpf.com.br\/site\/wp-json\/wp\/v2\/media\/2876"}],"wp:attachment":[{"href":"https:\/\/www.secpf.com.br\/site\/wp-json\/wp\/v2\/media?parent=2873"}],"wp:term":[{"taxonomy":"category","embeddable":true,"href":"https:\/\/www.secpf.com.br\/site\/wp-json\/wp\/v2\/categories?post=2873"},{"taxonomy":"post_tag","embeddable":true,"href":"https:\/\/www.secpf.com.br\/site\/wp-json\/wp\/v2\/tags?post=2873"}],"curies":[{"name":"wp","href":"https:\/\/api.w.org\/{rel}","templated":true}]}}