{"id":2918,"date":"2020-03-25T18:59:52","date_gmt":"2020-03-25T21:59:52","guid":{"rendered":"http:\/\/www.secpf.com.br\/site\/?p=2918"},"modified":"2020-03-25T19:00:11","modified_gmt":"2020-03-25T22:00:11","slug":"posicao-de-bolsonaro-sobre-pandemia-e-criminosa-e-preciso-e-possivel-defender-vidas-empregos-e-direitos","status":"publish","type":"post","link":"https:\/\/www.secpf.com.br\/site\/posicao-de-bolsonaro-sobre-pandemia-e-criminosa-e-preciso-e-possivel-defender-vidas-empregos-e-direitos\/","title":{"rendered":"Posi\u00e7\u00e3o de Bolsonaro sobre pandemia \u00e9 criminosa! \u00c9 preciso, e poss\u00edvel, defender vidas, empregos e direitos"},"content":{"rendered":"<p><a href=\"http:\/\/www.secpf.com.br\/site\/wp-content\/uploads\/2020\/03\/250320-fora-bolsonaro.jpg\"><img fetchpriority=\"high\" decoding=\"async\" class=\"alignnone size-full wp-image-2920\" src=\"http:\/\/www.secpf.com.br\/site\/wp-content\/uploads\/2020\/03\/250320-fora-bolsonaro.jpg\" alt=\"250320-fora-bolsonaro\" width=\"750\" height=\"375\" srcset=\"https:\/\/www.secpf.com.br\/site\/wp-content\/uploads\/2020\/03\/250320-fora-bolsonaro.jpg 750w, https:\/\/www.secpf.com.br\/site\/wp-content\/uploads\/2020\/03\/250320-fora-bolsonaro-300x150.jpg 300w\" sizes=\"(max-width: 750px) 100vw, 750px\" \/><\/a><\/p>\n<p>Causou indigna\u00e7\u00e3o e perplexidade o pronunciamento de Jair Bolsonaro, em rede nacional de r\u00e1dio e TV, na noite desta ter\u00e7a-feira (24), sobre a posi\u00e7\u00e3o de seu governo sobre a pandemia de coronav\u00edrus. \u00a0Na pr\u00e1tica, indo contra medidas adotadas em todo o mundo, inclusive orientadas pelo pr\u00f3prio Minist\u00e9rio da Sa\u00fade de seu governo, Bolsonaro defendeu o fim das principais medidas de preven\u00e7\u00e3o \u00e0 Covid-19.<\/p>\n<p>O presidente de ultradireita defendeu a suspens\u00e3o da quarentena decretada em escolas, com\u00e9rcios e as restri\u00e7\u00f5es \u00e0s aglomera\u00e7\u00e3o de pessoas e confinamento social.<\/p>\n<p>A posi\u00e7\u00e3o de Bolsonaro n\u00e3o tem qualquer embasamento cient\u00edfico ou t\u00e9cnico. Com o falso argumento de que \u00e9 preciso conter o \u201cp\u00e2nico e a histeria\u201d, na pr\u00e1tica, orientou em rede nacional que a popula\u00e7\u00e3o deixe de tomar os cuidados para impedir a prolifera\u00e7\u00e3o do coronav\u00edrus, que j\u00e1 matou mais de 16 mil pessoas em todo o mundo.<\/p>\n<p>No Brasil, apenas de segunda para ter\u00e7a-feira, o n\u00famero oficial de mortes pulou de 34 para 46 e ultrapassou 2.200 infectados. Vale, salientar, contudo, que esses n\u00fameros est\u00e3o subnotificados segundo v\u00e1rios especialistas. As estimativas s\u00e3o de que no pa\u00eds a situa\u00e7\u00e3o vai se agravar nas pr\u00f3ximas semanas e medidas de conten\u00e7\u00e3o neste momento s\u00e3o fundamentais para combater esse quadro.<\/p>\n<p><strong>Eles n\u00e3o se importam com a vida do povo!<\/strong><\/p>\n<p>Bolsonaro, de forma irrespons\u00e1vel e criminosa, est\u00e1 defendendo o fim do combate efetivo \u00e0 pandemia, o que vai aumentar imensamente o n\u00famero de mortes no pa\u00eds. Para este presidente criminoso, a vida de pessoas simplesmente \u00e9 descart\u00e1vel! Seu pronunciamento ocorreu sob a realiza\u00e7\u00e3o de mais um \u201cpanela\u00e7o\u201d em v\u00e1rias regi\u00f5es do pa\u00eds. O 8\u00b0 dia seguido de protestos que defendem \u201cFora Bolsonaro\u201d.<\/p>\n<p>Nesta quarta-feira (25), em novo pronunciamento \u00e0 imprensa, Bolsonaro reafirmou seu pronunciamento e foi al\u00e9m. Defende a mudan\u00e7a na orienta\u00e7\u00e3o do governo de forma oficial no pa\u00eds, para o chamado isolamento parcial (apenas para idosos e pessoas com doen\u00e7as pr\u00e9vias) e fim das medidas de restri\u00e7\u00e3o e quarentena.<\/p>\n<p>Um esc\u00e2ndalo. Afinal, com o tr\u00e2nsito de pessoas liberado de forma indiscriminada, volta de aulas, funcionamento do com\u00e9rcio, aglomera\u00e7\u00f5es nos transportes, etc, sequer idosos seriam protegidos, pois ficariam \u00e0 merc\u00ea do cont\u00e1gio que crescer\u00e1 ainda mais e levar\u00e1 ao colapso do sistema de sa\u00fade, como ocorre em outros pa\u00edses.<\/p>\n<p>Bolsonaro voltou a criticar a imprensa e quem est\u00e1 tomando medidas de preven\u00e7\u00e3o e, de forma desonesta, manobra de forma proposital a situa\u00e7\u00e3o da crise econ\u00f4mica para defender este crime de abandonar as pol\u00edticas de preven\u00e7\u00e3o ao coronav\u00edrus. Ainda segundo ele, a \u201ceconomia n\u00e3o pode parar\u201d e \u00e9 preciso evitar o agravamento da crise.<\/p>\n<p>\u00c9 o mesmo discurso canalha de v\u00e1rios empres\u00e1rios que tem circulado nas redes sociais nos \u00faltimos dias.<\/p>\n<p>Junior Durski, dono da rede de hamburguerias Madero, s\u00f3cio de Luciano Huck e apoiador de Bolsonaro, em v\u00eddeo, afirmou que paralisa\u00e7\u00f5es de empresas n\u00e3o se justificam por conta de \u201c5 mil ou 7 mil pessoas que v\u00e3o morrer (por conta do coronav\u00edrus)\u201d.<\/p>\n<p>Luciano Hang, outro empres\u00e1rio apoiador de Bolsonaro, dono da rede de lojas Havan, S\u00e9rgio Rial, presidente do banco Santander, e Alexandre Guerra, s\u00f3cio da rede Girafas, tamb\u00e9m deram declara\u00e7\u00f5es de pouco caso diante da gravidade da pandemia e a contamina\u00e7\u00e3o dos trabalhadores. Todos defenderam medidas do governo de Bolsonaro que est\u00e1 propondo a redu\u00e7\u00e3o de sal\u00e1rios, direitos e demiss\u00f5es para garantir os lucros das empresas a qualquer custo.<\/p>\n<p>\u201c\u00c9 um esc\u00e1rnio a posi\u00e7\u00e3o de Bolsonaro, governadores e empres\u00e1rios que falam que a economia n\u00e3o pode parar e que por isso vale o custo de deixar milhares de pessoas morrerem. Um absurdo. Esta \u00e9 a maior demonstra\u00e7\u00e3o da barb\u00e1rie capitalista, que este sistema n\u00e3o tem mais como continuar, pois para eles o lucro vale mais que a vida\u201d, denuncia o integrante da Secretaria Executiva Nacional da CSP-Conlutas Luiz Carlos Prates, o Mancha.<\/p>\n<p>Esta tamb\u00e9m \u00e9 a posi\u00e7\u00e3o de Donald Trump, presidente ultradireitista dos Estados Unidos, onde j\u00e1 morreram mais de 700 pessoas e os n\u00famero de casos ultrapassou 50 mil pessoas, apesar de ser a maior potencia mundial.<\/p>\n<p><strong>\u00c9 poss\u00edvel defender a vida, empregos e direitos<\/strong><\/p>\n<p>Segundo Mancha, diante da pandemia de coronav\u00edrus e da crise econ\u00f4mica mundial, \u00e9 poss\u00edvel e preciso defender acima de tudo a vida das pessoas, os empregos, sal\u00e1rios e direitos.<\/p>\n<p>\u201cEles falam que \u00e9 preciso escolher entre salvar vidas ou salvar a economia e os empregos. Mentem descaradamente. Pois a pol\u00edtica de Bolsonaro e dos empres\u00e1rios n\u00e3o \u00e9 garantir os empregos, at\u00e9 porque as medidas que defendem \u00e9 demitir e reduzir direitos. Eles querem \u00e9 apenas defender os seus lucros \u00e0 custa da morte de milhares de pessoas e de ataques \u00e0s condi\u00e7\u00f5es de vida\u201d, continuou o dirigente.<\/p>\n<p>\u201cH\u00e1 medidas que podem garantir os empregos e impulsionar a economia. \u00c9 preciso proibir demiss\u00f5es, decretar estabilidade no emprego, proteger os sal\u00e1rios e direitos, garantir renda para os trabalhadores informais, extens\u00e3o do seguro-desemprego, financiamento para os pequenos comerciantes e empres\u00e1rios, produ\u00e7\u00e3o planejada da produ\u00e7\u00e3o para fabrica\u00e7\u00e3o de produtos, medicamentos e equipamentos para combate \u00e0 pandemia, entre outras. Basta gerenciar os recursos do pa\u00eds em defesa da vida, dos empregos, e n\u00e3o dos lucros\u201d, exemplificou Mancha.<\/p>\n<p>\u201c\u00c9 preciso deter este sistema. Os trabalhadores precisam ocupar seu lugar nesta luta. Vamos ficar em casa, n\u00e3o trabalha, parar o pa\u00eds . O capitalismo \u00e9 irracional. Um sistema que n\u00e3o garante a vida de crian\u00e7as e mais velhos \u00e9 que merece morrer! Fora Bolsonaro e Mour\u00e3o\u201d, concluiu.<\/p>\n<p>&nbsp;<\/p>\n<p><a href=\"http:\/\/cspconlutas.org.br\/2020\/03\/posicao-de-bolsonaro-sobre-pandemia-do-coronavirus-e-criminosa-e-preciso-e-possivel-defender-vidas-empregos-e-direitos\/\" target=\"_blank\">CSP Conlutas<\/a><\/p>\n<p>&nbsp;<\/p>\n<div id=\"njcdgcofcbnlbpkpdhmlmiblaglnkpnj\"><\/div>\n<div id=\"njcdgcofcbnlbpkpdhmlmiblaglnkpnj\"><\/div>\n","protected":false},"excerpt":{"rendered":"<p>Causou indigna\u00e7\u00e3o e perplexidade o pronunciamento de Jair Bolsonaro, em rede nacional de r\u00e1dio e TV, na noite desta ter\u00e7a-feira<\/p>\n","protected":false},"author":1,"featured_media":2920,"comment_status":"closed","ping_status":"open","sticky":false,"template":"","format":"standard","meta":{"colormag_page_container_layout":"default_layout","colormag_page_sidebar_layout":"default_layout","footnotes":""},"categories":[5],"tags":[353,407,18],"class_list":["post-2918","post","type-post","status-publish","format-standard","has-post-thumbnail","hentry","category-noticias","tag-bolsonaro","tag-coronavirus","tag-destaque"],"_links":{"self":[{"href":"https:\/\/www.secpf.com.br\/site\/wp-json\/wp\/v2\/posts\/2918","targetHints":{"allow":["GET"]}}],"collection":[{"href":"https:\/\/www.secpf.com.br\/site\/wp-json\/wp\/v2\/posts"}],"about":[{"href":"https:\/\/www.secpf.com.br\/site\/wp-json\/wp\/v2\/types\/post"}],"author":[{"embeddable":true,"href":"https:\/\/www.secpf.com.br\/site\/wp-json\/wp\/v2\/users\/1"}],"replies":[{"embeddable":true,"href":"https:\/\/www.secpf.com.br\/site\/wp-json\/wp\/v2\/comments?post=2918"}],"version-history":[{"count":2,"href":"https:\/\/www.secpf.com.br\/site\/wp-json\/wp\/v2\/posts\/2918\/revisions"}],"predecessor-version":[{"id":2922,"href":"https:\/\/www.secpf.com.br\/site\/wp-json\/wp\/v2\/posts\/2918\/revisions\/2922"}],"wp:featuredmedia":[{"embeddable":true,"href":"https:\/\/www.secpf.com.br\/site\/wp-json\/wp\/v2\/media\/2920"}],"wp:attachment":[{"href":"https:\/\/www.secpf.com.br\/site\/wp-json\/wp\/v2\/media?parent=2918"}],"wp:term":[{"taxonomy":"category","embeddable":true,"href":"https:\/\/www.secpf.com.br\/site\/wp-json\/wp\/v2\/categories?post=2918"},{"taxonomy":"post_tag","embeddable":true,"href":"https:\/\/www.secpf.com.br\/site\/wp-json\/wp\/v2\/tags?post=2918"}],"curies":[{"name":"wp","href":"https:\/\/api.w.org\/{rel}","templated":true}]}}