{"id":3006,"date":"2020-05-20T10:50:03","date_gmt":"2020-05-20T13:50:03","guid":{"rendered":"http:\/\/www.secpf.com.br\/site\/?p=3006"},"modified":"2020-05-20T10:59:59","modified_gmt":"2020-05-20T13:59:59","slug":"relator-da-mp-927-quer-ressuscitar-carteira-verde-e-amarela-mp-905-e-preciso-barrar","status":"publish","type":"post","link":"https:\/\/www.secpf.com.br\/site\/relator-da-mp-927-quer-ressuscitar-carteira-verde-e-amarela-mp-905-e-preciso-barrar\/","title":{"rendered":"Relator da MP 927 quer ressuscitar Carteira Verde e Amarela (MP 905). \u00c9 preciso barrar!"},"content":{"rendered":"<p><a href=\"http:\/\/www.secpf.com.br\/site\/wp-content\/uploads\/2020\/05\/200520-carteira-verde-e-amarela.jpeg\"><img fetchpriority=\"high\" decoding=\"async\" class=\"alignnone size-full wp-image-3008\" src=\"http:\/\/www.secpf.com.br\/site\/wp-content\/uploads\/2020\/05\/200520-carteira-verde-e-amarela.jpeg\" alt=\"200520-carteira-verde-e-amarela\" width=\"768\" height=\"439\" srcset=\"https:\/\/www.secpf.com.br\/site\/wp-content\/uploads\/2020\/05\/200520-carteira-verde-e-amarela.jpeg 768w, https:\/\/www.secpf.com.br\/site\/wp-content\/uploads\/2020\/05\/200520-carteira-verde-e-amarela-300x171.jpeg 300w, https:\/\/www.secpf.com.br\/site\/wp-content\/uploads\/2020\/05\/200520-carteira-verde-e-amarela-451x259.jpeg 451w\" sizes=\"(max-width: 768px) 100vw, 768px\" \/><\/a><\/p>\n<p>A C\u00e2mara dos Deputados se prepara para colocar em vota\u00e7\u00e3o mais uma Medida Provis\u00f3ria editada pelo governo Bolsonaro com a suposta justificativa de combater os efeitos da pandemia. \u00c9 a MP 927, que promove uma s\u00e9rie de altera\u00e7\u00f5es na legisla\u00e7\u00e3o trabalhista.<\/p>\n<p>A medida, por si s\u00f3, j\u00e1 traz v\u00e1rios ataques aos direitos dos trabalhadores para favorecer as empresas, mas como se isso n\u00e3o bastasse, o relator do texto, o deputado Celso Maldaner (MDB-SC), anunciou que ir\u00e1 incorporar pontos da extinta MP 905 (Carteira Verde e Amarela).<\/p>\n<p>MP 905, que criava um tipo de contrato de trabalho sem v\u00e1rios direitos e altamente precarizado, foi revogada por Bolsonaro em 20 de abril, para evitar que a medida caducasse ao n\u00e3o ser votada no Senado. Mas desde ent\u00e3o articula para que o texto seja reeditado de alguma forma.<\/p>\n<p><strong>Inclus\u00e3o de \u201coito ou nove\u201d pontos<\/strong><\/p>\n<p>A MP 927 foi a primeira medida editada por Bolsonaro com os primeiros ataques aos trabalhadores e privil\u00e9gios \u00e0s empresas, sob a desculpa de combate \u00e0 pandemia. O texto prev\u00ea uma s\u00e9rie de altera\u00e7\u00f5es na CLT, que flexibilizam a concess\u00e3o e o pagamento das f\u00e9rias, amplia o banco de horas, estabelece o home office, permite redu\u00e7\u00e3o de sal\u00e1rios, suspende \u00a0exig\u00eancias administrativas em seguran\u00e7a e sa\u00fade no trabalho, afasta o sindicato das negocia\u00e7\u00f5es sobre os termos do acordo individual, adia o pagamento do FGTS pelas empresas por tr\u00eas meses, entre outras.<\/p>\n<p>Por\u00e9m, para o Maldaner e o governo Bolsonaro esses ataques ainda s\u00e3o poucos e, por isso, querem retomar no relat\u00f3rio da MP 927 a Carteira Verde e Amarela.<\/p>\n<p>Maldoner disse que pretende incluir \u201coito ou nove pontos\u201d da MP 905. Sem explicar todos os pontos, citou o fim da regra que atualmente prev\u00ea que acidentes de trajeto (entre a resid\u00eancia do trabalhador e a empresa) sejam considerados como acidentes de trabalho, bem como a altera\u00e7\u00e3o do \u00edndice de corre\u00e7\u00e3o das d\u00edvidas trabalhistas, para reduzir o passivo das empresas. Somente a Petrobras, com essa altera\u00e7\u00e3o, reduziria em mais de R$ 24 bilh\u00f5es o que deve aos petroleiros.<\/p>\n<p>Segundo o jornal Valor Econ\u00f4mico, o deputado pretende incluir tamb\u00e9m o fim da exig\u00eancia de conven\u00e7\u00e3o coletiva para liberar o trabalho aos domingos e feriados e alterar o enquadramento da Covid-19 como doen\u00e7a ocupacional.<\/p>\n<p>As centrais sindicais j\u00e1 enviaram carta para o presidente da C\u00e2mara Rodrigo Maia recha\u00e7ando a volta das discuss\u00f5es sobre a MP 905 e cobrando que tal manobra seja barrada.<\/p>\n<p>\u201cA Carteira Verde Amarela n\u00e3o tem nada a ver com o combate \u00e0 pandemia do coronav\u00edrus e \u00e9 inaceit\u00e1vel que o governo e o Congresso sigam insistindo em aprovar esta medida que nada mais \u00e9 que o aprofundamento da reforma trabalhista e redu\u00e7\u00e3o dos direitos\u201d, denuncia o integrante da Secretaria Executiva Nacional da CSP-Conlutas Luiz Carlos Prates, o Mancha.<\/p>\n<p>\u201cA pandemia n\u00e3o pode ser usada pelo governo Bolsonaro e Mour\u00e3o e pelos empres\u00e1rios para aumentar a retirada de direitos e a explora\u00e7\u00e3o. Est\u00e3o jogando a crise sobre os trabalhadores, e os patr\u00f5es s\u00e3o favorecidos com redu\u00e7\u00e3o de impostos, ao mesmo tempo em que aumentam os pre\u00e7os. N\u00e3o podemos aceitar. \u00c9 preciso uma mobiliza\u00e7\u00e3o unificada para denunciar e barrar estes ataques\u201d, concluiu Mancha.<\/p>\n<p><strong>Leia tamb\u00e9m:<\/strong>\u00a0\u00a0<strong><a title=\"Permanent Link to \u00c9 inaceit\u00e1vel patr\u00f5es, governo e at\u00e9 algumas centrais defenderem redu\u00e7\u00e3o de sal\u00e1rios ap\u00f3s pandemia\" href=\"http:\/\/cspconlutas.org.br\/2020\/05\/e-inaceitavel-patroes-governo-e-algumas-centrais-defenderem-reducao-de-salarios-apos-pandemia\/\" target=\"_blank\" rel=\"bookmark\">MP 936: \u00e9 inaceit\u00e1vel patr\u00f5es, governo e at\u00e9 algumas centrais defenderem redu\u00e7\u00e3o de sal\u00e1rios ap\u00f3s pandemia<\/a><\/strong><\/p>\n<p>&nbsp;<\/p>\n<p><span style=\"font-size: 10pt;\"><em>Fonte: <a href=\"http:\/\/cspconlutas.org.br\/2020\/05\/relator-da-mp-927-quer-ressuscitar-ataques-da-carteira-verde-e-amarela-mp-905\/\" target=\"_blank\">CSP Conlutas<\/a><\/em><\/span><\/p>\n<div id=\"njcdgcofcbnlbpkpdhmlmiblaglnkpnj\"><\/div>\n<div id=\"njcdgcofcbnlbpkpdhmlmiblaglnkpnj\"><\/div>\n<div id=\"njcdgcofcbnlbpkpdhmlmiblaglnkpnj\"><\/div>\n","protected":false},"excerpt":{"rendered":"<p>A C\u00e2mara dos Deputados se prepara para colocar em vota\u00e7\u00e3o mais uma Medida Provis\u00f3ria editada pelo governo Bolsonaro com a<\/p>\n","protected":false},"author":1,"featured_media":3008,"comment_status":"closed","ping_status":"open","sticky":false,"template":"","format":"standard","meta":{"colormag_page_container_layout":"default_layout","colormag_page_sidebar_layout":"default_layout","footnotes":""},"categories":[5],"tags":[353,179,235],"class_list":["post-3006","post","type-post","status-publish","format-standard","has-post-thumbnail","hentry","category-noticias","tag-bolsonaro","tag-direito-trabalhista","tag-reforma-trabalhista"],"_links":{"self":[{"href":"https:\/\/www.secpf.com.br\/site\/wp-json\/wp\/v2\/posts\/3006","targetHints":{"allow":["GET"]}}],"collection":[{"href":"https:\/\/www.secpf.com.br\/site\/wp-json\/wp\/v2\/posts"}],"about":[{"href":"https:\/\/www.secpf.com.br\/site\/wp-json\/wp\/v2\/types\/post"}],"author":[{"embeddable":true,"href":"https:\/\/www.secpf.com.br\/site\/wp-json\/wp\/v2\/users\/1"}],"replies":[{"embeddable":true,"href":"https:\/\/www.secpf.com.br\/site\/wp-json\/wp\/v2\/comments?post=3006"}],"version-history":[{"count":3,"href":"https:\/\/www.secpf.com.br\/site\/wp-json\/wp\/v2\/posts\/3006\/revisions"}],"predecessor-version":[{"id":3017,"href":"https:\/\/www.secpf.com.br\/site\/wp-json\/wp\/v2\/posts\/3006\/revisions\/3017"}],"wp:featuredmedia":[{"embeddable":true,"href":"https:\/\/www.secpf.com.br\/site\/wp-json\/wp\/v2\/media\/3008"}],"wp:attachment":[{"href":"https:\/\/www.secpf.com.br\/site\/wp-json\/wp\/v2\/media?parent=3006"}],"wp:term":[{"taxonomy":"category","embeddable":true,"href":"https:\/\/www.secpf.com.br\/site\/wp-json\/wp\/v2\/categories?post=3006"},{"taxonomy":"post_tag","embeddable":true,"href":"https:\/\/www.secpf.com.br\/site\/wp-json\/wp\/v2\/tags?post=3006"}],"curies":[{"name":"wp","href":"https:\/\/api.w.org\/{rel}","templated":true}]}}