{"id":3011,"date":"2020-05-20T10:54:10","date_gmt":"2020-05-20T13:54:10","guid":{"rendered":"http:\/\/www.secpf.com.br\/site\/?p=3011"},"modified":"2020-05-20T11:00:30","modified_gmt":"2020-05-20T14:00:30","slug":"pivo-na-queda-de-ministro-cloroquina-nao-e-recomendada-por-entidades-medicas","status":"publish","type":"post","link":"https:\/\/www.secpf.com.br\/site\/pivo-na-queda-de-ministro-cloroquina-nao-e-recomendada-por-entidades-medicas\/","title":{"rendered":"Piv\u00f4 na queda de ministro, cloroquina n\u00e3o \u00e9 recomendada por entidades m\u00e9dicas"},"content":{"rendered":"<h2 class=\"mt-4\"><a href=\"http:\/\/www.secpf.com.br\/site\/wp-content\/uploads\/2020\/05\/200520-bolsonaro-e-cloroquina.jpg\"><img fetchpriority=\"high\" decoding=\"async\" class=\"alignnone size-full wp-image-3013\" src=\"http:\/\/www.secpf.com.br\/site\/wp-content\/uploads\/2020\/05\/200520-bolsonaro-e-cloroquina.jpg\" alt=\"200520-bolsonaro-e-cloroquina\" width=\"901\" height=\"500\" srcset=\"https:\/\/www.secpf.com.br\/site\/wp-content\/uploads\/2020\/05\/200520-bolsonaro-e-cloroquina.jpg 901w, https:\/\/www.secpf.com.br\/site\/wp-content\/uploads\/2020\/05\/200520-bolsonaro-e-cloroquina-300x166.jpg 300w\" sizes=\"(max-width: 901px) 100vw, 901px\" \/><\/a><\/h2>\n<h2 class=\"mt-4\">O presidente tem feito uso pol\u00edtico da subst\u00e2ncia, classificando-a como um \u201crem\u00e9dio salvador\u201d<\/h2>\n<p>O Brasil chama a aten\u00e7\u00e3o do mundo pela irresponsabilidade de seus governantes na condu\u00e7\u00e3o das a\u00e7\u00f5es de combate ao novo coronav\u00edrus. O principal respons\u00e1vel pelo cen\u00e1rio ca\u00f3tico \u00e9 Jair Bolsonaro, que provocou a sa\u00edda de mais um ministro da Sa\u00fade.<\/p>\n<p>Um m\u00eas depois da sa\u00edda de Luiz Henrique Mandetta, foi a vez de Nelson Teich deixar o governo, na sexta-feira (15), por discord\u00e2ncias com o presidente em rela\u00e7\u00e3o \u00e0s estrat\u00e9gias contra a pandemia. Bolsonaro defende o uso massivo da subst\u00e2ncia cloroquina, mesmo sem comprova\u00e7\u00e3o cient\u00edfica da sua efic\u00e1cia contra a covid-19.<\/p>\n<p>Na segunda-feira (18), as tr\u00eas principais entidades que representam m\u00e9dicos de especialidades diretamente ligadas \u00e0 covid-19, no Brasil, recomendaram que a cloroquina e a hidroxicloroquina n\u00e3o sejam usadas como tratamento de rotina da doen\u00e7a.<\/p>\n<p>O texto est\u00e1 no documento Diretrizes de Tratamento Farmacol\u00f3gico da Covid-19, elaborado em consenso pela Associa\u00e7\u00e3o de Medicina Intensiva Brasileira, Sociedade Brasileira de Infectologia e da Sociedade Brasileira de Pneumologia e Tisiologia.<\/p>\n<p>Ao contr\u00e1rio do que diz Bolsonaro, estudos apontam que a cloroquina pode at\u00e9 levar \u00e0 morte. Pesquisas realizadas na China d\u00e3o conta de que, em alta dosagem, pode agravar condi\u00e7\u00f5es de pacientes com doen\u00e7as no cora\u00e7\u00e3o.<\/p>\n<p><strong>Uso indevido de dinheiro p\u00fablico<\/strong><\/p>\n<p>O presidente tem feito uso pol\u00edtico da subst\u00e2ncia, classificando-a como um \u201crem\u00e9dio salvador\u201d, e usando dinheiro p\u00fablico para sua produ\u00e7\u00e3o. Estima-se que os laborat\u00f3rios das For\u00e7as Armadas t\u00eam produzido 1 milh\u00e3o de comprimidos por semana.<\/p>\n<p>Para se ter uma ideia, a produ\u00e7\u00e3o nacional de cloroquina geralmente fica na casa das 250 mil p\u00edlulas a cada dois anos. Tamanha superprodu\u00e7\u00e3o pode tornar-se descart\u00e1vel, caso fique comprovado que a cloroquina n\u00e3o \u00e9 recomendada para o tratamento da covid-19.<\/p>\n<p><strong>Sem puni\u00e7\u00e3o<\/strong><\/p>\n<p>Ciente de que poderia ser acusado na Justi\u00e7a por torrar dinheiro do contribuinte na produ\u00e7\u00e3o de um rem\u00e9dio ainda sem benef\u00edcio comprovado, Bolsonaro se precaveu. No dia 14, ele editou a Medida Provis\u00f3ria 966, que isenta agentes p\u00fablicos de puni\u00e7\u00e3o por decis\u00f5es tomadas durante a pandemia.<\/p>\n<p>O texto, claramente inconstitucional, foi alvo de den\u00fancia pelos partidos de oposi\u00e7\u00e3o e poder\u00e1 ser derrubado pelo Supremo Tribunal Federal (STF).<\/p>\n<p>\u201cBolsonaro tem culpa direta nos estragos que a covid-19 tem feito no Brasil, com seu discurso contra o isolamento e a favor do uso em massa da cloroquina. Por isso, \u00e9 necess\u00e1rio gritar: fora Bolsonaro e Mour\u00e3o\u201d, afirma o vice-presidente do Sindicato, Renato Almeida.<\/p>\n<p>&nbsp;<\/p>\n<p>Fonte:\u00a0<a href=\"http:\/\/www.sindmetalsjc.org.br\/n\/4977\/pivo-na-queda-de-ministro-cloroquina-nao-e-recomendada-por-entidades-medicas\" target=\"_blank\">sindmetalsjc.org.br<\/a><\/p>\n<p>&nbsp;<\/p>\n<p>&nbsp;<\/p>\n<div id=\"njcdgcofcbnlbpkpdhmlmiblaglnkpnj\"><\/div>\n<div id=\"njcdgcofcbnlbpkpdhmlmiblaglnkpnj\"><\/div>\n<div id=\"njcdgcofcbnlbpkpdhmlmiblaglnkpnj\"><\/div>\n","protected":false},"excerpt":{"rendered":"<p>O presidente tem feito uso pol\u00edtico da subst\u00e2ncia, classificando-a como um \u201crem\u00e9dio salvador\u201d O Brasil chama a aten\u00e7\u00e3o do mundo<\/p>\n","protected":false},"author":1,"featured_media":3013,"comment_status":"closed","ping_status":"open","sticky":false,"template":"","format":"standard","meta":{"colormag_page_container_layout":"default_layout","colormag_page_sidebar_layout":"default_layout","footnotes":""},"categories":[5],"tags":[353,413,407,50],"class_list":["post-3011","post","type-post","status-publish","format-standard","has-post-thumbnail","hentry","category-noticias","tag-bolsonaro","tag-cloroquina","tag-coronavirus","tag-saude"],"_links":{"self":[{"href":"https:\/\/www.secpf.com.br\/site\/wp-json\/wp\/v2\/posts\/3011","targetHints":{"allow":["GET"]}}],"collection":[{"href":"https:\/\/www.secpf.com.br\/site\/wp-json\/wp\/v2\/posts"}],"about":[{"href":"https:\/\/www.secpf.com.br\/site\/wp-json\/wp\/v2\/types\/post"}],"author":[{"embeddable":true,"href":"https:\/\/www.secpf.com.br\/site\/wp-json\/wp\/v2\/users\/1"}],"replies":[{"embeddable":true,"href":"https:\/\/www.secpf.com.br\/site\/wp-json\/wp\/v2\/comments?post=3011"}],"version-history":[{"count":3,"href":"https:\/\/www.secpf.com.br\/site\/wp-json\/wp\/v2\/posts\/3011\/revisions"}],"predecessor-version":[{"id":3018,"href":"https:\/\/www.secpf.com.br\/site\/wp-json\/wp\/v2\/posts\/3011\/revisions\/3018"}],"wp:featuredmedia":[{"embeddable":true,"href":"https:\/\/www.secpf.com.br\/site\/wp-json\/wp\/v2\/media\/3013"}],"wp:attachment":[{"href":"https:\/\/www.secpf.com.br\/site\/wp-json\/wp\/v2\/media?parent=3011"}],"wp:term":[{"taxonomy":"category","embeddable":true,"href":"https:\/\/www.secpf.com.br\/site\/wp-json\/wp\/v2\/categories?post=3011"},{"taxonomy":"post_tag","embeddable":true,"href":"https:\/\/www.secpf.com.br\/site\/wp-json\/wp\/v2\/tags?post=3011"}],"curies":[{"name":"wp","href":"https:\/\/api.w.org\/{rel}","templated":true}]}}