{"id":3050,"date":"2020-07-08T21:53:14","date_gmt":"2020-07-09T00:53:14","guid":{"rendered":"http:\/\/www.secpf.com.br\/site\/?p=3050"},"modified":"2020-08-03T12:33:33","modified_gmt":"2020-08-03T15:33:33","slug":"governo-e-congresso-querem-privatizar-a-agua","status":"publish","type":"post","link":"https:\/\/www.secpf.com.br\/site\/governo-e-congresso-querem-privatizar-a-agua\/","title":{"rendered":"Governo e Congresso querem privatizar a \u00e1gua"},"content":{"rendered":"<p><a href=\"http:\/\/www.secpf.com.br\/site\/wp-content\/uploads\/2020\/07\/080720-privatizacao-agua.jpeg\"><img fetchpriority=\"high\" decoding=\"async\" class=\"alignnone size-full wp-image-3052\" src=\"http:\/\/www.secpf.com.br\/site\/wp-content\/uploads\/2020\/07\/080720-privatizacao-agua.jpeg\" alt=\"080720-privatizacao-agua\" width=\"696\" height=\"463\" srcset=\"https:\/\/www.secpf.com.br\/site\/wp-content\/uploads\/2020\/07\/080720-privatizacao-agua.jpeg 696w, https:\/\/www.secpf.com.br\/site\/wp-content\/uploads\/2020\/07\/080720-privatizacao-agua-300x200.jpeg 300w, https:\/\/www.secpf.com.br\/site\/wp-content\/uploads\/2020\/07\/080720-privatizacao-agua-648x430.jpeg 648w\" sizes=\"(max-width: 696px) 100vw, 696px\" \/><\/a><\/p>\n<p>Enquanto o Brasil de aproxima rapidamente de 60 mil mortes pela COVID-19, o Senado aprovou uma medida que privatiza a \u00e1gua no pa\u00eds. O chamado novo marco regulat\u00f3rio do saneamento b\u00e1sico (PL 4162\/2019) foi aprovado por 65 votos contra 13.<\/p>\n<p>Como o projeto do governo Bolsonaro j\u00e1 havia sido aprovado na C\u00e2mara, ele vai agora para a san\u00e7\u00e3o do presidente. Sua aprova\u00e7\u00e3o foi articulada entre o ministro da Economia, Paulo Guedes, e o relator Tasso Jereissati (PSDB-CE), votado a toque de caixa e com apoio de um largo espectro que vai da mais fiel base bolsonarista at\u00e9 o senador Cid Gomes (PDT-CE), al\u00e9m dos aplausos da grande imprensa.<\/p>\n<p>O relator Tasso Jereissati \u00e9 s\u00f3cio da Coca-Cola no Brasil. A empresa tem interesse direto na privatiza\u00e7\u00e3o da \u00e1gua no Brasil e corre junto com outros grupos internacionais, como a su\u00ed\u00e7a Nestl\u00e9, a canadense Brookfield e a estadunidense Aegea.<\/p>\n<p>O tal novo marco est\u00e1 sendo vendido como uma solu\u00e7\u00e3o para a universaliza\u00e7\u00e3o do saneamento b\u00e1sico. De repente, at\u00e9 os mais liberais descobriram a exist\u00eancia de pobres e miser\u00e1veis sem acesso \u00e0 \u00e1gua e esgoto, e os n\u00fameros constrangedores do tratamento do saneamento b\u00e1sico no pa\u00eds. Al\u00e9m de universalizar o setor, sem aumentar a tarifa, a privatiza\u00e7\u00e3o, segundo seus defensores, ainda aumentaria os empregos em mais de 1 milh\u00e3o.<\/p>\n<p>A concorr\u00eancia do setor privado, segundo os defensores do projeto, seria respons\u00e1vel por levar saneamento a mais de 100 milh\u00f5es de brasileiros, al\u00e9m de 35 milh\u00f5es que hoje sequer contam com \u00e1gua pot\u00e1vel.<\/p>\n<p>\u00c9 evidente que toda essa hist\u00f3ria n\u00e3o passa de mentira para favorecer um punhado de empresas estrangeiras que vai transformar a \u00e1gua, que deveria ser um bem comum a todos, em mercadoria. Ao con\u00adtr\u00e1rio do que dizem, a privatiza\u00e7\u00e3o do servi\u00e7o de saneamento pode impedir o acesso aos servi\u00e7os por uma parte da popula\u00e7\u00e3o, uma vez que o setor privado s\u00f3 vai investir naquilo que lhe proporcione lucros.<\/p>\n<p><img decoding=\"async\" class=\"aligncenter size-full wp-image-78469 td-animation-stack-type2-2\" src=\"https:\/\/i1.wp.com\/www.pstu.org.br\/wp-content\/uploads\/2020\/07\/%C3%A1gua-1.png?resize=696%2C532&amp;ssl=1\" sizes=\"(max-width: 696px) 100vw, 696px\" srcset=\"https:\/\/i1.wp.com\/www.pstu.org.br\/wp-content\/uploads\/2020\/07\/\u00e1gua-1.png?w=797&amp;ssl=1 797w, https:\/\/i1.wp.com\/www.pstu.org.br\/wp-content\/uploads\/2020\/07\/\u00e1gua-1.png?resize=768%2C587&amp;ssl=1 768w, https:\/\/i1.wp.com\/www.pstu.org.br\/wp-content\/uploads\/2020\/07\/\u00e1gua-1.png?resize=80%2C60&amp;ssl=1 80w, https:\/\/i1.wp.com\/www.pstu.org.br\/wp-content\/uploads\/2020\/07\/\u00e1gua-1.png?resize=696%2C532&amp;ssl=1 696w, https:\/\/i1.wp.com\/www.pstu.org.br\/wp-content\/uploads\/2020\/07\/\u00e1gua-1.png?resize=550%2C420&amp;ssl=1 550w\" alt=\"\" width=\"696\" height=\"532\" data-attachment-id=\"78469\" data-permalink=\"https:\/\/www.pstu.org.br\/governo-e-congresso-querem-privatizar-a-agua\/agua-1\/\" data-orig-file=\"https:\/\/i1.wp.com\/www.pstu.org.br\/wp-content\/uploads\/2020\/07\/\u00e1gua-1.png?fit=797%2C609&amp;ssl=1\" data-orig-size=\"797,609\" data-comments-opened=\"1\" data-image-meta=\"{&quot;aperture&quot;:&quot;0&quot;,&quot;credit&quot;:&quot;&quot;,&quot;camera&quot;:&quot;&quot;,&quot;caption&quot;:&quot;&quot;,&quot;created_timestamp&quot;:&quot;0&quot;,&quot;copyright&quot;:&quot;&quot;,&quot;focal_length&quot;:&quot;0&quot;,&quot;iso&quot;:&quot;0&quot;,&quot;shutter_speed&quot;:&quot;0&quot;,&quot;title&quot;:&quot;&quot;,&quot;orientation&quot;:&quot;0&quot;}\" data-image-title=\"\u00e1gua-1\" data-image-description=\"\" data-medium-file=\"https:\/\/i1.wp.com\/www.pstu.org.br\/wp-content\/uploads\/2020\/07\/\u00e1gua-1.png?fit=797%2C609&amp;ssl=1\" data-large-file=\"https:\/\/i1.wp.com\/www.pstu.org.br\/wp-content\/uploads\/2020\/07\/\u00e1gua-1.png?fit=797%2C609&amp;ssl=1\" \/><\/p>\n<p><img decoding=\"async\" class=\"aligncenter size-full wp-image-78470 td-animation-stack-type2-2\" src=\"https:\/\/i0.wp.com\/www.pstu.org.br\/wp-content\/uploads\/2020\/07\/%C3%A1gua-2.png?resize=696%2C350&amp;ssl=1\" sizes=\"(max-width: 696px) 100vw, 696px\" srcset=\"https:\/\/i0.wp.com\/www.pstu.org.br\/wp-content\/uploads\/2020\/07\/\u00e1gua-2.png?w=1824&amp;ssl=1 1824w, https:\/\/i0.wp.com\/www.pstu.org.br\/wp-content\/uploads\/2020\/07\/\u00e1gua-2.png?resize=768%2C387&amp;ssl=1 768w, https:\/\/i0.wp.com\/www.pstu.org.br\/wp-content\/uploads\/2020\/07\/\u00e1gua-2.png?resize=1536%2C773&amp;ssl=1 1536w, https:\/\/i0.wp.com\/www.pstu.org.br\/wp-content\/uploads\/2020\/07\/\u00e1gua-2.png?resize=696%2C350&amp;ssl=1 696w, https:\/\/i0.wp.com\/www.pstu.org.br\/wp-content\/uploads\/2020\/07\/\u00e1gua-2.png?resize=1068%2C538&amp;ssl=1 1068w, https:\/\/i0.wp.com\/www.pstu.org.br\/wp-content\/uploads\/2020\/07\/\u00e1gua-2.png?resize=835%2C420&amp;ssl=1 835w, https:\/\/i0.wp.com\/www.pstu.org.br\/wp-content\/uploads\/2020\/07\/\u00e1gua-2.png?w=1392&amp;ssl=1 1392w\" alt=\"\" width=\"696\" height=\"350\" data-attachment-id=\"78470\" data-permalink=\"https:\/\/www.pstu.org.br\/governo-e-congresso-querem-privatizar-a-agua\/agua-2\/\" data-orig-file=\"https:\/\/i0.wp.com\/www.pstu.org.br\/wp-content\/uploads\/2020\/07\/\u00e1gua-2.png?fit=1824%2C918&amp;ssl=1\" data-orig-size=\"1824,918\" data-comments-opened=\"1\" data-image-meta=\"{&quot;aperture&quot;:&quot;0&quot;,&quot;credit&quot;:&quot;&quot;,&quot;camera&quot;:&quot;&quot;,&quot;caption&quot;:&quot;&quot;,&quot;created_timestamp&quot;:&quot;0&quot;,&quot;copyright&quot;:&quot;&quot;,&quot;focal_length&quot;:&quot;0&quot;,&quot;iso&quot;:&quot;0&quot;,&quot;shutter_speed&quot;:&quot;0&quot;,&quot;title&quot;:&quot;&quot;,&quot;orientation&quot;:&quot;0&quot;}\" data-image-title=\"\u00e1gua-2\" data-image-description=\"\" data-medium-file=\"https:\/\/i0.wp.com\/www.pstu.org.br\/wp-content\/uploads\/2020\/07\/\u00e1gua-2.png?fit=1824%2C918&amp;ssl=1\" data-large-file=\"https:\/\/i0.wp.com\/www.pstu.org.br\/wp-content\/uploads\/2020\/07\/\u00e1gua-2.png?fit=1824%2C918&amp;ssl=1\" \/><\/p>\n<p>&nbsp;<\/p>\n<p>SAIBA MAIS<br \/>\n<strong>O que diz o projeto<\/strong><\/p>\n<p><strong>Obriga os munic\u00edpios a privatizar o saneamento<\/strong>\u00a0\u2013 O projeto aprovado pelo Senado obriga estados e munic\u00edpios a abrirem licita\u00e7\u00e3o para a concess\u00e3o de servi\u00e7o de saneamento b\u00e1sico e tratamento de \u00e1gua. Os investimentos e os lucros das empresas contratadas (que podem ser multinacionais) ser\u00e3o cobertos pelas tarifas e taxas e poder\u00e3o contar com subs\u00eddios do Estado. Hoje, os munic\u00edpios j\u00e1 podem estabelecer contratos (os chamados contratos de programa) com empresas estatais, privadas, de capital misto ou estabelecer parcerias p\u00fablico-privadas. Ou seja, hoje j\u00e1 \u00e9 permitida a presen\u00e7a de capital privado no setor, embora 70% do servi\u00e7o sejam fornecidos por estatais. O que muda \u00e9 que ser\u00e3o obrigat\u00f3rios a abertura de licita\u00e7\u00e3o e o oferecimento do servi\u00e7o \u00e0 iniciativa privada (grandes empresas, oligop\u00f3lios e multinacionais).<\/p>\n<p><strong>Sem universaliza\u00e7\u00e3o<\/strong>\u00a0\u2013 Os defensores do projeto argumentam que ser\u00e3o estabelecidas metas para a universaliza\u00e7\u00e3o dos servi\u00e7os, a serem cumpridas at\u00e9 2033. O texto aprovado pelo Senado, por\u00e9m, mostra que essa meta \u00e9 uma fic\u00e7\u00e3o. Primeiro, pela pr\u00f3pria fiscaliza\u00e7\u00e3o sob responsabilidade da Ag\u00eancia Nacional de \u00c1guas (ANA). \u201cA primeira fiscaliza\u00e7\u00e3o dever\u00e1 ser realizada apenas ao t\u00e9rmino do quinto ano de vig\u00eancia do contrato\u201d, nas quais as metas \u201cdever\u00e3o ser sido cumpridas em, pelo menos, tr\u00eas\u201d. N\u00e3o cumpriu a meta? O m\u00e1ximo que pode acontecer \u00e9 terminar a concess\u00e3o sem qualquer puni\u00e7\u00e3o ou san\u00e7\u00e3o \u00e0 empresa.<\/p>\n<p><strong><img loading=\"lazy\" decoding=\"async\" class=\"alignright wp-image-78471 td-animation-stack-type2-2\" src=\"https:\/\/i1.wp.com\/www.pstu.org.br\/wp-content\/uploads\/2020\/07\/%C3%A1gua-3.png?resize=450%2C280&amp;ssl=1\" sizes=\"(max-width: 450px) 100vw, 450px\" srcset=\"https:\/\/i1.wp.com\/www.pstu.org.br\/wp-content\/uploads\/2020\/07\/\u00e1gua-3.png?w=1161&amp;ssl=1 1161w, https:\/\/i1.wp.com\/www.pstu.org.br\/wp-content\/uploads\/2020\/07\/\u00e1gua-3.png?resize=768%2C478&amp;ssl=1 768w, https:\/\/i1.wp.com\/www.pstu.org.br\/wp-content\/uploads\/2020\/07\/\u00e1gua-3.png?resize=696%2C433&amp;ssl=1 696w, https:\/\/i1.wp.com\/www.pstu.org.br\/wp-content\/uploads\/2020\/07\/\u00e1gua-3.png?resize=1068%2C664&amp;ssl=1 1068w, https:\/\/i1.wp.com\/www.pstu.org.br\/wp-content\/uploads\/2020\/07\/\u00e1gua-3.png?resize=675%2C420&amp;ssl=1 675w\" alt=\"\" width=\"450\" height=\"280\" data-attachment-id=\"78471\" data-permalink=\"https:\/\/www.pstu.org.br\/governo-e-congresso-querem-privatizar-a-agua\/agua-3\/\" data-orig-file=\"https:\/\/i1.wp.com\/www.pstu.org.br\/wp-content\/uploads\/2020\/07\/\u00e1gua-3.png?fit=1161%2C722&amp;ssl=1\" data-orig-size=\"1161,722\" data-comments-opened=\"1\" data-image-meta=\"{&quot;aperture&quot;:&quot;0&quot;,&quot;credit&quot;:&quot;&quot;,&quot;camera&quot;:&quot;&quot;,&quot;caption&quot;:&quot;&quot;,&quot;created_timestamp&quot;:&quot;0&quot;,&quot;copyright&quot;:&quot;&quot;,&quot;focal_length&quot;:&quot;0&quot;,&quot;iso&quot;:&quot;0&quot;,&quot;shutter_speed&quot;:&quot;0&quot;,&quot;title&quot;:&quot;&quot;,&quot;orientation&quot;:&quot;0&quot;}\" data-image-title=\"\u00e1gua-3\" data-image-description=\"\" data-medium-file=\"https:\/\/i1.wp.com\/www.pstu.org.br\/wp-content\/uploads\/2020\/07\/\u00e1gua-3.png?fit=1161%2C722&amp;ssl=1\" data-large-file=\"https:\/\/i1.wp.com\/www.pstu.org.br\/wp-content\/uploads\/2020\/07\/\u00e1gua-3.png?fit=1161%2C722&amp;ssl=1\" \/><\/strong><\/p>\n<p>Ou ainda, constatada a \u201cinviabilidade econ\u00f4mica financeira da universaliza\u00e7\u00e3o\u201d, o prazo \u00e9 estendido at\u00e9 2040. Ou seja, uma grande empresa privada ou um cons\u00f3rcio de empresas, inclusive internacional, pode pegar um contrato de concess\u00e3o, n\u00e3o cumprir qualquer meta, ter o contrato prorrogado at\u00e9 2040, per\u00edodo no qual, ao fim, pode simplesmente entregar de volta a concess\u00e3o.<\/p>\n<p>&nbsp;<\/p>\n<p>\u00c1GUA \u00c9 BEM COMUM<br \/>\n<strong>Mundo rejeita privatiza\u00e7\u00e3o da \u00e1gua<\/strong><\/p>\n<p>Enquanto o governo e o Congresso Nacional aprovam a privatiza\u00e7\u00e3o da \u00e1gua no Brasil, no resto do mundo ocorre o oposto. O Instituto Transnacional (TNI), em estudo publicado em maio \u00faltimo, mostra que 312 cidades de 36 pa\u00edses reestatizaram servi\u00e7os na \u00e1rea de \u00e1gua e esgoto entre 2000 e 2019. Incluem-se a\u00ed cidades como Paris e Berlim. Os problemas constatados v\u00e3o de descumprimento de metas, sobretudo nas regi\u00f5es mais pobres, \u00e0s tarifas abusivas.<\/p>\n<p><img loading=\"lazy\" decoding=\"async\" class=\"aligncenter size-full wp-image-78473 td-animation-stack-type2-2\" src=\"https:\/\/i0.wp.com\/www.pstu.org.br\/wp-content\/uploads\/2020\/07\/WhatsApp-Image-2020-07-01-at-02.52.39.jpeg?resize=696%2C464&amp;ssl=1\" sizes=\"(max-width: 696px) 100vw, 696px\" srcset=\"https:\/\/i0.wp.com\/www.pstu.org.br\/wp-content\/uploads\/2020\/07\/WhatsApp-Image-2020-07-01-at-02.52.39.jpeg?w=1125&amp;ssl=1 1125w, https:\/\/i0.wp.com\/www.pstu.org.br\/wp-content\/uploads\/2020\/07\/WhatsApp-Image-2020-07-01-at-02.52.39.jpeg?resize=768%2C512&amp;ssl=1 768w, https:\/\/i0.wp.com\/www.pstu.org.br\/wp-content\/uploads\/2020\/07\/WhatsApp-Image-2020-07-01-at-02.52.39.jpeg?resize=696%2C464&amp;ssl=1 696w, https:\/\/i0.wp.com\/www.pstu.org.br\/wp-content\/uploads\/2020\/07\/WhatsApp-Image-2020-07-01-at-02.52.39.jpeg?resize=1068%2C712&amp;ssl=1 1068w, https:\/\/i0.wp.com\/www.pstu.org.br\/wp-content\/uploads\/2020\/07\/WhatsApp-Image-2020-07-01-at-02.52.39.jpeg?resize=630%2C420&amp;ssl=1 630w\" alt=\"\" width=\"696\" height=\"464\" data-attachment-id=\"78473\" data-permalink=\"https:\/\/www.pstu.org.br\/governo-e-congresso-querem-privatizar-a-agua\/whatsapp-image-2020-07-01-at-02-52-39\/\" data-orig-file=\"https:\/\/i0.wp.com\/www.pstu.org.br\/wp-content\/uploads\/2020\/07\/WhatsApp-Image-2020-07-01-at-02.52.39.jpeg?fit=1125%2C750&amp;ssl=1\" data-orig-size=\"1125,750\" data-comments-opened=\"1\" data-image-meta=\"{&quot;aperture&quot;:&quot;0&quot;,&quot;credit&quot;:&quot;&quot;,&quot;camera&quot;:&quot;&quot;,&quot;caption&quot;:&quot;&quot;,&quot;created_timestamp&quot;:&quot;0&quot;,&quot;copyright&quot;:&quot;&quot;,&quot;focal_length&quot;:&quot;0&quot;,&quot;iso&quot;:&quot;0&quot;,&quot;shutter_speed&quot;:&quot;0&quot;,&quot;title&quot;:&quot;&quot;,&quot;orientation&quot;:&quot;0&quot;}\" data-image-title=\"WhatsApp Image 2020-07-01 at 02.52.39\" data-image-description=\"\" data-medium-file=\"https:\/\/i0.wp.com\/www.pstu.org.br\/wp-content\/uploads\/2020\/07\/WhatsApp-Image-2020-07-01-at-02.52.39.jpeg?fit=1125%2C750&amp;ssl=1\" data-large-file=\"https:\/\/i0.wp.com\/www.pstu.org.br\/wp-content\/uploads\/2020\/07\/WhatsApp-Image-2020-07-01-at-02.52.39.jpeg?fit=1125%2C750&amp;ssl=1\" \/><\/p>\n<p>O caso mais emblem\u00e1tico dessa pol\u00edtica, por\u00e9m, est\u00e1 mais pr\u00f3ximo. O Chile privatizou a \u00e1gua durante a ditadura Pinochet, em 1981, pelo C\u00f3digo de \u00c1guas. A situa\u00e7\u00e3o levou a que, em certas regi\u00f5es, fam\u00edlias chilenas tenham de se submeter ao dilema entre lavar roupa ou cozinhar.<\/p>\n<p>O caso de Cochabamba, na Bol\u00edvia, foi um exemplo do que pode acontecer em v\u00e1rias partes do pa\u00eds. No ano 2000, a cidade foi palco de uma massiva mobiliza\u00e7\u00e3o popular que expulsou a multinacional Bechtel (estadunidense), que geria o sistema de \u00e1gua pot\u00e1vel e esgoto do munic\u00edpio. O epis\u00f3dio ficou conhecido como \u201cA Guerra da \u00c1gua\u201d. A empresa era dona de todas as fontes de \u00e1gua da regi\u00e3o, inclusive de po\u00e7os abertos por moradores em seus quintais e propriedades rurais. Em janeiro de 2000, a multinacional aumentou em 100% as tarifas de \u00e1gua. O aumento caiu como bomba e deu in\u00edcio a uma mobiliza\u00e7\u00e3o que ocupou as ruas da cidade at\u00e9 abril, quando a empresa foi expulsa do pa\u00eds.<\/p>\n<p>&nbsp;<\/p>\n<p>DIREITO FUNDAMENTAL<br \/>\n<strong>\u00c1gua como mercadoria<\/strong><\/p>\n<p><img loading=\"lazy\" decoding=\"async\" class=\"alignleft wp-image-78474 td-animation-stack-type2-2\" src=\"https:\/\/i0.wp.com\/www.pstu.org.br\/wp-content\/uploads\/2020\/07\/%C3%A1gua-4.png?resize=200%2C163&amp;ssl=1\" sizes=\"(max-width: 200px) 100vw, 200px\" srcset=\"https:\/\/i0.wp.com\/www.pstu.org.br\/wp-content\/uploads\/2020\/07\/\u00e1gua-4.png?w=546&amp;ssl=1 546w, https:\/\/i0.wp.com\/www.pstu.org.br\/wp-content\/uploads\/2020\/07\/\u00e1gua-4.png?resize=514%2C420&amp;ssl=1 514w\" alt=\"\" width=\"200\" height=\"163\" data-attachment-id=\"78474\" data-permalink=\"https:\/\/www.pstu.org.br\/governo-e-congresso-querem-privatizar-a-agua\/agua-4\/\" data-orig-file=\"https:\/\/i0.wp.com\/www.pstu.org.br\/wp-content\/uploads\/2020\/07\/\u00e1gua-4.png?fit=546%2C446&amp;ssl=1\" data-orig-size=\"546,446\" data-comments-opened=\"1\" data-image-meta=\"{&quot;aperture&quot;:&quot;0&quot;,&quot;credit&quot;:&quot;&quot;,&quot;camera&quot;:&quot;&quot;,&quot;caption&quot;:&quot;&quot;,&quot;created_timestamp&quot;:&quot;0&quot;,&quot;copyright&quot;:&quot;&quot;,&quot;focal_length&quot;:&quot;0&quot;,&quot;iso&quot;:&quot;0&quot;,&quot;shutter_speed&quot;:&quot;0&quot;,&quot;title&quot;:&quot;&quot;,&quot;orientation&quot;:&quot;0&quot;}\" data-image-title=\"\u00e1gua-4\" data-image-description=\"\" data-medium-file=\"https:\/\/i0.wp.com\/www.pstu.org.br\/wp-content\/uploads\/2020\/07\/\u00e1gua-4.png?fit=546%2C446&amp;ssl=1\" data-large-file=\"https:\/\/i0.wp.com\/www.pstu.org.br\/wp-content\/uploads\/2020\/07\/\u00e1gua-4.png?fit=546%2C446&amp;ssl=1\" \/>O acesso \u00e0 \u00e1gua \u00e9 direito humano fundamental, pois se trata de um patrim\u00f4nio da humanidade e constitui o princ\u00edpio da vida em nosso planeta. Transformar \u00e1gua em mercadoria \u00e9 deixar na m\u00e3o dos grandes capitalistas estrangeiros a decis\u00e3o de dar ou n\u00e3o acesso \u00e0 \u00e1gua tratada \u00e0s pessoas. O governo deve garantir o abastecimento desse recurso.<\/p>\n<p>A privatiza\u00e7\u00e3o do setor el\u00e9trico j\u00e1 mostrou como a entrega de um servi\u00e7o p\u00fablico essencial ao capital privado, ao inv\u00e9s de universalizar e melhorar esses servi\u00e7os, provoca justamente o contr\u00e1rio: aumento de tarifas, desmantelamento do que resta das estatais, forte precariza\u00e7\u00e3o dos trabalhadores do setor e, principalmente, a per\u00adpetua\u00e7\u00e3o e o aprofundamento da falta desses servi\u00e7os, principalmente \u00e0 popula\u00e7\u00e3o mais pobre.<\/p>\n<p>N\u00e3o \u00e9 dif\u00edcil imaginar o que vai acontecer em rela\u00e7\u00e3o ao saneamento. Nos grandes centros urbanos que j\u00e1 contam com infraestrutura, as tarifas v\u00e3o aumentar. Onde n\u00e3o tem, vai continuar n\u00e3o tendo.<\/p>\n<p>&nbsp;<\/p>\n<p>CORTE DE VERBAS<br \/>\n<strong>Investimentos ca\u00edram nos \u00faltimos anos<\/strong><\/p>\n<p>O discurso privatista do governo, do Congresso Nacional e da grande imprensa, esconde o verdadeiro problema do saneamento b\u00e1sico no Brasil e o estado de calamidade no qual nos encontramos atualmente: a absoluta falta de investimento no setor. De acordo com o SNIS, a m\u00e9dia de investimento caiu nos \u00faltimos anos, passando de R$ 13 bilh\u00f5es, em 2010, para pouco mais de R$ 10 bilh\u00f5es em 2017. Para chegar \u00e0 modesta meta de universaliza\u00e7\u00e3o do servi\u00e7o em 2033, estabelecida pelo antigo Plano Nacional de Saneamento B\u00e1sico, seriam necess\u00e1rios R$ 508 bilh\u00f5es em investimentos de 2014 a 2033, algo como R$ 18 bilh\u00f5es ao ano. Essa cifra pode n\u00e3o parecer t\u00e3o grande perto do R$ 1,2 trilh\u00e3o entregue pelo governo Bolsonaro aos bancos no in\u00edcio da crise.<\/p>\n<p>As promessas c\u00ednicas de universaliza\u00e7\u00e3o do saneamento v\u00e3o entrar na mesma conta dos milh\u00f5es de empregos que viriam com a reforma trabalhista, ou do \u201ctsunami de investimentos\u201d que aportariam no Brasil ap\u00f3s a reforma da Previd\u00eancia.<\/p>\n<p>A aprova\u00e7\u00e3o do PL 4162\/2019 mostra como, apesar da crise pol\u00edtica, Bolsonaro e o Congresso Nacional, incluindo Rodrigo Maia, Alcolumbre, PSDB, Rede, Cid Gomes etc. t\u00eam o mesmo projeto neoliberal de ataques aos direitos mais b\u00e1sicos do conjunto da popula\u00e7\u00e3o. E faz lembrar ainda que o PT, apesar de ter votado contra o projeto agora, passou 14 anos no poder sem que esse problema tenha sido minimamente resolvido.<\/p>\n<p><img loading=\"lazy\" decoding=\"async\" class=\"aligncenter size-full wp-image-78475 td-animation-stack-type2-2\" src=\"https:\/\/i1.wp.com\/www.pstu.org.br\/wp-content\/uploads\/2020\/07\/%C3%A1gua-5.png?resize=696%2C485&amp;ssl=1\" sizes=\"(max-width: 696px) 100vw, 696px\" srcset=\"https:\/\/i1.wp.com\/www.pstu.org.br\/wp-content\/uploads\/2020\/07\/\u00e1gua-5.png?w=1784&amp;ssl=1 1784w, https:\/\/i1.wp.com\/www.pstu.org.br\/wp-content\/uploads\/2020\/07\/\u00e1gua-5.png?resize=768%2C535&amp;ssl=1 768w, https:\/\/i1.wp.com\/www.pstu.org.br\/wp-content\/uploads\/2020\/07\/\u00e1gua-5.png?resize=1536%2C1070&amp;ssl=1 1536w, https:\/\/i1.wp.com\/www.pstu.org.br\/wp-content\/uploads\/2020\/07\/\u00e1gua-5.png?resize=100%2C70&amp;ssl=1 100w, https:\/\/i1.wp.com\/www.pstu.org.br\/wp-content\/uploads\/2020\/07\/\u00e1gua-5.png?resize=696%2C485&amp;ssl=1 696w, https:\/\/i1.wp.com\/www.pstu.org.br\/wp-content\/uploads\/2020\/07\/\u00e1gua-5.png?resize=1068%2C744&amp;ssl=1 1068w, https:\/\/i1.wp.com\/www.pstu.org.br\/wp-content\/uploads\/2020\/07\/\u00e1gua-5.png?resize=603%2C420&amp;ssl=1 603w, https:\/\/i1.wp.com\/www.pstu.org.br\/wp-content\/uploads\/2020\/07\/\u00e1gua-5.png?w=1392&amp;ssl=1 1392w\" alt=\"\" width=\"696\" height=\"485\" data-attachment-id=\"78475\" data-permalink=\"https:\/\/www.pstu.org.br\/governo-e-congresso-querem-privatizar-a-agua\/agua-5\/\" data-orig-file=\"https:\/\/i1.wp.com\/www.pstu.org.br\/wp-content\/uploads\/2020\/07\/\u00e1gua-5.png?fit=1784%2C1243&amp;ssl=1\" data-orig-size=\"1784,1243\" data-comments-opened=\"1\" data-image-meta=\"{&quot;aperture&quot;:&quot;0&quot;,&quot;credit&quot;:&quot;&quot;,&quot;camera&quot;:&quot;&quot;,&quot;caption&quot;:&quot;&quot;,&quot;created_timestamp&quot;:&quot;0&quot;,&quot;copyright&quot;:&quot;&quot;,&quot;focal_length&quot;:&quot;0&quot;,&quot;iso&quot;:&quot;0&quot;,&quot;shutter_speed&quot;:&quot;0&quot;,&quot;title&quot;:&quot;&quot;,&quot;orientation&quot;:&quot;0&quot;}\" data-image-title=\"\u00e1gua-5\" data-image-description=\"\" data-medium-file=\"https:\/\/i1.wp.com\/www.pstu.org.br\/wp-content\/uploads\/2020\/07\/\u00e1gua-5.png?fit=1784%2C1243&amp;ssl=1\" data-large-file=\"https:\/\/i1.wp.com\/www.pstu.org.br\/wp-content\/uploads\/2020\/07\/\u00e1gua-5.png?fit=1784%2C1243&amp;ssl=1\" \/><\/p>\n<p>&nbsp;<\/p>\n<p>&nbsp;<\/p>\n<p>&nbsp;<\/p>\n<p>Fonte: <a href=\"https:\/\/www.pstu.org.br\/governo-e-congresso-querem-privatizar-a-agua\/\" target=\"_blank\" rel=\"noopener noreferrer\">PSTU.org.br<\/a><\/p>\n<div id=\"njcdgcofcbnlbpkpdhmlmiblaglnkpnj\"><\/div>\n","protected":false},"excerpt":{"rendered":"<p>Enquanto o Brasil de aproxima rapidamente de 60 mil mortes pela COVID-19, o Senado aprovou uma medida que privatiza a<\/p>\n","protected":false},"author":1,"featured_media":3052,"comment_status":"closed","ping_status":"open","sticky":false,"template":"","format":"standard","meta":{"colormag_page_container_layout":"default_layout","colormag_page_sidebar_layout":"default_layout","footnotes":""},"categories":[5],"tags":[],"class_list":["post-3050","post","type-post","status-publish","format-standard","has-post-thumbnail","hentry","category-noticias"],"_links":{"self":[{"href":"https:\/\/www.secpf.com.br\/site\/wp-json\/wp\/v2\/posts\/3050","targetHints":{"allow":["GET"]}}],"collection":[{"href":"https:\/\/www.secpf.com.br\/site\/wp-json\/wp\/v2\/posts"}],"about":[{"href":"https:\/\/www.secpf.com.br\/site\/wp-json\/wp\/v2\/types\/post"}],"author":[{"embeddable":true,"href":"https:\/\/www.secpf.com.br\/site\/wp-json\/wp\/v2\/users\/1"}],"replies":[{"embeddable":true,"href":"https:\/\/www.secpf.com.br\/site\/wp-json\/wp\/v2\/comments?post=3050"}],"version-history":[{"count":2,"href":"https:\/\/www.secpf.com.br\/site\/wp-json\/wp\/v2\/posts\/3050\/revisions"}],"predecessor-version":[{"id":3082,"href":"https:\/\/www.secpf.com.br\/site\/wp-json\/wp\/v2\/posts\/3050\/revisions\/3082"}],"wp:featuredmedia":[{"embeddable":true,"href":"https:\/\/www.secpf.com.br\/site\/wp-json\/wp\/v2\/media\/3052"}],"wp:attachment":[{"href":"https:\/\/www.secpf.com.br\/site\/wp-json\/wp\/v2\/media?parent=3050"}],"wp:term":[{"taxonomy":"category","embeddable":true,"href":"https:\/\/www.secpf.com.br\/site\/wp-json\/wp\/v2\/categories?post=3050"},{"taxonomy":"post_tag","embeddable":true,"href":"https:\/\/www.secpf.com.br\/site\/wp-json\/wp\/v2\/tags?post=3050"}],"curies":[{"name":"wp","href":"https:\/\/api.w.org\/{rel}","templated":true}]}}