{"id":3071,"date":"2020-07-31T12:11:00","date_gmt":"2020-07-31T15:11:00","guid":{"rendered":"http:\/\/www.secpf.com.br\/site\/?p=3071"},"modified":"2020-08-03T12:33:22","modified_gmt":"2020-08-03T15:33:22","slug":"mesmo-na-pandemia-os-bilionarios-da-america-latina-continuam-enriquecendo","status":"publish","type":"post","link":"https:\/\/www.secpf.com.br\/site\/mesmo-na-pandemia-os-bilionarios-da-america-latina-continuam-enriquecendo\/","title":{"rendered":"Mesmo na pandemia, os bilion\u00e1rios da Am\u00e9rica Latina continuam enriquecendo"},"content":{"rendered":"\n<p><img fetchpriority=\"high\" decoding=\"async\" class=\"aligncenter wp-image-166673\" src=\"http:\/\/cspconlutas.org.br\/wp-content\/uploads\/2020\/07\/favela-oxfam.jpg\" sizes=\"(max-width: 460px) 100vw, 460px\" srcset=\"http:\/\/cspconlutas.org.br\/wp-content\/uploads\/2020\/07\/favela-oxfam.jpg 2410w, http:\/\/cspconlutas.org.br\/wp-content\/uploads\/2020\/07\/favela-oxfam-300x200.jpg 300w, http:\/\/cspconlutas.org.br\/wp-content\/uploads\/2020\/07\/favela-oxfam-768x512.jpg 768w, http:\/\/cspconlutas.org.br\/wp-content\/uploads\/2020\/07\/favela-oxfam-1024x683.jpg 1024w\" alt=\"\" width=\"460\" height=\"307\" \/><\/p>\n<p>Conforme divulga\u00e7\u00e3o da ONG Oxfam, a fortuna dos 73 bilion\u00e1rios da Am\u00e9rica Latina aumentou em 48,2 bilh\u00f5es de d\u00f3lares desde o in\u00edcio da pandemia, mesmo no momento em que a regi\u00e3o se torna uma das mais atingidas no mundo pela Covid-19 .<\/p>\n<p>Enquanto milh\u00f5es de cidad\u00e3os t\u00eam enfrentado doen\u00e7as e dificuldades econ\u00f4micas extremas e lutam para colocar comida na mesa durante os lockdowns, com os hospitais \u00e0 beira do colapso, na Am\u00e9rica Latina,\u00a0em m\u00e9dia um novo bilion\u00e1rio surgiu a cada duas semanas desde mar\u00e7o, in\u00edcio da pandemia na regi\u00e3o.<\/p>\n<p>Os 42 bilion\u00e1rios brasileiros aumentaram seu patrim\u00f4nio l\u00edquido de US$ 123,1 bilh\u00f5es em mar\u00e7o para US$ 157,1 bilh\u00f5es em julho, enquanto os sete mais ricos do Chile viram suas fortunas\u00a0 aumentarem em 27%, para US$ 26,7 bilh\u00f5es.<\/p>\n<p>Os governos latino-americanos est\u00e3o sub-taxando maci\u00e7amente as grandes empresas e os mais ricos, menosprezando qualquer possibilidade de enfrentamento ao coronav\u00edrus e a pobreza e desigualdade. A Oxfam estima que a Am\u00e9rica Latina perder\u00e1 US$113,4 bilh\u00f5es em receitas fiscais este ano, o equivalente a 59% dos gastos com sa\u00fade p\u00fablica na regi\u00e3o.<\/p>\n<p>\u201cEnquanto todos os outros est\u00e3o presos, tentando sobreviver e vivendo com medo de adoecer, os bilion\u00e1rios latino-americanos dobraram suas fortunas e seus privil\u00e9gios para mais de US$ 413 milh\u00f5es dia a dia desde o in\u00edcio da pandemia at\u00e9 agora\u201d, disse Chema Vera, diretor executivo interino da Oxfam International.<\/p>\n<p>\u201cOs bilion\u00e1rios nunca tiveram que se preocupar em ser despejados por n\u00e3o pagar aluguel ou tiveram que dizer a seus filhos que n\u00e3o h\u00e1 nada para comer hoje\u201d. Em vez disso, eles investiram em mais a\u00e7\u00f5es, t\u00edtulos, ouro e im\u00f3veis, como fizeram ap\u00f3s a crise econ\u00f4mica global de 2008 e 2011\u2033.<\/p>\n<p>O diretor da organiza\u00e7\u00e3o ainda apontou que \u201csem a\u00e7\u00e3o para mudar nossos sistemas econ\u00f4micos, os governos est\u00e3o jogando gasolina no fogo do protesto contra as injusti\u00e7as sociais que agora varrem o mundo\u201d.<\/p>\n<p>Os esfor\u00e7os dos governos na Am\u00e9rica Latina, para combater o coronav\u00edrus e salvar vidas, foram frustrados pela desigualdade e corrup\u00e7\u00e3o profundamente enraizadas nesta que \u00e9 a regi\u00e3o mais desigual do mundo, e o v\u00edrus deve, muito provavelmente, aumentar ainda mais o abismo que existe entre os mais ricos e os pobres e vulner\u00e1veis.<\/p>\n<p><img decoding=\"async\" class=\"aligncenter wp-image-166674\" src=\"http:\/\/cspconlutas.org.br\/wp-content\/uploads\/2020\/07\/desigulade-oxfamm.jpeg\" sizes=\"(max-width: 458px) 100vw, 458px\" srcset=\"http:\/\/cspconlutas.org.br\/wp-content\/uploads\/2020\/07\/desigulade-oxfamm.jpeg 600w, http:\/\/cspconlutas.org.br\/wp-content\/uploads\/2020\/07\/desigulade-oxfamm-300x189.jpeg 300w\" alt=\"\" width=\"458\" height=\"288\" \/><\/p>\n<p>Apesar de realizar um dos mais r\u00e1pidos e agressivos lockdowns da Am\u00e9rica Latina, mesmo antes da Fran\u00e7a e do Reino Unido, o Peru tem mais de 366.550 casos registrados e um n\u00famero de mortes de 13.767. \u00c9 o segundo pa\u00eds mais atingido da Am\u00e9rica Latina depois do Brasil e agora um dos piores epicentros de Covid-19 do mundo.<\/p>\n<p>Em toda a Am\u00e9rica Latina, formada por 140 milh\u00f5es de pessoas, cerca de 55% da popula\u00e7\u00e3o ativa se encontra na economia informal, e quase uma em cada cinco vive em favelas superlotadas. Na regi\u00e3o e no Caribe, cerca de 52 milh\u00f5es de pessoas viver\u00e3o na pobreza em consequ\u00eancia da pandemia, resultando em um retrocesso de 15 anos no enfrentamento a pobreza.<\/p>\n<p><strong>Diferen\u00e7as e lutas sociais no Brasil<\/strong>\u00a0\u2013\u00a0As empresas brasileiras est\u00e3o ganhando muito dinheiro durante a pandemia. Segundo a Oxfam, 42 bilion\u00e1rios brasileiros tiveram sua riqueza aumentada em US$ 34 bilh\u00f5es entre 18 de mar\u00e7o e 12 de julho de 2020.<\/p>\n<p>Ao todo, a riqueza desses bilion\u00e1rios aumentou de US$ 123 para US$ 157 bilh\u00f5es. O brasileiro mais rico \u00e9 o banqueiro sionista Joseph Safra, que possui US$ 20 bilh\u00f5es.<\/p>\n<p>Enquanto isso, os trabalhadores t\u00eam perdido direitos, empregos e vidas. Mil brasileiros t\u00eam morrido diariamente em decorr\u00eancia da Covid-19, durante as \u00faltimas tr\u00eas semanas. Quarenta milh\u00f5es de brasileiros n\u00e3o t\u00eam emprego.<\/p>\n<p>Para a classe trabalhadora, n\u00e3o h\u00e1 outra forma a n\u00e3o ser se levantar e lutar contra as injusti\u00e7as dos ricos e dos governos. Os trabalhadores da Renault est\u00e3o em greve h\u00e1 uma semana contra 747 demiss\u00f5es. Em 25 de julho, os trabalhadores da App Food Delivery realizaram outro protesto com greve por melhores sal\u00e1rios e condi\u00e7\u00f5es de trabalho. Os trabalhadores do metr\u00f4 de S\u00e3o Paulo decidiram entrar em greve ontem contra a redu\u00e7\u00e3o de 10% no sal\u00e1rio e pelo respeito \u00e0 conven\u00e7\u00e3o de trabalho da categoria.<\/p>\n<p>A CSP-Conlutas e entidades filiadas e outras sindicais convocam um novo Dia Nacional de Mobiliza\u00e7\u00e3o por Fora Bolsonaro e Muor\u00e3o, para 7 de agosto.<\/p>\n<p>\u00a0<\/p>\n<p>Fonte:<a href=\"http:\/\/cspconlutas.org.br\/2020\/07\/mesmo-na-pandemia-os-bilionarios-da-america-latina-regiao-com-alta-desigualdade-social-continuam-enriquecendo\/\" target=\"_blank\" rel=\"noopener noreferrer\"> CSP Conlutas<\/a><\/p>\n<p>\u00a0<\/p>\n","protected":false},"excerpt":{"rendered":"<p>Conforme divulga\u00e7\u00e3o da ONG Oxfam, a fortuna dos 73 bilion\u00e1rios da Am\u00e9rica Latina aumentou em 48,2 bilh\u00f5es de d\u00f3lares desde<\/p>\n","protected":false},"author":1,"featured_media":3073,"comment_status":"closed","ping_status":"open","sticky":false,"template":"","format":"standard","meta":{"colormag_page_container_layout":"default_layout","colormag_page_sidebar_layout":"default_layout","footnotes":""},"categories":[5],"tags":[],"class_list":["post-3071","post","type-post","status-publish","format-standard","has-post-thumbnail","hentry","category-noticias"],"_links":{"self":[{"href":"https:\/\/www.secpf.com.br\/site\/wp-json\/wp\/v2\/posts\/3071","targetHints":{"allow":["GET"]}}],"collection":[{"href":"https:\/\/www.secpf.com.br\/site\/wp-json\/wp\/v2\/posts"}],"about":[{"href":"https:\/\/www.secpf.com.br\/site\/wp-json\/wp\/v2\/types\/post"}],"author":[{"embeddable":true,"href":"https:\/\/www.secpf.com.br\/site\/wp-json\/wp\/v2\/users\/1"}],"replies":[{"embeddable":true,"href":"https:\/\/www.secpf.com.br\/site\/wp-json\/wp\/v2\/comments?post=3071"}],"version-history":[{"count":2,"href":"https:\/\/www.secpf.com.br\/site\/wp-json\/wp\/v2\/posts\/3071\/revisions"}],"predecessor-version":[{"id":3081,"href":"https:\/\/www.secpf.com.br\/site\/wp-json\/wp\/v2\/posts\/3071\/revisions\/3081"}],"wp:featuredmedia":[{"embeddable":true,"href":"https:\/\/www.secpf.com.br\/site\/wp-json\/wp\/v2\/media\/3073"}],"wp:attachment":[{"href":"https:\/\/www.secpf.com.br\/site\/wp-json\/wp\/v2\/media?parent=3071"}],"wp:term":[{"taxonomy":"category","embeddable":true,"href":"https:\/\/www.secpf.com.br\/site\/wp-json\/wp\/v2\/categories?post=3071"},{"taxonomy":"post_tag","embeddable":true,"href":"https:\/\/www.secpf.com.br\/site\/wp-json\/wp\/v2\/tags?post=3071"}],"curies":[{"name":"wp","href":"https:\/\/api.w.org\/{rel}","templated":true}]}}