{"id":3084,"date":"2020-08-24T11:48:02","date_gmt":"2020-08-24T14:48:02","guid":{"rendered":"http:\/\/www.secpf.com.br\/site\/?p=3084"},"modified":"2023-03-15T23:57:49","modified_gmt":"2023-03-16T02:57:49","slug":"por-que-o-projeto-de-privatizacao-dos-correios-nao-faz-sentido","status":"publish","type":"post","link":"https:\/\/www.secpf.com.br\/site\/por-que-o-projeto-de-privatizacao-dos-correios-nao-faz-sentido\/","title":{"rendered":"Por que o projeto de privatiza\u00e7\u00e3o dos Correios n\u00e3o faz sentido"},"content":{"rendered":"\n<h2 class=\"description\" style=\"box-sizing: border-box; margin-bottom: 30px; padding: 0px; border: 0px; font-variant-numeric: normal; font-variant-east-asian: normal; font-weight: normal; font-stretch: normal; font-size: 1.2rem; line-height: 1.3; font-family: 'Merriweather Sans', Arial; vertical-align: baseline; color: #1a1a1a;\">A greve dos trabalhadores por direitos esquenta debate sobre a venda da estatal<\/h2>\n<p>H\u00e1 seis dias, os\u00a0trabalhadores dos Correiros seguem a greve\u00a0contra a retirada de direitos e risco de vida dos funcion\u00e1rios durante a\u00a0pandemia do novo coronav\u00edrus. De acordo com a categoria, em todo o pa\u00eds s\u00e3o cerca de 70 mil trabalhadores que aderiram a mobiliza\u00e7\u00e3o, o que representa 70% de ades\u00e3o a paralisa\u00e7\u00e3o.<\/p>\n<p>Est\u00e3o entre os\u00a0pontos em que houve cortes: o tempo de licen\u00e7a-maternidade de 180 dias para 120 dias; o pagamento de adicional noturno e de horas extras; a indeniza\u00e7\u00e3o por morte; o aux\u00edlio para filhos com necessidades especiais e o aux\u00edlio-creche.<br \/><br \/>Para a categoria \u201co ataque aos direitos\u201d e a\u00a0redu\u00e7\u00e3o, de forma unilateral, de 70 dos 79 pontos do acordo coletivo, ap\u00f3s a empresa obter\u00a0liminar na justi\u00e7a, tem uma \u201clinha direta\u201d com a privatiza\u00e7\u00e3o da estatal, pautada pelo\u00a0governo Bolsonaro desde o in\u00edcio do governo. Como explica o secret\u00e1rio-geral da Federa\u00e7\u00e3o dos Trabalhadores em Empresa Brasileira de Correios e Tel\u00e9grafos (Fentect), Jos\u00e9 Rivaldo da Silva, o objetivo por tr\u00e1s dos ataques seria &#8220;tornar a empresa mais leve, porque rent\u00e1vel j\u00e1 \u00e9. Mas diminuir todo o passivo trabalhista\u00a0para privatiz\u00e1-la, entregar \u00e0 iniciativa privada a empresa mais barata, sem compromisso em assumir os correios poder demitir, pagar indeniza\u00e7\u00f5es menores aos funcion\u00e1rios\u201d.<\/p>\n<p>A deputada federal Carla Zambelli (PSL-SP), aliada do governo Bolsonaro e da privatiza\u00e7\u00e3o da estatal, chegou a afirmar em um v\u00eddeo nas redes sociais cr\u00edtico aos trabalhadores que antes da privatiza\u00e7\u00e3o dos Correios \u00e9 preciso \u201cmelhorar para vender\u201d.<br \/><br \/><a href=\"https:\/\/www.brasildefato.com.br\/2020\/08\/18\/alem-das-suas-encomendas-o-que-esta-em-jogo-na-greve-dos-correios\" target=\"_blank\" rel=\"noopener noreferrer\">::Al\u00e9m das suas encomendas, o que est\u00e1 em jogo na greve dos Correios?::<\/a><\/p>\n<p>Nesse cen\u00e1rio voltaram aos notici\u00e1rios atrav\u00e9s de declara\u00e7\u00f5es do governo federal, apoiadores e mercado as inten\u00e7\u00f5es de privatizar a estatal. Em meio a tantas vers\u00f5es sobre as raz\u00f5es para a venda dos Correios, o\u00a0<strong>Brasil de Fato<\/strong>\u00a0se debru\u00e7ou sobre algumas delas para explicar o que est\u00e1 em jogo no servi\u00e7o postal brasileiro.<\/p>\n<p class=\"ckeditor-subtitle\"><strong>Correios n\u00e3o t\u00eam capacidade financeira?<\/strong><\/p>\n<p>O diretor da Empresa Brasileira de Correios e Tel\u00e9grafos (ECT) e general da reserva do Ex\u00e9rcito, Floriano Peixoto, em entrevista a revista Veja em julho desde ano afirmou: \u00a0<br \/><br \/><em>\u201cAlguns benef\u00edcios est\u00e3o sendo cortados porque a empresa n\u00e3o tem capacidade financeira nem condi\u00e7\u00e3o de sustentar perante a sociedade a preserva\u00e7\u00e3o deles em um momento t\u00e3o dif\u00edcil\u201d<\/em><\/p>\n<p>Segundo o economista do Departamento Intersindical de Estat\u00edstica e Estudos Socioecon\u00f4micos (Dieese), Clovis Scherer, os dados do relat\u00f3rio administrativo da empresa mostram que s\u00f3 em 2019 ela teve receita l\u00edquida de R$ 18,356 bilh\u00f5es. E registrou lucro l\u00edquido de R$ 102,121 milh\u00f5es. A empresa fechou 2019 com 99.443 funcion\u00e1rios, ante 105.349 no ano anterior (-5,61%).<\/p>\n<p><iframe src=\"https:\/\/www.youtube.com\/embed\/Bpd1LpyRsrc\" width=\"560\" height=\"315\" frameborder=\"0\" allowfullscreen=\"allowfullscreen\" data-mce-fragment=\"1\"><\/iframe><\/p>\n<p><br \/>Para ele, o resultado positivo nas contas operacionais \u00e9 porque\u00a0houve um bom resultado entre receitas e despesas ligadas a opera\u00e7\u00e3o da empresa &#8220;do lado dos gastos principalmente de sal\u00e1rios, benef\u00edcios, encargos sociais&#8221;.<\/p>\n<p>&#8220;N\u00e3o existe nenhuma explos\u00e3o de gastos, nenhum desequil\u00edbrio, muito ao contr\u00e1rio. Nos \u00faltimos dois anos, temos resultados num patamar de gasto com pessoal, inclusive em cargos sociais, inalterado dentro da m\u00e9dia hist\u00f3rica\u201d, explica.<\/p>\n<p class=\"ckeditor-subtitle\"><strong>Correios d\u00e3o preju\u00edzos?<\/strong><\/p>\n<p>Descontado o custo dos produtos e servi\u00e7os prestados, o lucro bruto aumentou em mais de R$ 200 milh\u00f5es nos \u00faltimos dois anos, atingindo R$ 2,7 bilh\u00f5es em 2019.<\/p>\n<p>Os n\u00fameros contradizem tamb\u00e9m o argumento do presidente Jair Bolsonaro (sem partido), que em janeiro deste ano disse:<br \/><br \/><em>&#8220;At\u00e9 o pr\u00f3prio Correios, que a gente quer privatizar, mas tem dificuldade. O monop\u00f3lio, que, at\u00e9 o ano retrasado, deu preju\u00edzo. A gente pretende. Se pudesse privatizar hoje, eu privatizaria\u201d.<\/em><br \/>\u00a0<br \/>Com o aumento da demanda\u00a0de compra on-line em meio a pandemia a estimativa \u00e9 que a empresa tenha um lucro ainda maior este ano. De acordo com o\u00a0secret\u00e1rio-geral da Fentect, a estatal teve um aumento do volume de entregas de mais de 30%.<br \/><br \/>Outro ponto levantado por Silva \u00e9 que diferente de outras estatais, a empresa se sustenta e n\u00e3o \u00e9 dependente do Tesouro Nacional.\u201cO governo n\u00e3o p\u00f5e\u00a0 recursos, a produ\u00e7\u00e3o toda feita pelos trabalhadores\u201d, declara ele.<\/p>\n<p class=\"ckeditor-subtitle\"><strong>Impacto para os trabalhadores<\/strong><\/p>\n<p>Se comparado com ano retrasado, o valor de despesas com sal\u00e1rios, honor\u00e1rios e benef\u00edcios cresceu apenas 0,1% em 2019, mas, segundo o levantamento do Dieese, para os trabalhadores os cortes nos direitos podem representar de 43% a 69% de rendimento no final do m\u00eas. O que para Scherer \u00e9 uma liquida\u00e7\u00e3o do acordo coletivo, que pressup\u00f5e os benef\u00edcios como complemento do sal\u00e1rio, em uma atitude \u201cextremamente irracional e irrealista\u201d.<\/p>\n<p>\u201cAl\u00e9m de n\u00e3o promover ajuste salarial causando uma perda no poder aquisitivo dos trabalhadores, elimina o anu\u00eanio, a gratifica\u00e7\u00e3o de f\u00e9rias, que fica limitada a legisla\u00e7\u00e3o que \u00e9 um ter\u00e7o, n\u00e3o vai garantir o vale alimenta\u00e7\u00e3o e\/ou refei\u00e7\u00e3o que os trabalhadores t\u00eam hoje. S\u00f3 ai gera uma perda de renda e poder de compra que ultrapassa R$ 800 para cada trabalhador\u201d, calcula.\u00a0<br \/><br \/>Por exemplo, um trabalhador como carteiro, atendente ou operador de triagem que ganha uma m\u00e9dia de um rendimento l\u00edquido de R$ 4.058 com esses benef\u00edcios, com a proposta da empresa o valor\u00a0\u00a0l\u00edquido cairia para R$ 2.860. Uma perda s\u00f3 para ele de R$ 1.2 mil com a inexist\u00eancia do acordo. O que significa uma renda de quase 43% na remunera\u00e7\u00e3o l\u00edquida desse trabalhador ou trabalhadora.<\/p>\n<p>No caso de um trabalhador assistente administrativo cuja a m\u00e9dia de remunera\u00e7\u00e3o bruta \u00e9 R$ 2.300, a perda tamb\u00e9m \u00e9 de R$ 1.200 aproximadamente, o que significa uma perda de 69% na sua remunera\u00e7\u00e3o l\u00edquida com esses benef\u00edcios.\u00a0<\/p>\n<p>Por isso, o\u00a0representante da federa\u00e7\u00e3o reitera que a categoria n\u00e3o est\u00e1 fazendo greve por benef\u00edcios, mas pela manuten\u00e7\u00e3o dos direitos estabelecidos pelo acordo coletivo, inicialmente previsto para valer at\u00e9 2021. Para ele o pedido \u00e9 apenas que o &#8220;governo pague, o que j\u00e1 paga&#8221;.<\/p>\n<p class=\"ckeditor-subtitle\">Ningu\u00e9m l\u00ea mais carta?<\/p>\n<p><em>\u00a0\u201cQual a d\u00favida em privatizar os Correios? Ningu\u00e9m escreve mais cartas\u201d<\/em>, afirmou o ministro da Economia,\u00a0Paulo Guedes,\u00a0ao defender a inclus\u00e3o da estatal no\u00a0Programa de Acelera\u00e7\u00e3o de Privatiza\u00e7\u00f5es (PAP).<\/p>\n<p>O dirigente da Fentect afirma, no entanto, que segundo dados da empresa, que mais de 48% da receita corresponde ao monop\u00f3lio postal de envio de cartas e os outros 52% a entrega de encomendas, aberta a livre concorr\u00eancia.<\/p>\n<p class=\"ckeditor-subtitle\"><strong>Monop\u00f3lio dos Correios<\/strong><\/p>\n<p>Silva j\u00e1 responde outro argumento utilizado frequentemente para justificar a privatiza\u00e7\u00e3o a exemplo, do que disse o deputado federal Marcel Van Hattem (Novo\/RS) durante audi\u00eancia p\u00fablica sobre os Correios:<br \/><br \/><em>\u201cUma empresa monopolista estrangula qualquer possibilidade de concorr\u00eancia\u201d<\/em><\/p>\n<p>O monop\u00f3lio dos Correios se limita apenas ao servi\u00e7o de cartas e est\u00e1 previsto na Constitui\u00e7\u00e3o para a garantia do direito ao servi\u00e7o postal de todos os brasileiros. J\u00e1 o servi\u00e7o de encomendas, como Sedex e PAC, est\u00e1 aberto para o livre mercado, ainda sim, de acordo com os dados da estatal, apresenta bons resultados.<\/p>\n<p>Scherer alerta que a privatiza\u00e7\u00e3o das \u00e1reas competitivas da empresa pode matar todo o conjunto de servi\u00e7os que s\u00e3o prestados, inclusive, aqueles do monop\u00f3lio. \u201cVoc\u00ea n\u00e3o vai montar uma estrutura no Brasil inteiro para entregar carta se n\u00e3o tiver junto outros tipos de servi\u00e7os que justamente viabilizem economicamente o funcionamento da empresa, ela n\u00e3o vai ter receita suficiente para arcar com a tarefa de entregar cartas no Brasil inteiro\u201d, explica.<br \/><br \/><strong>Entenda:\u00a0<\/strong><a href=\"https:\/\/www.brasildefato.com.br\/2019\/10\/08\/com-piora-no-servico-884-empresas-foram-reestatizadas-no-mundo-apos-privatizacao\">Com piora no servi\u00e7o, 884 empresas foram reestatizadas no mundo ap\u00f3s privatiza\u00e7\u00e3o<\/a><\/p>\n<p class=\"ckeditor-subtitle\"><strong>Log\u00edstica<\/strong><\/p>\n<p>A quest\u00e3o vai de encontro a outra fala do parlamentar ga\u00facho:\u00a0<em>\u201cN\u00e3o \u00e9 em virtude de ser estatal que as coisas chegam nos long\u00ednquos do Brasil\u201d<\/em><\/p>\n<p>O fato \u00e9 que o interesse de grupos privados \u00e9 apenas por ag\u00eancias que abrangem capitais ou grandes munic\u00edpios, que apresentam servi\u00e7os superavit\u00e1rios, deixando de lado as ag\u00eancias localizadas em cidades onde a atividade n\u00e3o \u00e9 lucrativa. Mais uma vez cabe lembrar que essas localidades s\u00e3o atendidas exclusivamente pelos Correios e, o mais importante, sem aporte de recursos da Uni\u00e3o.<br \/><br \/>O dirigente da Fentect reitera: \u201cA privatiza\u00e7\u00e3o para os trabalhadores \u00e9 a demiss\u00e3o e para a\u00a0popula\u00e7\u00e3o \u00e9 o aumento das tarifas\u00a0e n\u00e3o ter a certeza que quem mora em determinada regi\u00f5es de poder receber o que comprar via internet, porque vai ficar muito caro e invi\u00e1vel voc\u00ea mandar encomendar por quem for operar no mercado privado, que s\u00f3 visa o lucro. N\u00e3o tem subs\u00eddio, ou ent\u00e3o o governo vai entregar o fil\u00e9 para iniciativa privada\u00a0ou tentar assumir minimamente o atendimento e o direito das pessoas a ter um acesso \u00e0 correspond\u00eancia\u201d.<\/p>\n<p class=\"ckeditor-subtitle\"><strong>Falta de qualidade?<\/strong><\/p>\n<p>Al\u00e9m do servi\u00e7o postal, os Correios servem como banco postal, entregam vacinas, realizam o ENEM, exportam e importam, levam informa\u00e7\u00e3o, emitem documentos, entre outros. Muitos desses servi\u00e7os n\u00e3o geram lucros, apesar da empresa ser sim lucrativa. Contudo, mesmo assim s\u00e3o feitos, j\u00e1 que por serem uma empresa p\u00fablica.<br \/><br \/>Silva destaca que a posi\u00e7\u00e3o estrat\u00e9gica dos Correios na log\u00edstica integrada no pa\u00eds inteiro ficou evidente na pandemia e pode, inclusive, ser um diferencial na distribui\u00e7\u00e3o da vacina da doen\u00e7a, por exemplo.<\/p>\n<p>Em 2019 a empresa ganhou o Pr\u00eamio ABComm de Inova\u00e7\u00e3o Digital 2019, um dos mais relevantes do e-commerce brasileiro, organizado pela Associa\u00e7\u00e3o Brasileira de Com\u00e9rcio Eletr\u00f4nico (ABComm) e em 2020, venceram o World Post &amp; Parcel Awards, pr\u00eamio internacional considerado o \u2018Oscar\u2019 dos correios de todo o mundo.<br \/><br \/>Para a categoria, o resultado poderia ser bem melhor n\u00e3o fosse o enxugamento da empresa\u00a0que diminui e envelhece a estrutura f\u00edsica, prejudica as condi\u00e7\u00f5es de trabalho, derruba a qualidade\u00a0quanto a rapidez e garantia das entregas. Desde 2011 n\u00e3o h\u00e1\u00a0concurso e contrata\u00e7\u00e3o e ano passado o general Floriano Peixoto chegou a comandar um Programa de Demiss\u00e3o Volunt\u00e1ria (PDV). Mas\u00a0a quarentena imposta pela pandemia criou condi\u00e7\u00f5es para o lucro crescer ainda mais, visto que o\u00a0com\u00e9rcio eletr\u00f4nico e o volume de encomendas cresceram.<\/p>\n<p class=\"ckeditor-subtitle\">\u201cGalinha dos ovos de ouro\u201d<\/p>\n<p>Ano passado o total de receitas, 22,1% vem de servi\u00e7os de Sedex e 21,3%, do PAC. Havia 11.124 unidades de atendimento, sendo 6.071 ag\u00eancias pr\u00f3prias e 5.053 terceirizadas. Para o economista a \u00e1rea das encomendas \u00e9 justamente onde a empresa mostra que \u00e9 competitiva e pode ser \u201ca galinha dos ovos de ouro\u201d.<\/p>\n<p>\u201cN\u00f3s temos bons n\u00fameros principalmente no segmento de encomendas, que \u00e9 muito rent\u00e1vel. A empresa tem uma opera\u00e7\u00e3o lucrativa no segmento de encomenda e tamb\u00e9m na log\u00edstica. Isso \u00e9 fundamental, principalmente, agora que nos vamos observar todo esse desenvolvimento do com\u00e9rcio digital. \u00c9 um momento que tem interesse econ\u00f4mico em comprar a empresa pode pegar uma galinha dos ovos de ouro\u201d, pontua Scherer.<\/p>\n<p>Guedes\u00a0no mesmo pronunciamento acaba evidenciando que h\u00e1 grande interesse no mercado na empresa:<br \/><br \/><em>\u201cPor que tem que demorar tanto? Tem oito caras querendo comprar [os Correios]\u201d<\/em>\u00a0&#8211; disse.<\/p>\n<p>O interesse se d\u00e1 porque os Correios executam uma atividade estrat\u00e9gica e com\u00e9rcio digital cresce em import\u00e2ncia, como avalia o representante do Dieese. \u201cEntregar a log\u00edstica do Brasil com seu\u00a0principal operador a um agente privado \u00e9 uma decis\u00e3o que tem que ser ponderada do ponto de vista estrat\u00e9gico do futuro. O Estado brasileiro perderia completamente a capacidade de influenciar\u00a0uma cadeia que no futuro vai ser tornar predominante pelas tend\u00eancias que j\u00e1 estamos vendo, como a Amazon\u201d, ressalta.<\/p>\n<p>Outros pa\u00edses fizeram movimentos no sentido de fortalecer e expandir a atua\u00e7\u00e3o das suas empresas postais, inclusive, com atua\u00e7\u00e3o internacional e n\u00e3o enfraquecer.\u00a0Por exemplo, Fran\u00e7a, Holanda\u00a0e a Argentina, que reestatizou o servi\u00e7o postal.<\/p>\n<p>N\u00e3o a toa, o dirigente sindical enfatiza que a luta contra a privatiza\u00e7\u00e3o faz parte da luta dos trabalhadores. \u201c\u00c9 uma empresa que pode ser gigante no Brasil, n\u00e3o pode abrir m\u00e3o de uma empresa dessa\u201d. Na rede representantes da categoria\u00a0e diversas organiza\u00e7\u00f5es, puxam o movimento, definido como suprapartid\u00e1rio,\u00a0<em>Correios, orgulho de um pa\u00eds inteiro<\/em>\u00a0em defesa da estatal.\u00a0<\/p>\n<p class=\"editor\">Edi\u00e7\u00e3o: Rodrigo Dur\u00e3o Coelho<br \/>Fonte: <a href=\"https:\/\/www.brasildefato.com.br\/2020\/08\/23\/por-que-o-projeto-de-privatizacao-dos-correios-nao-faz-sentido\" target=\"_blank\" rel=\"noopener noreferrer\">Jornal Brasil de Fato<\/a><\/p>\n","protected":false},"excerpt":{"rendered":"<p>A greve dos trabalhadores por direitos esquenta debate sobre a venda da estatal H\u00e1 seis dias, os\u00a0trabalhadores dos Correiros seguem<\/p>\n","protected":false},"author":1,"featured_media":3086,"comment_status":"closed","ping_status":"open","sticky":false,"template":"","format":"standard","meta":{"colormag_page_container_layout":"default_layout","colormag_page_sidebar_layout":"default_layout","footnotes":""},"categories":[5],"tags":[],"class_list":["post-3084","post","type-post","status-publish","format-standard","has-post-thumbnail","hentry","category-noticias"],"_links":{"self":[{"href":"https:\/\/www.secpf.com.br\/site\/wp-json\/wp\/v2\/posts\/3084","targetHints":{"allow":["GET"]}}],"collection":[{"href":"https:\/\/www.secpf.com.br\/site\/wp-json\/wp\/v2\/posts"}],"about":[{"href":"https:\/\/www.secpf.com.br\/site\/wp-json\/wp\/v2\/types\/post"}],"author":[{"embeddable":true,"href":"https:\/\/www.secpf.com.br\/site\/wp-json\/wp\/v2\/users\/1"}],"replies":[{"embeddable":true,"href":"https:\/\/www.secpf.com.br\/site\/wp-json\/wp\/v2\/comments?post=3084"}],"version-history":[{"count":1,"href":"https:\/\/www.secpf.com.br\/site\/wp-json\/wp\/v2\/posts\/3084\/revisions"}],"predecessor-version":[{"id":3087,"href":"https:\/\/www.secpf.com.br\/site\/wp-json\/wp\/v2\/posts\/3084\/revisions\/3087"}],"wp:featuredmedia":[{"embeddable":true,"href":"https:\/\/www.secpf.com.br\/site\/wp-json\/wp\/v2\/media\/3086"}],"wp:attachment":[{"href":"https:\/\/www.secpf.com.br\/site\/wp-json\/wp\/v2\/media?parent=3084"}],"wp:term":[{"taxonomy":"category","embeddable":true,"href":"https:\/\/www.secpf.com.br\/site\/wp-json\/wp\/v2\/categories?post=3084"},{"taxonomy":"post_tag","embeddable":true,"href":"https:\/\/www.secpf.com.br\/site\/wp-json\/wp\/v2\/tags?post=3084"}],"curies":[{"name":"wp","href":"https:\/\/api.w.org\/{rel}","templated":true}]}}