{"id":3088,"date":"2020-08-24T11:53:55","date_gmt":"2020-08-24T14:53:55","guid":{"rendered":"http:\/\/www.secpf.com.br\/site\/?p=3088"},"modified":"2020-08-24T11:53:59","modified_gmt":"2020-08-24T14:53:59","slug":"governo-e-stf-retiram-direitos-para-privatizar-os-correios-e-greve-se-fortalece","status":"publish","type":"post","link":"https:\/\/www.secpf.com.br\/site\/governo-e-stf-retiram-direitos-para-privatizar-os-correios-e-greve-se-fortalece\/","title":{"rendered":"Governo e STF retiram direitos para privatizar os Correios e greve se fortalece"},"content":{"rendered":"\n<p>A decis\u00e3o no \u00faltimo dia 21 do STF (Supremo TribunalFederal) sobre o fim da validade do\u00a0 ACT (Acordo Coletivo de Trabalho) dos Correios ainda este ano est\u00e1 fazendo com que a greve dos trabalhadores se fortale\u00e7a.<\/p>\n<p><a href=\"http:\/\/cspconlutas.org.br\/wp-content\/uploads\/2020\/08\/greve-correios-1.jpg\"><img fetchpriority=\"high\" decoding=\"async\" class=\"size-medium wp-image-167404 aligncenter\" src=\"http:\/\/cspconlutas.org.br\/wp-content\/uploads\/2020\/08\/greve-correios-1-300x194.jpg\" sizes=\"(max-width: 300px) 100vw, 300px\" srcset=\"http:\/\/cspconlutas.org.br\/wp-content\/uploads\/2020\/08\/greve-correios-1-300x194.jpg 300w, http:\/\/cspconlutas.org.br\/wp-content\/uploads\/2020\/08\/greve-correios-1-768x497.jpg 768w, http:\/\/cspconlutas.org.br\/wp-content\/uploads\/2020\/08\/greve-correios-1.jpg 850w\" alt=\"\" width=\"300\" height=\"194\" \/><\/a><\/p>\n<p>O STF aprovou a liminar impetrada pela dire\u00e7\u00e3o da empresa que pretende acabar com 70 das 79 cl\u00e1usulas do ACT, extinguindo direitos essenciais e hist\u00f3ricos dos funcion\u00e1rios. O acordo, fechado no ano passado, teria validade por dois anos, mas a dire\u00e7\u00e3o da empresa entrou na Justi\u00e7a para reduzir o prazo para um ano. O pedido foi aceito pelo ministro Dias Toffolli e o plen\u00e1rio julgou o m\u00e9rito da a\u00e7\u00e3o por 10 votos a 0.<\/p>\n<p>A Fentect (Federa\u00e7\u00e3o Nacional dos Trabalhadores em Empresas de Correios e Tel\u00e9grafos e Similares) divulgou nota lamentando o resultado do julgamento. \u201cA decis\u00e3o \u00e9 um ataque aos direitos dos trabalhadores e fere a Constitui\u00e7\u00e3o Federal e autonomia entre os tribunais. A pauta n\u00e3o \u00e9 compet\u00eancia do STF e interfere em uma decis\u00e3o de um Tribunal Superior que rege as rela\u00e7\u00f5es trabalhistas\u201d, denunciou.<\/p>\n<p>Em decorr\u00eancia desse profundo ataque do governo Bolsonaro, da empresa e do supremo, a greve da categoria ganha for\u00e7a em todo o pa\u00eds. Rio de Janeiro e S\u00e3o Paulo j\u00e1 aprovaram a continuidade, que deve ser seguida em todos os estados.<\/p>\n<p>Segundo o dirigente da Fentect Geraldinho Rodrigues, da Secretaria Executiva Nacional da CSP-Conlutas, esta semana que entra \u00e9 decisiva para ampliar a greve. \u201cN\u00f3s avaliamos que n\u00e3o haver\u00e1 retrocesso na paralisa\u00e7\u00e3o, os trabalhadores de base que estavam esperando o resultado da vota\u00e7\u00e3o da liminar agora afirmam que v\u00e3o aderir. Essa semana tantos os sindicatos de todos os estados e as duas federa\u00e7\u00f5es da categoria pretendem intensificar a mobiliza\u00e7\u00e3o para dar maior visibilidade \u00e0 luta contra redu\u00e7\u00e3o de direitos e privatiza\u00e7\u00e3o da empresa\u201d, disse.<\/p>\n<p>At\u00e9 sexta-feira (21) cerca de 70 mil trabalhadores, a maioria de setores operacionais e de atendimento, j\u00e1 estava parada na greve deflagrada na ter\u00e7a (17), pelos 36 sindicatos estaduais da categoria.<\/p>\n<p>A disposi\u00e7\u00e3o dos trabalhadores \u00e9 a manuten\u00e7\u00e3o da paralisa\u00e7\u00e3o por tempo indeterminado at\u00e9 que a dire\u00e7\u00e3o dos Correios volte atr\u00e1s nos duros ataques que quer impor aos trabalhadores.<\/p>\n<p>O ataque ao Acordo Coletivo dos trabalhadores se soma tamb\u00e9m \u00e0 pol\u00edtica genocida e de descaso com a pandemia adotada pela dire\u00e7\u00e3o dos Correios e aos planos de privatiza\u00e7\u00e3o da estatal. Sem equipamentos de prote\u00e7\u00e3o individual adequados, a categoria \u00e9 uma das mais atingidas pela Covid-19 e cerca de 120 trabalhadores j\u00e1 morreram.<\/p>\n<p>A situa\u00e7\u00e3o dos trabalhadores dos Correios \u00e9 muito semelhante a de outras categorias como petroleiros, trabalhadores da Eletrobr\u00e1s, da Casa da Moeda e outras que est\u00e3o nos planos entreguistas de Bolsonaro. Em todos os casos, o cen\u00e1rio \u00e9 o mesmo: retirada de direitos para preparar as empresas para entreg\u00e1-las ao setor privado. Privatiza\u00e7\u00f5es que v\u00e3o significar a demiss\u00e3o de milhares de trabalhadores e piora na presta\u00e7\u00e3o de servi\u00e7os e cobran\u00e7a de tarifas \u00e0 popula\u00e7\u00e3o.<\/p>\n<p>A CSP-Conlutas esta lado a lado \u00e0 luta dos trabalhadores da ECT e contra as privatiza\u00e7\u00f5es.<\/p>\n<p>Acesse a arte adesivo\/cartaz em pdf para impress\u00e3o:<\/p>\n<p><a href=\"http:\/\/cspconlutas.org.br\/wp-content\/uploads\/2020\/08\/correios-a4.pdf\" target=\"_blank\" rel=\"noopener noreferrer\"><strong>correios-a4<\/strong><\/a><\/p>\n<p><strong><a href=\"http:\/\/cspconlutas.org.br\/2020\/08\/3-dia-de-greve-luta-dos-trabalhadores-dos-correios-aponta-o-caminho-para-defender-direitos-e-barrar-privatizacoes\/\" target=\"_blank\" rel=\"noopener noreferrer\">Mais informa\u00e7\u00f5es sobre a mobiliza\u00e7\u00e3o dos trabalhadores dos Correios.<\/a><\/strong><\/p>\n","protected":false},"excerpt":{"rendered":"<p>A decis\u00e3o no \u00faltimo dia 21 do STF (Supremo TribunalFederal) sobre o fim da validade do\u00a0 ACT (Acordo Coletivo de<\/p>\n","protected":false},"author":1,"featured_media":3090,"comment_status":"open","ping_status":"open","sticky":false,"template":"","format":"standard","meta":{"colormag_page_container_layout":"default_layout","colormag_page_sidebar_layout":"default_layout","footnotes":""},"categories":[5],"tags":[],"class_list":["post-3088","post","type-post","status-publish","format-standard","has-post-thumbnail","hentry","category-noticias"],"_links":{"self":[{"href":"https:\/\/www.secpf.com.br\/site\/wp-json\/wp\/v2\/posts\/3088","targetHints":{"allow":["GET"]}}],"collection":[{"href":"https:\/\/www.secpf.com.br\/site\/wp-json\/wp\/v2\/posts"}],"about":[{"href":"https:\/\/www.secpf.com.br\/site\/wp-json\/wp\/v2\/types\/post"}],"author":[{"embeddable":true,"href":"https:\/\/www.secpf.com.br\/site\/wp-json\/wp\/v2\/users\/1"}],"replies":[{"embeddable":true,"href":"https:\/\/www.secpf.com.br\/site\/wp-json\/wp\/v2\/comments?post=3088"}],"version-history":[{"count":1,"href":"https:\/\/www.secpf.com.br\/site\/wp-json\/wp\/v2\/posts\/3088\/revisions"}],"predecessor-version":[{"id":3091,"href":"https:\/\/www.secpf.com.br\/site\/wp-json\/wp\/v2\/posts\/3088\/revisions\/3091"}],"wp:featuredmedia":[{"embeddable":true,"href":"https:\/\/www.secpf.com.br\/site\/wp-json\/wp\/v2\/media\/3090"}],"wp:attachment":[{"href":"https:\/\/www.secpf.com.br\/site\/wp-json\/wp\/v2\/media?parent=3088"}],"wp:term":[{"taxonomy":"category","embeddable":true,"href":"https:\/\/www.secpf.com.br\/site\/wp-json\/wp\/v2\/categories?post=3088"},{"taxonomy":"post_tag","embeddable":true,"href":"https:\/\/www.secpf.com.br\/site\/wp-json\/wp\/v2\/tags?post=3088"}],"curies":[{"name":"wp","href":"https:\/\/api.w.org\/{rel}","templated":true}]}}