{"id":3109,"date":"2020-08-31T10:59:06","date_gmt":"2020-08-31T13:59:06","guid":{"rendered":"http:\/\/www.secpf.com.br\/site\/?p=3109"},"modified":"2020-08-31T10:59:09","modified_gmt":"2020-08-31T13:59:09","slug":"no-10-dia-greve-dos-trabalhadores-dos-correios-segue-forte-pelo-pais-e-tst-volta-mediar-negociacao","status":"publish","type":"post","link":"https:\/\/www.secpf.com.br\/site\/no-10-dia-greve-dos-trabalhadores-dos-correios-segue-forte-pelo-pais-e-tst-volta-mediar-negociacao\/","title":{"rendered":"No 10\u00b0 dia, greve dos trabalhadores dos Correios segue forte pelo pa\u00eds e TST volta mediar negocia\u00e7\u00e3o"},"content":{"rendered":"\n<figure class=\"wp-block-image size-large\"><img fetchpriority=\"high\" decoding=\"async\" width=\"768\" height=\"363\" src=\"http:\/\/www.secpf.com.br\/site\/wp-content\/uploads\/2020\/08\/310820-greve-correios-01.jpg\" alt=\"\" class=\"wp-image-3111\" srcset=\"https:\/\/www.secpf.com.br\/site\/wp-content\/uploads\/2020\/08\/310820-greve-correios-01.jpg 768w, https:\/\/www.secpf.com.br\/site\/wp-content\/uploads\/2020\/08\/310820-greve-correios-01-300x142.jpg 300w\" sizes=\"(max-width: 768px) 100vw, 768px\" \/><\/figure>\n\n\n\n<p>As tentativas do governo Bolsonaro e da dire\u00e7\u00e3o dos Correios para derrotar a luta dos trabalhadores e avan\u00e7ar na privatiza\u00e7\u00e3o da estatal s\u00e3o muitas. Entretanto, a cada uma delas a mobiliza\u00e7\u00e3o se fortalece e amplia.\u00a0A greve nacional da categoria completou 10 dias nesta quinta-feira (27). A paralisa\u00e7\u00e3o que mobiliza cerca de 70 mil funcion\u00e1rios segue muito forte e marcada por v\u00e1rias mobiliza\u00e7\u00f5es, piquetes e atos p\u00fablicos em todo o pa\u00eds.<\/p>\n<p>Na noite desta quarta-feira (26), funcion\u00e1rios\u00a0dos Correios do interior de S\u00e3o Paulo ocuparam o maior Centro de Opera\u00e7\u00f5es de Encomendas dos Correios no estado, em Indaiatuba (SP). Mais de uma centena de ecetistas entraram no Centro e bloquearam a sa\u00edda de caminh\u00f5es que levam cargas para abastecer os centros de encomendas do pa\u00eds.<\/p>\n<p>Hoje, o p\u00e1tio amanheceu lotado de caminh\u00f5es parados. A mobiliza\u00e7\u00e3o conta com a partici<span class=\"text_exposed_show\">pa\u00e7\u00e3o dos trabalhadores da capital S\u00e3o Paulo e v\u00e1rias regi\u00f5es do interior.\u00a0<\/span><\/p>\n<p>Passeatas e outras manifesta\u00e7\u00f5es tamb\u00e9m ocorrem em v\u00e1rias regi\u00f5es, recebendo, inclusive, muita solidariedade e apoio de outras categorias.<\/p>\n<p>Nesta quinta, os trabalhadores realizam uma campanha nacional de doa\u00e7\u00e3o de sangue na Santa Casa e em hospitais regionais. \u00c0s 17 horas, as 11 centrais sindicais brasileiras, movimentos sociais e parlamentares realizar\u00e3o um Ato Virtual em apoio \u00e0 greve dos trabalhadores\/as nos Correios.<\/p>\n<p><a href=\"http:\/\/cspconlutas.org.br\/wp-content\/uploads\/2020\/08\/118355886_3271814282887544_5177374783630876691_o.jpg\"><img decoding=\"async\" class=\"aligncenter wp-image-167558\" src=\"http:\/\/cspconlutas.org.br\/wp-content\/uploads\/2020\/08\/118355886_3271814282887544_5177374783630876691_o.jpg\" sizes=\"(max-width: 380px) 100vw, 380px\" srcset=\"http:\/\/cspconlutas.org.br\/wp-content\/uploads\/2020\/08\/118355886_3271814282887544_5177374783630876691_o.jpg 960w, http:\/\/cspconlutas.org.br\/wp-content\/uploads\/2020\/08\/118355886_3271814282887544_5177374783630876691_o-150x150.jpg 150w, http:\/\/cspconlutas.org.br\/wp-content\/uploads\/2020\/08\/118355886_3271814282887544_5177374783630876691_o-300x300.jpg 300w, http:\/\/cspconlutas.org.br\/wp-content\/uploads\/2020\/08\/118355886_3271814282887544_5177374783630876691_o-768x768.jpg 768w, http:\/\/cspconlutas.org.br\/wp-content\/uploads\/2020\/08\/118355886_3271814282887544_5177374783630876691_o-65x65.jpg 65w\" alt=\"\" width=\"380\" height=\"380\" \/><\/a><\/p>\n<p>Na sexta-feira, haver\u00e1 nova carreata em SP, com concentra\u00e7\u00e3o em frente ao Pacaembu.<\/p>\n<p>Cresce ainda o apoio da popula\u00e7\u00e3o que est\u00e1 consciente do brutal ataque que os Correios est\u00e3o tentando impor aos funcion\u00e1rios dos Correios, retirando 70 das 79 cl\u00e1usulas do Acordo Coletivo da categoria, sem contar o descaso com a vida destes trabalhadores em meio \u00e0 pandemia.<\/p>\n<p><strong>Media\u00e7\u00e3o no TST<\/strong><\/p>\n<p>Na ter\u00e7a-feira, os Correios\u00a0 entraram com pedido de diss\u00eddio coletivo no TST (Tribunal Superior do Trabalho), em que pedem que o Tribunal reconhe\u00e7a a abusividade da greve ou exija a garantia de contingente m\u00ednimo de 90% do efetivo. O diss\u00eddio foi ajuizado ap\u00f3s a decis\u00e3o do STF (Supremo Tribunal Federal) que atendeu o pedido dos Correios e reduziu o prazo de validade do ACT da categoria para um ano.<\/p>\n<p>A representa\u00e7\u00e3o da empresa foi distribu\u00edda para o atual vice-presidente do TST, ministro Luiz Philippe Vieira de Mello Filho, que chamou as partes para a concilia\u00e7\u00e3o na tarde desta quarta-feira (26). Apesar de reconhecer que em meio \u00e0 pandemia, os Correios j\u00e1 registraram mais de R$ 600 milh\u00f5es de lucro, a dire\u00e7\u00e3o da empresa segue intransigente e insiste em praticamente acabar com o Acordo Coletivo da categoria.<\/p>\n<p>Nesta quinta, \u00e0s 16 horas, tem nova media\u00e7\u00e3o. Se n\u00e3o houve acordo,\u00a0\u00a0o Tribunal ir\u00e1 julgar e decidir sobre o diss\u00eddio.<\/p>\n<p>Para o dirigente da Fentect e integrante da Secretaria Executiva Nacional da CSP-Conlutas Geraldinho Rodrigues, \u00e9 hora de\u00a0ampliar e fortalecer ainda mais a mobiliza\u00e7\u00e3o.<\/p>\n<p>\u201cA dire\u00e7\u00e3o dos Correios e o governo sentiram a for\u00e7a da greve, pois o\u00a0movimento est\u00e1 mostrando a forte disposi\u00e7\u00e3o de luta e for\u00e7a do trabalhador ecetista em lutar por seus direitos, vidas e empregos. Mas a\u00a0empresa quer acabar com a greve e impor uma brutal redu\u00e7\u00e3o de direitos. Este ataque, inclusive, faz parte do plano de privatiza\u00e7\u00e3o da estatal, j\u00e1 anunciado pelo general Floriano Peixoto, presidente dos Correios, e por Bolsonaro\u201d, avaliou Geraldinho.<\/p>\n<p>\u201cA mobiliza\u00e7\u00e3o dos trabalhadores dos Correios de SP que ocuparam o Centro Operacional em Indaiatuba deve ser exemplo para outras unidades no pa\u00eds, e ser seguido pelo Sindicato do Rio de Janeiro, filiado \u00e0 Findect\/CTB, parando tamb\u00e9m o Centro de Opera\u00e7\u00f5es de Benfica para fortalecer ainda mais essa luta nacional\u201d, defende o dirigente da Fentect e integrante da CSP-Conlutas\/RJ Heitor Fernandes.<\/p>\n<p>\u201cO momento \u00e9 de ampliarmos e fortalecermos ainda mais a greve nacional da categoria. S\u00f3 a mobiliza\u00e7\u00e3o podem pressionar governo, empresa e o judici\u00e1rio.\u00a0N\u00e3o pode haver recuo enquanto os nossos direitos n\u00e3o estiverem garantidos\u201d, concluiu Geraldinho.<\/p>\n<p>#SomosTodosTrabalhadoresdosCorreios<br \/>#TodoApoio\u00c0GreveDosCorreios<br \/>#Privatiza\u00e7aoNao<br \/>#ForaFlorianoPeixoto<br \/>#ForaBolsonaroEMourao<\/p>\n<p>\u00a0<\/p>\n<p><em>Fonte: <a href=\"http:\/\/cspconlutas.org.br\/2020\/08\/no-10-dia-greve-dos-trabalhadores-dos-correios-segue-forte-pelo-pais-e-tst-volta-mediar-negociacao\/\" target=\"_blank\" rel=\"noopener noreferrer\">CSPConlutas<\/a><\/em><\/p>\n","protected":false},"excerpt":{"rendered":"<p>As tentativas do governo Bolsonaro e da dire\u00e7\u00e3o dos Correios para derrotar a luta dos trabalhadores e avan\u00e7ar na privatiza\u00e7\u00e3o<\/p>\n","protected":false},"author":1,"featured_media":3111,"comment_status":"open","ping_status":"open","sticky":false,"template":"","format":"standard","meta":{"colormag_page_container_layout":"default_layout","colormag_page_sidebar_layout":"default_layout","footnotes":""},"categories":[5],"tags":[],"class_list":["post-3109","post","type-post","status-publish","format-standard","has-post-thumbnail","hentry","category-noticias"],"_links":{"self":[{"href":"https:\/\/www.secpf.com.br\/site\/wp-json\/wp\/v2\/posts\/3109","targetHints":{"allow":["GET"]}}],"collection":[{"href":"https:\/\/www.secpf.com.br\/site\/wp-json\/wp\/v2\/posts"}],"about":[{"href":"https:\/\/www.secpf.com.br\/site\/wp-json\/wp\/v2\/types\/post"}],"author":[{"embeddable":true,"href":"https:\/\/www.secpf.com.br\/site\/wp-json\/wp\/v2\/users\/1"}],"replies":[{"embeddable":true,"href":"https:\/\/www.secpf.com.br\/site\/wp-json\/wp\/v2\/comments?post=3109"}],"version-history":[{"count":1,"href":"https:\/\/www.secpf.com.br\/site\/wp-json\/wp\/v2\/posts\/3109\/revisions"}],"predecessor-version":[{"id":3112,"href":"https:\/\/www.secpf.com.br\/site\/wp-json\/wp\/v2\/posts\/3109\/revisions\/3112"}],"wp:featuredmedia":[{"embeddable":true,"href":"https:\/\/www.secpf.com.br\/site\/wp-json\/wp\/v2\/media\/3111"}],"wp:attachment":[{"href":"https:\/\/www.secpf.com.br\/site\/wp-json\/wp\/v2\/media?parent=3109"}],"wp:term":[{"taxonomy":"category","embeddable":true,"href":"https:\/\/www.secpf.com.br\/site\/wp-json\/wp\/v2\/categories?post=3109"},{"taxonomy":"post_tag","embeddable":true,"href":"https:\/\/www.secpf.com.br\/site\/wp-json\/wp\/v2\/tags?post=3109"}],"curies":[{"name":"wp","href":"https:\/\/api.w.org\/{rel}","templated":true}]}}