{"id":3134,"date":"2020-09-12T10:08:00","date_gmt":"2020-09-12T13:08:00","guid":{"rendered":"http:\/\/www.secpf.com.br\/site\/?p=3134"},"modified":"2020-09-14T10:24:08","modified_gmt":"2020-09-14T13:24:08","slug":"greve-dos-correios-chega-a-4a-semana-com-novos-protestos-contra-a-politica-privatista-de-bolsonaro-e-por-direitos","status":"publish","type":"post","link":"https:\/\/www.secpf.com.br\/site\/greve-dos-correios-chega-a-4a-semana-com-novos-protestos-contra-a-politica-privatista-de-bolsonaro-e-por-direitos\/","title":{"rendered":"Greve dos Correios chega a 4\u00aa semana com novos protestos contra a pol\u00edtica privatista de Bolsonaro e por direitos"},"content":{"rendered":"\n<figure class=\"wp-block-image size-large\"><img fetchpriority=\"high\" decoding=\"async\" width=\"750\" height=\"500\" src=\"http:\/\/www.secpf.com.br\/site\/wp-content\/uploads\/2020\/09\/120920-greve-correios.jpg\" alt=\"\" class=\"wp-image-3136\" srcset=\"https:\/\/www.secpf.com.br\/site\/wp-content\/uploads\/2020\/09\/120920-greve-correios.jpg 750w, https:\/\/www.secpf.com.br\/site\/wp-content\/uploads\/2020\/09\/120920-greve-correios-300x200.jpg 300w\" sizes=\"(max-width: 750px) 100vw, 750px\" \/><\/figure>\n\n\n\n<p>A greve nacional dos trabalhadores dos Correios chega a sua 4\u00aa semana com a mesma for\u00e7a e ades\u00e3o ao movimento grevista iniciado em 17 de agosto. Nesta ter\u00e7a-feira (8), os trabalhadores seguem seu calend\u00e1rio de manifesta\u00e7\u00f5es e mostram que n\u00e3o tem arrego para a luta por direitos e contra a pol\u00edtica privatista de Bolsonaro.<\/p>\n<p>Como parte dessas a\u00e7\u00f5es da greve, em S\u00e3o Paulo, nesta ter\u00e7a-feira, as Centrais Sindicais, os sindicatos e as entidades de outros segmentos realizam uma manifesta\u00e7\u00e3o em frente ao CTP (Centro de Tratamento Principal), no Jaguar\u00e9.<\/p>\n<p><iframe src=\"https:\/\/www.facebook.com\/plugins\/post.php?href=https%3A%2F%2Fwww.facebook.com%2FCSPConlutas%2Fposts%2F3310219382380367&amp;show_text=true&amp;width=552&amp;height=754&amp;appId\" width=\"452\" height=\"654\" frameborder=\"0\" scrolling=\"no\" data-mce-fragment=\"1\"><\/iframe><\/p>\n<p>\u201cCome\u00e7amos a semana fortalecendo a nossa greve, fazendo com que essa luta permane\u00e7a firme para conseguirmos garantir nossos direitos e derrubar essa proposta de acabar com nosso acordo coletivo e tamb\u00e9m lutar para barrar a privatiza\u00e7\u00e3o da empresa\u201d, alerta Geraldinho Rodrigues, diretor da Fentect (Federa\u00e7\u00e3o Nacional dos Trabalhadores em Empresas de Correios e Tel\u00e9grafos e Similares) e tamb\u00e9m integrante da Secretaria Executiva Nacional da CSP-Conlutas, diretamente do ato em S\u00e3o Paulo.<\/p>\n\n\n\n<p>Os trabalhadores s\u00e3o contra a retirada de 70 das 79 cl\u00e1usulas de acordo firmado na campanha salarial passada, que teria validade por dois anos, no entanto, a empresa acionou a justi\u00e7a e conseguiu derrubar esse direito dos trabalhadores. \u00c9 contra esse ataque que os ecetistas est\u00e3o em luta, mas tamb\u00e9m contra a pol\u00edtica de desmonte da estatal, com o objetivo de entreg\u00e1-la para o setor privado.<\/p>\n\n\n\n<p>A CSP-Conlutas desde o in\u00edcio da greve segue em apoio ao movimento que est\u00e1 forte. \u201cN\u00f3s, da CSP-Conlutas, estamos iniciando com toda a for\u00e7a essa quarta semana de greve, uma greve hist\u00f3rica que representa um enfrentamento contra a pol\u00edtica privatista de Bolsonaro, Mour\u00e3o e Guedes. Vamos lutar por um Correio p\u00fablico e estatal e em defesa do direito da categoria\u201d, alertou o dirigente da Secretaria Executiva Nacional da CSP-Conlutas Atn\u00e1goras Lopes, tamb\u00e9m presente no ato de S\u00e3o Paulo.<\/p>\n\n\n\n<p><strong>Corte nos sal\u00e1rios n\u00e3o intimida categoria e mobiliza\u00e7\u00f5es seguem<\/strong><\/p>\n\n\n\n<p>A greve se fortalece em todo pa\u00eds, mesmo com o corte de sal\u00e1rio na \u00faltima folha de pagamento e dureza da empresa em seguir com uma pol\u00edtica autorit\u00e1ria e de desmonte. A categoria acionou a justi\u00e7a e segue em alerta para reverter esse desconto absurdo, afinal, a greve \u00e9 um direito garantido pela lei.<\/p>\n\n\n\n<p>Como resposta \u00e0 intransig\u00eancia da empresa, os trabalhadores fortalecem o movimento pelo pa\u00eds com fortes protestos. Na semana passada, em diversas regi\u00f5es do pa\u00eds, como S\u00e3o Paulo, Bahia, Alagoas, Para\u00edba, Bras\u00edlia, Piau\u00ed os trabalhadores fizeram atos, que mostram a disposi\u00e7\u00e3o para a luta dos ecetisitas.<\/p>\n\n\n\n<p>Existe a previs\u00e3o para que o julgamento do diss\u00eddio da greve ocorra em 21 de setembro, data que pode ser antecipada pelo TST (Tribunal Superior de Trabalho). Enquanto isso, a paralisa\u00e7\u00e3o segue, sem arrego.<\/p>\n\n\n\n<p>A CSP-Conlutas faz um chamado \u00e0s organiza\u00e7\u00f5es sociais, entidades sindicais e, sobretudo, \u00e0s estaduais e regionais da Central para que fortale\u00e7am o apoio e a unidade da greve das trabalhadoras e trabalhadores dos Correios, para que seja realizado um Dia Nacional de Mobiliza\u00e7\u00e3o, Paralisa\u00e7\u00f5es e Protestos pelas reivindica\u00e7\u00f5es da categoria e pelo Fora Bolsonaro, Mour\u00e3o e Floriano.<\/p>\n\n\n\n<p><\/p>\n\n\n\n<p>Fonte: <em><a href=\"http:\/\/cspconlutas.org.br\/2020\/09\/greve-dos-correios-chega-a-4a-semana-com-novos-protestos-contra-a-politica-privatista-de-bolsonaro-e-por-direitos\/\" target=\"_blank\" rel=\"noreferrer noopener\">CSPConlutas<\/a><\/em><\/p>\n\n\n","protected":false},"excerpt":{"rendered":"<p>A greve nacional dos trabalhadores dos Correios chega a sua 4\u00aa semana com a mesma for\u00e7a e ades\u00e3o ao movimento<\/p>\n","protected":false},"author":1,"featured_media":3136,"comment_status":"closed","ping_status":"open","sticky":false,"template":"","format":"standard","meta":{"colormag_page_container_layout":"default_layout","colormag_page_sidebar_layout":"default_layout","footnotes":""},"categories":[5],"tags":[24,419],"class_list":["post-3134","post","type-post","status-publish","format-standard","has-post-thumbnail","hentry","category-noticias","tag-greve","tag-greve-dos-correios"],"_links":{"self":[{"href":"https:\/\/www.secpf.com.br\/site\/wp-json\/wp\/v2\/posts\/3134","targetHints":{"allow":["GET"]}}],"collection":[{"href":"https:\/\/www.secpf.com.br\/site\/wp-json\/wp\/v2\/posts"}],"about":[{"href":"https:\/\/www.secpf.com.br\/site\/wp-json\/wp\/v2\/types\/post"}],"author":[{"embeddable":true,"href":"https:\/\/www.secpf.com.br\/site\/wp-json\/wp\/v2\/users\/1"}],"replies":[{"embeddable":true,"href":"https:\/\/www.secpf.com.br\/site\/wp-json\/wp\/v2\/comments?post=3134"}],"version-history":[{"count":1,"href":"https:\/\/www.secpf.com.br\/site\/wp-json\/wp\/v2\/posts\/3134\/revisions"}],"predecessor-version":[{"id":3137,"href":"https:\/\/www.secpf.com.br\/site\/wp-json\/wp\/v2\/posts\/3134\/revisions\/3137"}],"wp:featuredmedia":[{"embeddable":true,"href":"https:\/\/www.secpf.com.br\/site\/wp-json\/wp\/v2\/media\/3136"}],"wp:attachment":[{"href":"https:\/\/www.secpf.com.br\/site\/wp-json\/wp\/v2\/media?parent=3134"}],"wp:term":[{"taxonomy":"category","embeddable":true,"href":"https:\/\/www.secpf.com.br\/site\/wp-json\/wp\/v2\/categories?post=3134"},{"taxonomy":"post_tag","embeddable":true,"href":"https:\/\/www.secpf.com.br\/site\/wp-json\/wp\/v2\/tags?post=3134"}],"curies":[{"name":"wp","href":"https:\/\/api.w.org\/{rel}","templated":true}]}}