{"id":3138,"date":"2020-09-12T10:24:00","date_gmt":"2020-09-12T13:24:00","guid":{"rendered":"http:\/\/www.secpf.com.br\/site\/?p=3138"},"modified":"2020-09-14T10:35:41","modified_gmt":"2020-09-14T13:35:41","slug":"auxilio-emergencial-foi-reduzido-para-r-300-mas-governo-pode-perdoar-dividas-de-r-1-bilhao-de-igrejas","status":"publish","type":"post","link":"https:\/\/www.secpf.com.br\/site\/auxilio-emergencial-foi-reduzido-para-r-300-mas-governo-pode-perdoar-dividas-de-r-1-bilhao-de-igrejas\/","title":{"rendered":"Aux\u00edlio Emergencial foi reduzido para R$ 300, mas governo pode perdoar d\u00edvidas de R$ 1 bilh\u00e3o de igrejas"},"content":{"rendered":"\n<figure class=\"wp-block-image size-large\"><img fetchpriority=\"high\" decoding=\"async\" width=\"850\" height=\"566\" src=\"http:\/\/www.secpf.com.br\/site\/wp-content\/uploads\/2020\/09\/120920-divida-igrejas.jpg\" alt=\"\" class=\"wp-image-3140\" srcset=\"https:\/\/www.secpf.com.br\/site\/wp-content\/uploads\/2020\/09\/120920-divida-igrejas.jpg 850w, https:\/\/www.secpf.com.br\/site\/wp-content\/uploads\/2020\/09\/120920-divida-igrejas-300x200.jpg 300w, https:\/\/www.secpf.com.br\/site\/wp-content\/uploads\/2020\/09\/120920-divida-igrejas-768x511.jpg 768w, https:\/\/www.secpf.com.br\/site\/wp-content\/uploads\/2020\/09\/120920-divida-igrejas-648x430.jpg 648w\" sizes=\"(max-width: 850px) 100vw, 850px\" \/><figcaption>Bolsonaro com l\u00edderes religiosos. De terno cinza, R.R.Soares l\u00edder de igreja que deve R$ 37,8 milh\u00f5es \u00e0 Receita<\/figcaption><\/figure>\n\n\n\n<p>O presidente Jair Bolsonaro tem at\u00e9 a pr\u00f3xima sexta-feira (12) para decidir se sanciona ou n\u00e3o o projeto que concede um perd\u00e3o bilion\u00e1rio \u00e0s igrejas e templos do pa\u00eds. O projeto, apresentado pela bancada evang\u00e9lica e aprovado na semana passada pelo Congresso, anistia uma d\u00edvida de cerca de R$ 1 bilh\u00e3o de institui\u00e7\u00f5es religiosas.<\/p>\n\n\n\n<p>A d\u00edvida de R$ 1 bilh\u00e3o de igrejas e templos refere-se \u00e0s d\u00edvidas previdenci\u00e1rias e tribut\u00e1rias. Em resumo, s\u00e3o multas aplicadas pela Receita Federal a entidades religiosas que driblaram o Fisco, sonegando o pagamento de tributos sobre os lucros e remunera\u00e7\u00f5es pagos a pastores e l\u00edderes.<\/p>\n\n\n\n<p>Embora tenham imunidade no pagamento de impostos, o benef\u00edcio n\u00e3o afasta a cobran\u00e7a de contribui\u00e7\u00f5es, como a CSLL \u2013 Contribui\u00e7\u00e3o Social sobre o Lucro L\u00edquido e a contribui\u00e7\u00e3o ao INSS, que n\u00e3o tem sido pagos por v\u00e1rias igrejas e templos.<\/p>\n\n\n\n<p>A proposta foi apresentada pelo deputado federal David Soares (DEM-SP), filho do mission\u00e1rio R.R. Soares, l\u00edder da Igreja Internacional da Gra\u00e7a de Deus. O parlamentar incluiu a proposta em um projeto de lei que trata sobre regras para pagamento de precat\u00f3rios. A manobra, revelada pelo jornal \u201cO Estado de S. Paulo\u201d, beneficia a igreja do pai, que deve R$ 37,8 milh\u00f5es ao Fisco.<\/p>\n\n\n\n<p>A lideran\u00e7a do governo na C\u00e2mara orientou favoravelmente ao perd\u00e3o tribut\u00e1rio e Bolsonaro j\u00e1 deu v\u00e1rias declara\u00e7\u00f5es de que \u00e9 a favor de medidas neste sentido para entidades religiosas.<\/p>\n\n\n\n<p>No ano passado, o governo apoiou um projeto de lei que flexibiliza obriga\u00e7\u00f5es fiscais de institui\u00e7\u00f5es religiosas. Levantamento do jornal O Globo mostrou tamb\u00e9m que Bolsonaro privilegiou lideran\u00e7as evang\u00e9licas em suas agendas p\u00fablicas no ano passado. Ao longo de 2019, foram 40 encontros com representantes de entidades religiosas \u2014 uma m\u00e9dia de tr\u00eas reuni\u00f5es por m\u00eas.<\/p>\n\n\n\n<p>A aprova\u00e7\u00e3o do projeto ocorre o momento em que Bolsonaro busca consolidar base de apoio no Congresso e se aproximou dos partidos fisiol\u00f3gicos do Centr\u00e3o, com entrega de cargos e distribui\u00e7\u00e3o de emendas.<\/p>\n\n\n\n<p>Vale destacar que o \u201cpresent\u00e3o dos c\u00e9us\u201d foi aprovado pelo Congresso no momento em que o governo reduziu o aux\u00edlio emergencial de R$ 600 para R$ 300 e endureceu as regras para receber o benef\u00edcio. Com isso, al\u00e9m da queda no valor pela metade, nem todas as 65 milh\u00f5es de pessoas que dependeram desse aux\u00edlio para sobreviver nos \u00faltimos meses receber\u00e3o as novas parcelas. Um absurdo.<\/p>\n\n\n\n<p>Fonte: <em><a href=\"http:\/\/cspconlutas.org.br\/2020\/09\/auxilio-emergencial-foi-reduzido-para-r-300-mas-governo-pode-perdoar-dividas-de-r-1-bilhao-de-igrejas\/\" target=\"_blank\" rel=\"noreferrer noopener\">CSPConlutas<\/a><\/em><\/p>\n","protected":false},"excerpt":{"rendered":"<p>O presidente Jair Bolsonaro tem at\u00e9 a pr\u00f3xima sexta-feira (12) para decidir se sanciona ou n\u00e3o o projeto que concede<\/p>\n","protected":false},"author":1,"featured_media":3140,"comment_status":"closed","ping_status":"open","sticky":false,"template":"","format":"standard","meta":{"colormag_page_container_layout":"default_layout","colormag_page_sidebar_layout":"default_layout","footnotes":""},"categories":[5],"tags":[353,286,420,421],"class_list":["post-3138","post","type-post","status-publish","format-standard","has-post-thumbnail","hentry","category-noticias","tag-bolsonaro","tag-divida","tag-igreja","tag-perdao-divida"],"_links":{"self":[{"href":"https:\/\/www.secpf.com.br\/site\/wp-json\/wp\/v2\/posts\/3138","targetHints":{"allow":["GET"]}}],"collection":[{"href":"https:\/\/www.secpf.com.br\/site\/wp-json\/wp\/v2\/posts"}],"about":[{"href":"https:\/\/www.secpf.com.br\/site\/wp-json\/wp\/v2\/types\/post"}],"author":[{"embeddable":true,"href":"https:\/\/www.secpf.com.br\/site\/wp-json\/wp\/v2\/users\/1"}],"replies":[{"embeddable":true,"href":"https:\/\/www.secpf.com.br\/site\/wp-json\/wp\/v2\/comments?post=3138"}],"version-history":[{"count":1,"href":"https:\/\/www.secpf.com.br\/site\/wp-json\/wp\/v2\/posts\/3138\/revisions"}],"predecessor-version":[{"id":3141,"href":"https:\/\/www.secpf.com.br\/site\/wp-json\/wp\/v2\/posts\/3138\/revisions\/3141"}],"wp:featuredmedia":[{"embeddable":true,"href":"https:\/\/www.secpf.com.br\/site\/wp-json\/wp\/v2\/media\/3140"}],"wp:attachment":[{"href":"https:\/\/www.secpf.com.br\/site\/wp-json\/wp\/v2\/media?parent=3138"}],"wp:term":[{"taxonomy":"category","embeddable":true,"href":"https:\/\/www.secpf.com.br\/site\/wp-json\/wp\/v2\/categories?post=3138"},{"taxonomy":"post_tag","embeddable":true,"href":"https:\/\/www.secpf.com.br\/site\/wp-json\/wp\/v2\/tags?post=3138"}],"curies":[{"name":"wp","href":"https:\/\/api.w.org\/{rel}","templated":true}]}}