{"id":3142,"date":"2020-09-14T10:45:08","date_gmt":"2020-09-14T13:45:08","guid":{"rendered":"http:\/\/www.secpf.com.br\/site\/?p=3142"},"modified":"2020-09-14T10:45:11","modified_gmt":"2020-09-14T13:45:11","slug":"precos-dos-alimentos-disparam-e-na-cara-de-pau-bolsonaro-e-mourao-culpam-povo-pobre","status":"publish","type":"post","link":"https:\/\/www.secpf.com.br\/site\/precos-dos-alimentos-disparam-e-na-cara-de-pau-bolsonaro-e-mourao-culpam-povo-pobre\/","title":{"rendered":"Pre\u00e7os dos alimentos disparam e, na cara de pau, Bolsonaro e Mour\u00e3o culpam povo pobre!"},"content":{"rendered":"\n<figure class=\"wp-block-image size-full\"><img fetchpriority=\"high\" decoding=\"async\" width=\"380\" height=\"253\" src=\"http:\/\/www.secpf.com.br\/site\/wp-content\/uploads\/2020\/09\/120920-preco-alimentos.jpg\" alt=\"\" class=\"wp-image-3144\" srcset=\"https:\/\/www.secpf.com.br\/site\/wp-content\/uploads\/2020\/09\/120920-preco-alimentos.jpg 380w, https:\/\/www.secpf.com.br\/site\/wp-content\/uploads\/2020\/09\/120920-preco-alimentos-300x200.jpg 300w\" sizes=\"(max-width: 380px) 100vw, 380px\" \/><\/figure>\n\n\n\n<p>Poderia ser c\u00f4mico, se n\u00e3o fosse tr\u00e1gico e de causar revolta. O vice-presidente Hamilton Mour\u00e3o declarou nesta quarta-feira (9) que a alta absurda nos pre\u00e7os dos alimentos da cesta b\u00e1sica teria a ver com o aux\u00edlio emergencial pago pelo governo Bolsonaro.<\/p>\n\n\n\n<p>\u201c\u00c9 a lei da oferta e da procura\u201d, disse o militar. \u201cUma por\u00e7\u00e3o de gente est\u00e1 comprando porque o dinheiro que o governo injetou na economia foi muito acima do que as pessoas estavam acostumadas, tanto que est\u00e1 havendo grande compra de alimentos e de material de constru\u00e7\u00e3o\u201d, afirmou.<\/p>\n\n\n\n<p>Na semana passada, Bolsonaro fez declara\u00e7\u00e3o semelhante e pediu \u201cpatriotismo\u201d aos donos de supermercados. \u201cVeio o aux\u00edlio emergencial, o pessoal come\u00e7ou a gastar um pouco mais, muito papel na pra\u00e7a, a infla\u00e7\u00e3o vem. Ent\u00e3o estou conversando para ver se os produtos da cesta b\u00e1sica a\u00ed\u2026 Estou pedindo um sacrif\u00edcio, patriotismo para os grandes donos de supermercados para manter na menor margem de lucro\u201d, disse durante uma visita em Eldorado Paulista (SP).<\/p>\n\n\n\n<p><strong>Gan\u00e2ncia capitalista<\/strong><\/p>\n\n\n\n<p>N\u00e3o. A disparada no pre\u00e7o dos alimentos da cesta b\u00e1sica n\u00e3o tem a ver com os R$ 600 do auxilio emergencial. Ao contr\u00e1rio das declara\u00e7\u00f5es c\u00ednicas e absurdas de Bolsonaro e Mour\u00e3o, economistas demonstram que esta situa\u00e7\u00e3o tem a ver com a pol\u00edtica do governo submissa aos interesses dos pa\u00edses imperialistas e com a gan\u00e2ncia dos capitalistas que, se aproveitando da alta do d\u00f3lar e da situa\u00e7\u00e3o do mercado mundial, preferem exportar, e at\u00e9 mesmo estocar, produtos em vez de abastecer o mercado interno e subir os pre\u00e7os para aumentar seus lucros.<\/p>\n\n\n\n<p>Itens essenciais na alimenta\u00e7\u00e3o do brasileiro, como arroz, feij\u00e3o, leite e \u00f3leo de soja, tiveram aumentos violentos no \u00faltimo ano, levando ao encarecimento de mais de 20% no valor da cesta b\u00e1sica, penalizando, portanto, os mais pobres.<\/p>\n\n\n\n<p>Atualmente, o maior vil\u00e3o do or\u00e7amento \u00e9 o arroz. Um pacote de 5kg, normalmente vendido a cerca de R$ 15, chega a custar R$ 40. Outros itens que lideram a infla\u00e7\u00e3o sobre os alimentos s\u00e3o o feij\u00e3o (48%), \u00f3leo de soja (23%) e o leite (19%). Todos registram aumentos muito maiores do que a infla\u00e7\u00e3o geral medida pelo IPCA (\u00cdndice de Pre\u00e7os ao Consumidor Amplo) que, atualmente, marca alta de 2,44%, nos \u00faltimos 12 meses.<\/p>\n\n\n\n<p>Enquanto isso, o agroneg\u00f3cio \u00e9 um dos setores que tem lucrado em meio \u00e0 pandemia. Segundo o IBGE, o setor teve um ganho de 1,9% no primeiro trimestre deste ano em rela\u00e7\u00e3o ao mesmo per\u00edodo do ano passado. As vendas externas tiveram um crescimento de 17,5% nos primeiros quatro meses de 2020.<\/p>\n\n\n\n<p><strong>Desemprego e redu\u00e7\u00e3o do aux\u00edlio emergencial<\/strong><\/p>\n\n\n\n<p>Como tem denunciado a CSP-Conlutas, h\u00e1 uma meia d\u00fazia de ricos capitalistas enriquecendo em meio \u00e0 pandemia, enquanto trabalhadores e trabalhadoras padecemos com o desemprego, morrendo de Covid e dependendo de aux\u00edlios assistenciais.<\/p>\n\n\n\n<p>O quadro de carestia vem agravar a crise econ\u00f4mica e social no pa\u00eds e afeta a n\u00f3s que vivemos do trabalho. Afinal, os pre\u00e7os sobem em meio a um desemprego crescente, que atinge cerca de 13 milh\u00f5es de trabalhadores, e no momento em que o governo Bolsonaro acaba reduzir o valor do aux\u00edlio emergencial de R$ 600 para R$ 300, com pagamento at\u00e9 dezembro apenas.<\/p>\n\n\n\n<p>Depois disso, estuda criar um novo benef\u00edcio chamado \u201cRenda Brasil\u201d para substituir o Bolsa Fam\u00edlia, com valor ainda menor e que vai atender apenas 20 milh\u00f5es das 65 milh\u00f5es de pessoas que hoje dependem do auxilio emergencial.<\/p>\n\n\n\n<p>\u201cA grave crise social no pa\u00eds tem a ver com o desemprego, a informalidade e precariza\u00e7\u00e3o das condi\u00e7\u00f5es de trabalho que est\u00e3o empurrando a nossa classe trabalhadora para uma pobreza e mis\u00e9ria cada vez maiores. Situa\u00e7\u00e3o que \u00e9 fruto da pol\u00edtica econ\u00f4mica aplicada por Bolsonaro, Mour\u00e3o e Paulo Guedes, assim como fizeram os governos antecessores. \u00c9 isso que fazem os que defendem e gerenciam o capitalismo. Eles nos imp\u00f5em reformas a toda hora para retirar direitos e nos penalizar, enquanto garantem os lucros dos grandes empres\u00e1rios, banqueiros e ruralistas\u201d.<\/p>\n\n\n\n<p>Enquanto n\u00e3o tiver vacina e garantia de emprego, o aux\u00edlio emergencial n\u00e3o pode acabar, salienta o dirigente da Secretaria Executiva Nacional da CSP-Conlutas Atn\u00e1goras Lopes. \u201cCabe a n\u00f3s, da classe trabalhadora, lutarmos por nossas vidas, pelo direito a comer, a ter empregos, direitos, enfim, por condi\u00e7\u00f5es dignas de vida\u201d, disse.<\/p>\n\n\n\n<p>\u201cAs centrais sindicais, sindicatos e movimentos sociais precisamos organizar a classe para lutar e derrotar os planos genocidas e ultraliberais que o governo Bolsonaro e os grandes empres\u00e1rios, com o aval do Congresso Nacional, dos governadores e prefeitos seguem nos impondo. A corajosa greve dos trabalhadores dos Correios mostra o caminho. Precisamos ampliar e unificar as mobiliza\u00e7\u00f5es contra as privatiza\u00e7\u00f5es, para exigir a redu\u00e7\u00e3o e o congelamento dos pre\u00e7os dos alimentos, dos combust\u00edveis e do g\u00e1s de cozinha, bem como estabilidade no emprego e um plano emergencial para constru\u00e7\u00e3o de obras p\u00fablicas e gera\u00e7\u00e3o de empregos, afinal, ningu\u00e9m quer viver de aux\u00edlio ou seguro para sempre\u201d, defendeu.<\/p>\n\n\n\n<p>Fonte: <em><a href=\"http:\/\/cspconlutas.org.br\/2020\/09\/precos-dos-alimentos-disparam-e-na-cara-de-pau-bolsonaro-mourao-culpam-povo-pobre\/\" target=\"_blank\" rel=\"noreferrer noopener\">CSPConlutas<\/a><\/em><\/p>\n","protected":false},"excerpt":{"rendered":"<p>Poderia ser c\u00f4mico, se n\u00e3o fosse tr\u00e1gico e de causar revolta. O vice-presidente Hamilton Mour\u00e3o declarou nesta quarta-feira (9) que<\/p>\n","protected":false},"author":1,"featured_media":3144,"comment_status":"closed","ping_status":"open","sticky":false,"template":"","format":"standard","meta":{"colormag_page_container_layout":"default_layout","colormag_page_sidebar_layout":"default_layout","footnotes":""},"categories":[5],"tags":[168,353,18],"class_list":["post-3142","post","type-post","status-publish","format-standard","has-post-thumbnail","hentry","category-noticias","tag-alimento","tag-bolsonaro","tag-destaque"],"_links":{"self":[{"href":"https:\/\/www.secpf.com.br\/site\/wp-json\/wp\/v2\/posts\/3142","targetHints":{"allow":["GET"]}}],"collection":[{"href":"https:\/\/www.secpf.com.br\/site\/wp-json\/wp\/v2\/posts"}],"about":[{"href":"https:\/\/www.secpf.com.br\/site\/wp-json\/wp\/v2\/types\/post"}],"author":[{"embeddable":true,"href":"https:\/\/www.secpf.com.br\/site\/wp-json\/wp\/v2\/users\/1"}],"replies":[{"embeddable":true,"href":"https:\/\/www.secpf.com.br\/site\/wp-json\/wp\/v2\/comments?post=3142"}],"version-history":[{"count":1,"href":"https:\/\/www.secpf.com.br\/site\/wp-json\/wp\/v2\/posts\/3142\/revisions"}],"predecessor-version":[{"id":3145,"href":"https:\/\/www.secpf.com.br\/site\/wp-json\/wp\/v2\/posts\/3142\/revisions\/3145"}],"wp:featuredmedia":[{"embeddable":true,"href":"https:\/\/www.secpf.com.br\/site\/wp-json\/wp\/v2\/media\/3144"}],"wp:attachment":[{"href":"https:\/\/www.secpf.com.br\/site\/wp-json\/wp\/v2\/media?parent=3142"}],"wp:term":[{"taxonomy":"category","embeddable":true,"href":"https:\/\/www.secpf.com.br\/site\/wp-json\/wp\/v2\/categories?post=3142"},{"taxonomy":"post_tag","embeddable":true,"href":"https:\/\/www.secpf.com.br\/site\/wp-json\/wp\/v2\/tags?post=3142"}],"curies":[{"name":"wp","href":"https:\/\/api.w.org\/{rel}","templated":true}]}}