{"id":3146,"date":"2020-09-14T10:53:22","date_gmt":"2020-09-14T13:53:22","guid":{"rendered":"http:\/\/www.secpf.com.br\/site\/?p=3146"},"modified":"2020-09-14T10:53:24","modified_gmt":"2020-09-14T13:53:24","slug":"guedes-quer-retirar-direitos-e-sucatear-servicos-publicos-mas-diz-que-salario-de-r-39-mil-para-alto-escalao-e-baixo","status":"publish","type":"post","link":"https:\/\/www.secpf.com.br\/site\/guedes-quer-retirar-direitos-e-sucatear-servicos-publicos-mas-diz-que-salario-de-r-39-mil-para-alto-escalao-e-baixo\/","title":{"rendered":"Guedes quer retirar direitos e sucatear servi\u00e7os p\u00fablicos, mas diz que sal\u00e1rio de R$ 39 mil para alto escal\u00e3o \u00e9 baixo"},"content":{"rendered":"\n<figure class=\"wp-block-image size-large\"><img fetchpriority=\"high\" decoding=\"async\" width=\"768\" height=\"432\" src=\"http:\/\/www.secpf.com.br\/site\/wp-content\/uploads\/2020\/09\/140920-paulo-guedes.jpg\" alt=\"\" class=\"wp-image-3148\" srcset=\"https:\/\/www.secpf.com.br\/site\/wp-content\/uploads\/2020\/09\/140920-paulo-guedes.jpg 768w, https:\/\/www.secpf.com.br\/site\/wp-content\/uploads\/2020\/09\/140920-paulo-guedes-300x169.jpg 300w\" sizes=\"(max-width: 768px) 100vw, 768px\" \/><\/figure>\n\n\n\n<hr class=\"wp-block-separator\"\/>\n\n\n\n<p>Ap\u00f3s apresentar, na semana passada, uma Reforma Administrativa que amplia o sucateamento dos servi\u00e7os p\u00fablicos e traz brutais ataques aos trabalhadores destes setores, o ministro da Economia Paulo Guedes declarou nesta quarta-feira (9) que o alto escal\u00e3o do governo ganha pouco. Segundo Guedes, um sal\u00e1rio de R$ 39 mil \u00e9 \u201cbaixo\u201d.<\/p>\n\n\n\n<p>Como exemplo, Guedes cita os ministros do STF (Supremo Tribunal Federal) e do TCU (Tribunal de Contas da Uni\u00e3o).&nbsp; E disse que Bolsonaro, que recebe um sal\u00e1rio de R$ 30.934,70, tamb\u00e9m deveria ganhar mais.<\/p>\n\n\n\n<p>\u201cTem que haver uma enorme diferen\u00e7a de sal\u00e1rios sim. Quantos chegam ao STF ou ao TCU? O secret\u00e1rio do Tesouro ganhava 20% a mais do que um jovem que foi aprovado em um concurso para a carreira jur\u00eddica. N\u00e3o \u00e9 razo\u00e1vel\u201d, disse.<\/p>\n\n\n\n<p><strong>Tirar dos trabalhadores para saquear o caixa p\u00fablico<\/strong><\/p>\n\n\n\n<p>Para Paulo Guedes, o que \u00e9 muito \u00e9 o sal\u00e1rio m\u00ednimo. No final de agosto, Bolsonaro enviou ao Congresso a proposta de sal\u00e1rio m\u00ednimo para 2021 no valor de R$ 1.067, deixando o piso sem aumento real pelo segundo ano seguido. Para justificar a medida, que penaliza milh\u00f5es de brasileiros, Guedes teve a cara de pau de afirmar que subir o valor do piso \u201ccondenaria as pessoas ao desemprego\u201d.<\/p>\n\n\n\n<p>\u201cHoje, se voc\u00ea der um aumento de sal\u00e1rio m\u00ednimo, milhares e talvez milh\u00f5es de pessoas ser\u00e3o demitidas. Estamos no meio de uma crise terr\u00edvel de emprego. Dar aumento de sal\u00e1rio \u00e9 condenar as pessoas ao desemprego\u201d, declarou.<\/p>\n\n\n\n<p>Da mesma forma que n\u00e3o quer garantir um aumento real do sal\u00e1rio m\u00ednimo, o governo n\u00e3o tem uma pol\u00edtica para proteger a renda e os empregos dos trabalhadores e trabalhadoras que est\u00e3o sofrendo com a crise e a pandemia. O aux\u00edlio emergencial, por exemplo, foi reduzido de R$ 600 para R$ 300, ser\u00e1 v\u00e1lido somente at\u00e9 dezembro e restringiu o acesso.<\/p>\n\n\n\n<p><strong>Mamata para os de sempre<\/strong><\/p>\n\n\n\n<p>Para a integrante da Secretaria Executiva Nacional da CSP-Conlutas Adriana Stella, as declara\u00e7\u00f5es de Paulo Guedes revelam os objetivos reais da reforma administrativa do governo Bolsonaro: aprofundar as privatiza\u00e7\u00f5es e destrui\u00e7\u00e3o dos servi\u00e7os p\u00fablicos, ampliando a retirada de direitos e sal\u00e1rios dos servidores que j\u00e1 vem em escalada crescente.<\/p>\n\n\n\n<p>A reforma administrativa acaba com progress\u00f5es autom\u00e1ticas de carreira, com as gratifica\u00e7\u00f5es por tempo de servi\u00e7o (medidas que j\u00e1 est\u00e3o vigentes desde o come\u00e7o da pandemia), al\u00e9m da falta de reajuste salarial. Os trabalhadores dos servi\u00e7os p\u00fablicos est\u00e3o h\u00e1 anos com sal\u00e1rios congelados, sem haver sequer a reposi\u00e7\u00e3o da infla\u00e7\u00e3o.<\/p>\n\n\n\n<p>A proposta prev\u00ea tamb\u00e9m maiores restri\u00e7\u00f5es para acesso ao servi\u00e7o p\u00fablico e mecanismos para o fim da estabilidade, entre v\u00e1rios outros ataques\u00a0 (<strong>leia mais:\u00a0<a href=\"http:\/\/cspconlutas.org.br\/2020\/09\/bolsonaro-e-paulo-guedes-avancam-com-reforma-administrativa-que-prejudica-funcionalismo-e-os-servicos-publicos\/\" target=\"_blank\" rel=\"noreferrer noopener\">Bolsonaro e Paulo Guedes avan\u00e7am com reforma administrativa que prejudica funcionalismo e servi\u00e7os p\u00fablicos<\/a><\/strong>).<\/p>\n\n\n\n<p>Para tentar justificar essa reforma, o Governo utiliza informa\u00e7\u00f5es distorcidas e fake news, mas mant\u00e9m os privil\u00e9gios e o saque aos recursos p\u00fablicos. Isto porque os altos sal\u00e1rios dos parlamentares, governadores e do pr\u00f3prio presidente continuar\u00e3o, bem como todas as verbas complementares que eles recebem. Al\u00e9m disso, o saque aos recursos p\u00fablicos se amplia.<\/p>\n\n\n\n<p>\u201cO que o governo Bolsonaro n\u00e3o diz \u00e9 que todo esse ataque \u00e9 para retirar o dinheiro p\u00fablico e repassar aos banqueiros atrav\u00e9s do mecanismo da D\u00edvida P\u00fablica, que hoje saqueia quase metade do o Or\u00e7amento da Uni\u00e3o. Outros que ser\u00e3o beneficiados s\u00e3o os magnatas que t\u00eam interesse na privatiza\u00e7\u00e3o, que querem lucrar com os servi\u00e7os p\u00fablicos e cobrar por direitos que deveriam ser gratuitos e de qualidade\u201d, denuncia a integrante da Secretaria Executiva Nacional da CSP-Conlutas Adriana Stella.<\/p>\n\n\n\n<p>Levantamento realizado pelo jornal Folha de S.Paulo revela que a reforma administrativa deixa de fora setores que representam os dados que o governo utiliza como sendo as \u201caltas remunera\u00e7\u00f5es\u201d, al\u00e9m dos cargos que n\u00e3o fazem parte do funcionalismo, porque s\u00e3o eletivos. As chamadas carreiras t\u00edpicas de Estado s\u00e3o aquelas que t\u00eam a ver com a estrutura coercitiva do estado, entre as quais a pol\u00edcia, juiz e fiscaliza\u00e7\u00e3o (fisco), al\u00e9m de diplomatas.<\/p>\n\n\n\n<p>Ainda nessa l\u00f3gica de manuten\u00e7\u00e3o do sistema, entram os mandatos eletivos, os cargos executivos e legislativos (parlamentares). Todas as demais atividades, que s\u00e3o ligadas aos nossos direitos, como sa\u00fade, educa\u00e7\u00e3o, habita\u00e7\u00e3o, assist\u00eancia social, previd\u00eancia, entre outros, virar\u00e3o mercadorias que s\u00f3 poder\u00e3o ser acessadas mediante pagamento.<\/p>\n\n\n\n<p>\u201cPor isso, quando estamos debatendo a reforma administrativa, estamos debatendo o Estado. Temos de questionar a servi\u00e7o de quem est\u00e1 este Estado. O plano do governo \u00e9 aprofundar ainda mais as desigualdades do capitalismo, impondo um Estado m\u00ednimo a servi\u00e7o apenas de uma minoria de ricos e magnatas, que est\u00e3o lucrando com a pandemia, enquanto n\u00f3s pagamos R$ 40 o quilo do arroz, perdemos sal\u00e1rios, empregos e sofremos com a falta de direitos\u201d, afirma Adriana.<\/p>\n\n\n\n<p><strong>Dizer n\u00e3o \u00e0 Reforma Administrativa e questionar o Estado capitalista<\/strong><\/p>\n\n\n\n<p>N\u00e3o podemos aceitar que Paulo Guedes diga que um seleto n\u00famero de pessoas \u00e9 mal remunerado, com R$ 39 mil por m\u00eas, enquanto quem recebe um sal\u00e1rio de mil, dois ou tr\u00eas mil reais s\u00e3o \u201cparasitas\u201d e precisam ter seus sal\u00e1rios reduzidos.<\/p>\n\n\n\n<p>A pandemia demonstrou como \u00e9 urgente se investir em sa\u00fade, educa\u00e7\u00e3o, enfim, garantir qualidade e gratuidade dos servi\u00e7os p\u00fablicos. Mas, a Reforma Administrativa vai contra todas essas demandas.<\/p>\n\n\n\n<p>Por isso, \u00e9 urgente organizarmos a luta contra os ataques de Bolsonaro\/Mour\u00e3o\/Paulo Guedes. O funcionalismo est\u00e1 organizando um Dia Nacional de Lutas para o dia 30 de setembro e a tarefa das dire\u00e7\u00f5es do movimento \u00e9 construir essa mobiliza\u00e7\u00e3o com todas as for\u00e7as. A CSP-Conlutas est\u00e1 junto com os servidores nesta luta.<\/p>\n\n\n\n<p>\u201c\u00c9 essencial a unifica\u00e7\u00e3o das lutas e o questionamento de tudo o que est\u00e1 errado. Para nos preparar para a luta, temos que nos organizar, fortalecer a auto-organiza\u00e7\u00e3o, pressionar as entidades que est\u00e3o no imobilismo e construir um amplo processo de lutas pela base. Nesse processo, temos tamb\u00e9m que questionar tudo o que est\u00e1 errado e come\u00e7ar a construir a nossa sa\u00edda, uma sa\u00edda que sirva para a classe trabalhadora. Para fortalecer esse processo, temos o programa emergencial da CSP-Conlutas e, a partir desse programa, precisamos debater a necessidade de construir uma sociedade que nos liberte da explora\u00e7\u00e3o, uma sociedade socialista\u201d, concluiu Adriana.<\/p>\n\n\n\n<p>Fonte: <em><a href=\"http:\/\/cspconlutas.org.br\/2020\/09\/guedes-quer-retirar-direitos-e-sucatear-servicos-publicos-mas-diz-que-salario-de-r-39-mil-para-alto-escalao-e-baixo\/\" target=\"_blank\" rel=\"noreferrer noopener\">CSPConlutas<\/a><\/em><\/p>\n","protected":false},"excerpt":{"rendered":"<p>Ap\u00f3s apresentar, na semana passada, uma Reforma Administrativa que amplia o sucateamento dos servi\u00e7os p\u00fablicos e traz brutais ataques aos<\/p>\n","protected":false},"author":1,"featured_media":3148,"comment_status":"closed","ping_status":"open","sticky":false,"template":"","format":"standard","meta":{"colormag_page_container_layout":"default_layout","colormag_page_sidebar_layout":"default_layout","footnotes":""},"categories":[5],"tags":[353,422,63,314],"class_list":["post-3146","post","type-post","status-publish","format-standard","has-post-thumbnail","hentry","category-noticias","tag-bolsonaro","tag-paulo-guedes","tag-salario-minimo","tag-servico-publico"],"_links":{"self":[{"href":"https:\/\/www.secpf.com.br\/site\/wp-json\/wp\/v2\/posts\/3146","targetHints":{"allow":["GET"]}}],"collection":[{"href":"https:\/\/www.secpf.com.br\/site\/wp-json\/wp\/v2\/posts"}],"about":[{"href":"https:\/\/www.secpf.com.br\/site\/wp-json\/wp\/v2\/types\/post"}],"author":[{"embeddable":true,"href":"https:\/\/www.secpf.com.br\/site\/wp-json\/wp\/v2\/users\/1"}],"replies":[{"embeddable":true,"href":"https:\/\/www.secpf.com.br\/site\/wp-json\/wp\/v2\/comments?post=3146"}],"version-history":[{"count":1,"href":"https:\/\/www.secpf.com.br\/site\/wp-json\/wp\/v2\/posts\/3146\/revisions"}],"predecessor-version":[{"id":3149,"href":"https:\/\/www.secpf.com.br\/site\/wp-json\/wp\/v2\/posts\/3146\/revisions\/3149"}],"wp:featuredmedia":[{"embeddable":true,"href":"https:\/\/www.secpf.com.br\/site\/wp-json\/wp\/v2\/media\/3148"}],"wp:attachment":[{"href":"https:\/\/www.secpf.com.br\/site\/wp-json\/wp\/v2\/media?parent=3146"}],"wp:term":[{"taxonomy":"category","embeddable":true,"href":"https:\/\/www.secpf.com.br\/site\/wp-json\/wp\/v2\/categories?post=3146"},{"taxonomy":"post_tag","embeddable":true,"href":"https:\/\/www.secpf.com.br\/site\/wp-json\/wp\/v2\/tags?post=3146"}],"curies":[{"name":"wp","href":"https:\/\/api.w.org\/{rel}","templated":true}]}}