{"id":3168,"date":"2020-10-01T11:21:44","date_gmt":"2020-10-01T14:21:44","guid":{"rendered":"http:\/\/www.secpf.com.br\/site\/?p=3168"},"modified":"2020-10-01T11:24:38","modified_gmt":"2020-10-01T14:24:38","slug":"a-csp-conlutas-reforca-a-campanha-escolas-fechadas-vidas-preservadas","status":"publish","type":"post","link":"https:\/\/www.secpf.com.br\/site\/a-csp-conlutas-reforca-a-campanha-escolas-fechadas-vidas-preservadas\/","title":{"rendered":"A CSP-Conlutas refor\u00e7a a campanha Escolas Fechadas, Vidas Preservadas"},"content":{"rendered":"\n<figure class=\"wp-block-image size-large\"><img fetchpriority=\"high\" decoding=\"async\" width=\"800\" height=\"646\" src=\"http:\/\/www.secpf.com.br\/site\/wp-content\/uploads\/2020\/10\/300920-escolas-fechadas.jpg\" alt=\"\" class=\"wp-image-3170\" srcset=\"https:\/\/www.secpf.com.br\/site\/wp-content\/uploads\/2020\/10\/300920-escolas-fechadas.jpg 800w, https:\/\/www.secpf.com.br\/site\/wp-content\/uploads\/2020\/10\/300920-escolas-fechadas-300x242.jpg 300w, https:\/\/www.secpf.com.br\/site\/wp-content\/uploads\/2020\/10\/300920-escolas-fechadas-768x620.jpg 768w\" sizes=\"(max-width: 800px) 100vw, 800px\" \/><\/figure>\n\n\n\n<p>A CSP-Conlutas segue intensificando sua pol\u00edtica contra o retorno escolar presencial com a campanha&nbsp;<strong>\u201cEscolas Fechadas, Vidas Preservadas. Volta \u00e0s aulas, s\u00f3 depois da pandemia\u201d<\/strong>. Como parte da luta contra essa volta prematura, foram elaborados novos materiais gr\u00e1ficos, um spot (para ser trabalhado em r\u00e1dios e carros de som) e um boletim eletr\u00f4nico para alertar a popula\u00e7\u00e3o e a comunidade acad\u00eamica dos riscos (os materiais podem ser acessados ao final desta mat\u00e9ria).<\/p>\n\n\n\n<p>Essa campanha se contrap\u00f5e \u00e0 pol\u00edtica assassina de Bolsonaro que, nesta quinta-feira (24), voltou a defender a volta imediata das aulas presenciais nas escolas.<\/p>\n\n\n\n<p>O presidente de ultradireita minimizou novamente a pandemia e ignorou a realidade de milhares de professoras (res) e famliares de alunos pelo pa\u00eds com comorbidades e que est\u00e3o na faixa de risco com a Covid-19.<\/p>\n\n\n\n<p>\u201c\u00c9 o que falava l\u00e1 atr\u00e1s, \u00e9 tomar cuidado quem tem comorbidade, esperando uma vacina e um rem\u00e9dio comprovado cientificamente, mas n\u00e3o adianta, vai acabar pegando. E ficando em casa n\u00e3o resolve nada porque um dia vai ter que sair da toca, sair de casa\u201d, afirmou, jogando esses educadores \u00e0 pr\u00f3pria sorte.<\/p>\n\n\n\n<p>Seguiu sua linha de reafirmar que as pessoas que n\u00e3o est\u00e3o na faixa de risco n\u00e3o sofreriam os impactos se contra\u00edssem o v\u00edrus. \u201cA chance de pegar o v\u00edrus existe para todo mundo, mas uma quantidade, um porcentual enorme, n\u00e3o atinge em nada as pessoas, nem aquela gripezinha ela pega\u201d, disse, em sua \u00faltima live pelas redes sociais.<\/p>\n\n\n\n<p>Ignorou o fato da resist\u00eancia \u00e0 volta \u00e0s aulas at\u00e9 mesmo em col\u00e9gios militares, defendido por ele como modelo de educa\u00e7\u00e3o, ou seja, nem mesmo seus pares est\u00e3o convencidos de que a volta \u00e0s aulas \u00e9 segura.<\/p>\n\n\n\n<p>Voltou a atacar ainda os sindicatos, mencionando que nesses col\u00e9gios os profissionais resistem porque s\u00e3o sindicalizados. \u201cEstamos tendo problemas em col\u00e9gios militares porque tem muitos professores civis, s\u00e3o sindicalizados, e uma press\u00e3o enorme para o continue ficando em casa. \u00c9 uma politiza\u00e7\u00e3o do v\u00edrus\u201d, destacou.<\/p>\n\n\n\n<p>Contra esse governo que defende o lucro acima da vida, a CSP-Conlutas elaborou esses materiais que devem ser amplamente divulgados por sindicatos e entidades que integram a Central.<\/p>\n\n\n\n<p>Proteja sua fam\u00edlia. Vamos impulsionar essa campanha que defende a vida. Volta \u00e0s aulas presenciais, s\u00f3 depois da pandemia.<\/p>\n\n\n\n<p><strong>Confira os materiais:<\/strong><\/p>\n\n\n\n<p><strong>Card para as redes sociais<\/strong><\/p>\n\n\n\n<div class=\"wp-block-image\"><figure class=\"aligncenter\"><a href=\"http:\/\/cspconlutas.org.br\/wp-content\/uploads\/2020\/09\/Card.jpg\"><img decoding=\"async\" src=\"http:\/\/cspconlutas.org.br\/wp-content\/uploads\/2020\/09\/Card.jpg\" alt=\"\" class=\"wp-image-168259\"\/><\/a><\/figure><\/div>\n\n\n\n<p><strong>Capa para o&nbsp; Facebook<\/strong><\/p>\n\n\n\n<div class=\"wp-block-image\"><figure class=\"aligncenter\"><a href=\"http:\/\/cspconlutas.org.br\/wp-content\/uploads\/2020\/09\/capa-face.jpg\"><img decoding=\"async\" src=\"http:\/\/cspconlutas.org.br\/wp-content\/uploads\/2020\/09\/capa-face.jpg\" alt=\"\" class=\"wp-image-168260\"\/><\/a><\/figure><\/div>\n\n\n\n<p><strong>Boletim eletr\u00f4nico em PDF (<a href=\"http:\/\/cspconlutas.org.br\/wp-content\/uploads\/2020\/09\/Boletim-_-Educa%C3%A7%C3%A3o_-Escolas-Fechadas-_Vidas_-Preservadas.pdf\">AQUI<\/a>)<\/strong><\/p>\n\n\n\n<p><strong>Boletim eletr\u00f4nico em JPG (Clique na imagem para ampliar)<\/strong><\/p>\n\n\n\n<div class=\"wp-block-image\"><figure class=\"aligncenter\"><a href=\"http:\/\/cspconlutas.org.br\/wp-content\/uploads\/2020\/09\/Boletim_-Frente.jpg\"><img decoding=\"async\" src=\"http:\/\/cspconlutas.org.br\/wp-content\/uploads\/2020\/09\/Boletim_-Frente.jpg\" alt=\"\" class=\"wp-image-168257\"\/><\/a><\/figure><\/div>\n\n\n\n<div class=\"wp-block-image\"><figure class=\"aligncenter\"><a href=\"http:\/\/cspconlutas.org.br\/wp-content\/uploads\/2020\/09\/Boletim_Verso.jpg\"><img decoding=\"async\" src=\"http:\/\/cspconlutas.org.br\/wp-content\/uploads\/2020\/09\/Boletim_Verso.jpg\" alt=\"\" class=\"wp-image-168256\"\/><\/a><\/figure><\/div>\n\n\n\n<p><strong>Spot para r\u00e1dios e carros de som<\/strong><\/p>\n\n\n\n<figure class=\"wp-block-audio\"><audio controls src=\"http:\/\/www.secpf.com.br\/site\/wp-content\/uploads\/2020\/09\/Spot-Educa\u00e7\u00e3o.mp3\"><\/audio><\/figure>\n\n\n\n<p>Fonte: <a href=\"http:\/\/cspconlutas.org.br\/2020\/09\/contra-volta-as-aulas-presenciais-vamos-reforcar-campanha-escolas-fechadas-vidas-preservadas\/\" target=\"_blank\" rel=\"noreferrer noopener\"> CSP Conlutas<\/a><\/p>\n\n\n","protected":false},"excerpt":{"rendered":"<p>A CSP-Conlutas segue intensificando sua pol\u00edtica contra o retorno escolar presencial com a campanha&nbsp;\u201cEscolas Fechadas, Vidas Preservadas. Volta \u00e0s aulas,<\/p>\n","protected":false},"author":1,"featured_media":3170,"comment_status":"closed","ping_status":"open","sticky":false,"template":"","format":"standard","meta":{"colormag_page_container_layout":"default_layout","colormag_page_sidebar_layout":"default_layout","footnotes":""},"categories":[5],"tags":[427,407,426,18,61,428],"class_list":["post-3168","post","type-post","status-publish","format-standard","has-post-thumbnail","hentry","category-noticias","tag-aula-presencial","tag-coronavirus","tag-covid19","tag-destaque","tag-educacao","tag-ensino-remoto"],"_links":{"self":[{"href":"https:\/\/www.secpf.com.br\/site\/wp-json\/wp\/v2\/posts\/3168","targetHints":{"allow":["GET"]}}],"collection":[{"href":"https:\/\/www.secpf.com.br\/site\/wp-json\/wp\/v2\/posts"}],"about":[{"href":"https:\/\/www.secpf.com.br\/site\/wp-json\/wp\/v2\/types\/post"}],"author":[{"embeddable":true,"href":"https:\/\/www.secpf.com.br\/site\/wp-json\/wp\/v2\/users\/1"}],"replies":[{"embeddable":true,"href":"https:\/\/www.secpf.com.br\/site\/wp-json\/wp\/v2\/comments?post=3168"}],"version-history":[{"count":1,"href":"https:\/\/www.secpf.com.br\/site\/wp-json\/wp\/v2\/posts\/3168\/revisions"}],"predecessor-version":[{"id":3171,"href":"https:\/\/www.secpf.com.br\/site\/wp-json\/wp\/v2\/posts\/3168\/revisions\/3171"}],"wp:featuredmedia":[{"embeddable":true,"href":"https:\/\/www.secpf.com.br\/site\/wp-json\/wp\/v2\/media\/3170"}],"wp:attachment":[{"href":"https:\/\/www.secpf.com.br\/site\/wp-json\/wp\/v2\/media?parent=3168"}],"wp:term":[{"taxonomy":"category","embeddable":true,"href":"https:\/\/www.secpf.com.br\/site\/wp-json\/wp\/v2\/categories?post=3168"},{"taxonomy":"post_tag","embeddable":true,"href":"https:\/\/www.secpf.com.br\/site\/wp-json\/wp\/v2\/tags?post=3168"}],"curies":[{"name":"wp","href":"https:\/\/api.w.org\/{rel}","templated":true}]}}