{"id":3196,"date":"2020-10-28T16:49:00","date_gmt":"2020-10-28T19:49:00","guid":{"rendered":"http:\/\/www.secpf.com.br\/site\/?p=3196"},"modified":"2020-10-29T16:53:59","modified_gmt":"2020-10-29T19:53:59","slug":"denuncia-pagina-contra-a-reforma-administrativa-e-desativada","status":"publish","type":"post","link":"https:\/\/www.secpf.com.br\/site\/denuncia-pagina-contra-a-reforma-administrativa-e-desativada\/","title":{"rendered":"Den\u00fancia: p\u00e1gina contra a Reforma Administrativa \u00e9 desativada"},"content":{"rendered":"\n<figure class=\"wp-block-image size-large\"><img fetchpriority=\"high\" decoding=\"async\" width=\"768\" height=\"768\" src=\"http:\/\/www.secpf.com.br\/site\/wp-content\/uploads\/2020\/10\/281020-denuncia-face-reforma.jpeg\" alt=\"\" class=\"wp-image-3198\" srcset=\"https:\/\/www.secpf.com.br\/site\/wp-content\/uploads\/2020\/10\/281020-denuncia-face-reforma.jpeg 768w, https:\/\/www.secpf.com.br\/site\/wp-content\/uploads\/2020\/10\/281020-denuncia-face-reforma-300x300.jpeg 300w, https:\/\/www.secpf.com.br\/site\/wp-content\/uploads\/2020\/10\/281020-denuncia-face-reforma-150x150.jpeg 150w, https:\/\/www.secpf.com.br\/site\/wp-content\/uploads\/2020\/10\/281020-denuncia-face-reforma-65x65.jpeg 65w, https:\/\/www.secpf.com.br\/site\/wp-content\/uploads\/2020\/10\/281020-denuncia-face-reforma-81x81.jpeg 81w\" sizes=\"(max-width: 768px) 100vw, 768px\" \/><\/figure>\n\n\n\n<p><em>O F\u00f3rum das Entidades Nacionais dos Servidores P\u00fablicos Federais divulgou nota de rep\u00fadio, denunciando persegui\u00e7\u00e3o do Facebook<\/em><\/p>\n<p>O Fonasefe (F\u00f3rum das Entidades Nacionais dos Servidores P\u00fablicos Federais), do qual a CSP-Conlutas faz parte, repudia a\u00e7\u00e3o arbitr\u00e1ria do Facebook, que desativou a p\u00e1gina de campanha da entidade, contra a Reforma Administrativa, evidenciando persegui\u00e7\u00e3o pol\u00edtica e cerceamento ao direito \u00e0 liberdade de express\u00e3o.<\/p>\n<p>O F\u00f3rum ainda destaca que a pr\u00e1tica tem sido comum \u201ccomo temos observado, por exemplo, em bloqueios das redes sociais de Mark Zuckerberg contra outras campanhas politicas e eleitorais do campo progressista\u201d, destaca a entidade.<\/p>\n<p>Uma\u00a0<strong><a href=\"https:\/\/www.facebook.com\/Reforma-Administrativa-n%C3%A3o-103654108205888\/?ref=page_internal\" target=\"_blank\" rel=\"noopener noreferrer\">nova p\u00e1gina da campanha<\/a><\/strong>\u00a0foi criada e, neste s\u00e1bado (24), os servidores das tr\u00eas esferas do funcionalismo se reunir\u00e3o para discutir os pr\u00f3ximos passos de luta contra a Reforma Administrativa.<\/p>\n<p><strong>Confira abaixo a nota na \u00edntegra:<\/strong><\/p>\n<p>\u201cO Fonasefe\u00a0 vem a p\u00fablico denunciar que o Facebook desativou arbitrariamente a p\u00e1gina da Campanha em Defesa do Servi\u00e7o P\u00fablico Contra a Reforma Administrativa levada a cabo pelos servidores p\u00fablicos federais.<\/p>\n<p>A desativa\u00e7\u00e3o ocorre durante a pandemia, num momento crucial em que o governo Bolsonaro e a maioria do Congresso Nacional buscam prejudicar o povo brasileiro novamente. A Reforma Administrativa proposta por Paulo Guedes acabar\u00e1 com os concursos p\u00fablicos na pr\u00e1tica, ampliar\u00e1 a terceiriza\u00e7\u00e3o e a privatiza\u00e7\u00e3o de servi\u00e7os p\u00fablicos essenciais como sa\u00fade e educa\u00e7\u00e3o.<\/p>\n<p>Isso aumentar\u00e1 a desigualdade social e a corrup\u00e7\u00e3o no pa\u00eds, com a destrui\u00e7\u00e3o desses servi\u00e7os e com o aumento dos cabides de emprego e de pr\u00e1ticas como a rachadinha de sal\u00e1rios entre funcion\u00e1rios comissionados e pol\u00edticos.<\/p>\n<p>\u00c9 not\u00f3rio e est\u00e1 sendo divulgado em diversos meios de comunica\u00e7\u00e3o nos \u00faltimos meses que o Facebook tem restringido as postagens pol\u00edticas e isso atinge diretamente as organiza\u00e7\u00f5es sindicais e os partidos de oposi\u00e7\u00e3o ao governo Bolsonaro. Apesar de ser uma organiza\u00e7\u00e3o privada, o Facebook n\u00e3o est\u00e1 acima da Constitui\u00e7\u00e3o brasileira, que defende o direito \u00e0 liberdade de express\u00e3o.<\/p>\n<p>A p\u00e1gina de nossa campanha sofreu uma primeira desativa\u00e7\u00e3o tempor\u00e1ria no in\u00edcio da tarde do dia 30\/09\/2020, justamente na data de um grande ato em defesa do servi\u00e7o p\u00fablico em seria usada para fazer sua transmiss\u00e3o, e depois foi reativada no per\u00edodo da noite do mesmo dia.<\/p>\n<p>Depois, no dia 08\/10\/2020, o Facebook nos enviou nova mensagem de desativa\u00e7\u00e3o. Solicitamos an\u00e1lise e o Facebook nos respondeu com a seguinte mensagem em 09\/10\/2020: \u201cVoc\u00ea n\u00e3o pode usar o Facebook porque a sua conta, ou a atividade nela, n\u00e3o seguiu os padr\u00f5es de nossa Comunidade. N\u00f3s j\u00e1 analisamos essa decis\u00e3o e ela n\u00e3o pode ser revertida. Para saber mais sobre os motivos pelos quais desativamos contas, acesse os padr\u00f5es da Comunidade\u201d. E nada mais.<\/p>\n<p>Para o Fonasefe est\u00e1 muito claro o motivo da desativa\u00e7\u00e3o da p\u00e1gina da campanha: trata-se de persegui\u00e7\u00e3o pol\u00edtica e cerceamento ao direito \u00e0 liberdade de express\u00e3o, como temos observado, por exemplo, em bloqueios das redes sociais de Mark Zuckerberg contra outras campanhas politicas e eleitorais do campo progressista.<\/p>\n<p>A nossa p\u00e1gina ataca diretamente os interesses pol\u00edticos do governo e dos empres\u00e1rios do pa\u00eds, que desejam destruir os servi\u00e7os p\u00fablicos com a Reforma Administrativa para que o povo seja obrigado a pagar por servi\u00e7os privados.<\/p>\n<p>Por isso, o Fonasefe repudia as pr\u00e1ticas antidemocr\u00e1ticas do Facebook, convoca a todos aqueles que defendem a democracia e a liberdade de express\u00e3o a se juntarem \u00e0 luta pela reativa\u00e7\u00e3o da p\u00e1gina da Campanha e informa que vai tomar as medidas legais cab\u00edveis contra esse absurdo. N\u00e3o v\u00e3o nos calar!<\/p>\n<p>\u00a0<\/p>\n<p>Fonte: <a href=\"http:\/\/cspconlutas.org.br\/2020\/10\/fonasefe-denuncia-desativacao-de-pagina-de-campanha-contra-reforma-administrativa-no-facebook\/\" target=\"_blank\" rel=\"noopener noreferrer\">CSP Conlutas<\/a><\/p>\n<p>\u00a0<\/p>\n","protected":false},"excerpt":{"rendered":"<p>O F\u00f3rum das Entidades Nacionais dos Servidores P\u00fablicos Federais divulgou nota de rep\u00fadio, denunciando persegui\u00e7\u00e3o do Facebook O Fonasefe (F\u00f3rum<\/p>\n","protected":false},"author":1,"featured_media":3198,"comment_status":"open","ping_status":"open","sticky":false,"template":"","format":"standard","meta":{"colormag_page_container_layout":"default_layout","colormag_page_sidebar_layout":"default_layout","footnotes":""},"categories":[5],"tags":[353,422,429,314],"class_list":["post-3196","post","type-post","status-publish","format-standard","has-post-thumbnail","hentry","category-noticias","tag-bolsonaro","tag-paulo-guedes","tag-reforma-administrativa","tag-servico-publico"],"_links":{"self":[{"href":"https:\/\/www.secpf.com.br\/site\/wp-json\/wp\/v2\/posts\/3196","targetHints":{"allow":["GET"]}}],"collection":[{"href":"https:\/\/www.secpf.com.br\/site\/wp-json\/wp\/v2\/posts"}],"about":[{"href":"https:\/\/www.secpf.com.br\/site\/wp-json\/wp\/v2\/types\/post"}],"author":[{"embeddable":true,"href":"https:\/\/www.secpf.com.br\/site\/wp-json\/wp\/v2\/users\/1"}],"replies":[{"embeddable":true,"href":"https:\/\/www.secpf.com.br\/site\/wp-json\/wp\/v2\/comments?post=3196"}],"version-history":[{"count":1,"href":"https:\/\/www.secpf.com.br\/site\/wp-json\/wp\/v2\/posts\/3196\/revisions"}],"predecessor-version":[{"id":3199,"href":"https:\/\/www.secpf.com.br\/site\/wp-json\/wp\/v2\/posts\/3196\/revisions\/3199"}],"wp:featuredmedia":[{"embeddable":true,"href":"https:\/\/www.secpf.com.br\/site\/wp-json\/wp\/v2\/media\/3198"}],"wp:attachment":[{"href":"https:\/\/www.secpf.com.br\/site\/wp-json\/wp\/v2\/media?parent=3196"}],"wp:term":[{"taxonomy":"category","embeddable":true,"href":"https:\/\/www.secpf.com.br\/site\/wp-json\/wp\/v2\/categories?post=3196"},{"taxonomy":"post_tag","embeddable":true,"href":"https:\/\/www.secpf.com.br\/site\/wp-json\/wp\/v2\/tags?post=3196"}],"curies":[{"name":"wp","href":"https:\/\/api.w.org\/{rel}","templated":true}]}}