{"id":3201,"date":"2020-11-06T17:02:49","date_gmt":"2020-11-06T20:02:49","guid":{"rendered":"http:\/\/www.secpf.com.br\/site\/?p=3201"},"modified":"2020-11-06T17:07:57","modified_gmt":"2020-11-06T20:07:57","slug":"mulheres-marcam-atos-pelo-pais-por-justica-a-mari-ferrer","status":"publish","type":"post","link":"https:\/\/www.secpf.com.br\/site\/mulheres-marcam-atos-pelo-pais-por-justica-a-mari-ferrer\/","title":{"rendered":"Mulheres marcam atos pelo pa\u00eds por justi\u00e7a \u00e0 Mari Ferrer"},"content":{"rendered":"\n<figure class=\"wp-block-image size-large\"><img fetchpriority=\"high\" decoding=\"async\" width=\"768\" height=\"521\" src=\"http:\/\/www.secpf.com.br\/site\/wp-content\/uploads\/2020\/11\/061120-andre-de-camargo-aranha.jpg\" alt=\"\" class=\"wp-image-3203\" srcset=\"https:\/\/www.secpf.com.br\/site\/wp-content\/uploads\/2020\/11\/061120-andre-de-camargo-aranha.jpg 768w, https:\/\/www.secpf.com.br\/site\/wp-content\/uploads\/2020\/11\/061120-andre-de-camargo-aranha-300x204.jpg 300w\" sizes=\"(max-width: 768px) 100vw, 768px\" \/><\/figure>\n\n\n\n<p>O caso de Mari Ferrer chocou o pa\u00eds devido \u00e0 impunidade no julgamento conclu\u00eddo em setembro, em que o empres\u00e1rio Andr\u00e9 de Camargo, acusado por ela de estupro, foi absolvido. Nesta ter\u00e7a-feira (3), imagens da audi\u00eancia divulgadas pelo site Intercept mostram a v\u00edtima sendo humilhada pelo advogado do r\u00e9u, sem que nem mesmo o juiz tenha reagido a tamanhos absurdos.<\/p>\n\n\n\n<p>Em dezembro de 2018, Mari acusou o empres\u00e1rio de t\u00ea-la drogado e estuprado em uma sala reservada de uma casa noturna da capital catarinense.&nbsp; Confira a senten\u00e7a&nbsp;<strong><a href=\"https:\/\/static.poder360.com.br\/2020\/11\/Sentenca_MarianaFerrer.pdf\" target=\"_blank\" rel=\"noreferrer noopener\">aqui<\/a><\/strong><\/p>\n\n\n\n<p>Contra esse absurdo, mulheres de todo pa\u00eds est\u00e3o convocando atos por justi\u00e7a \u00e0 Mari Ferrer. Confira ao final da mat\u00e9ria a lista parcial dessas manifesta\u00e7\u00f5es.<\/p>\n\n\n\n<div class=\"wp-block-image\"><figure class=\"aligncenter\"><a href=\"http:\/\/cspconlutas.org.br\/wp-content\/uploads\/2020\/11\/bb023e66-7c23-4f06-8abe-dd70e83fc9b6.jpg\"><img decoding=\"async\" src=\"http:\/\/cspconlutas.org.br\/wp-content\/uploads\/2020\/11\/bb023e66-7c23-4f06-8abe-dd70e83fc9b6.jpg\" alt=\"\" class=\"wp-image-168916\"\/><\/a><\/figure><\/div>\n\n\n\n<p>A integrante do Movimento Mulheres em Luta, Marcela Azevedo, que comp\u00f5e tamb\u00e9m a Secretaria Executiva Nacional da CSP-Conlutas convoca a todas e todos para se somar ao ato por Justi\u00e7a \u00e0 Mari Ferrer.<\/p>\n\n\n\n<p><strong>Justi\u00e7a machista e burguesa<\/strong><\/p>\n\n\n\n<p>Movimentos ligados aos direitos das mulheres apontam que a senten\u00e7a reflete a justi\u00e7a machista e burguesa existente no pa\u00eds,&nbsp; que absolveu um estuprador. A senten\u00e7a revoltou pela humilha\u00e7\u00e3o a que Mari foi submetida, diante de uma corte masculina, que garantiu a impunidade do empres\u00e1rio.<\/p>\n\n\n\n<p>O advogado do empres\u00e1rio, Claudio Gast\u00e3o, conseguiu que seu cliente fosse absolvido ao custo de humilha\u00e7\u00f5es contra Mari e in\u00e9rcia do juiz Rudson Marco. O site The Intercept mostrou cenas de podem ser comparadas a momentos de tortura. O advogado de Camargo apresentou fotos de Mari, que \u00e9 modelo, com a alega\u00e7\u00e3o de que tais imagens eram \u201cginecol\u00f3gicas\u201d, para usar como justificativa para um poss\u00edvel convite para o crime.<\/p>\n\n\n\n<p>Mari, aos prantos, diante de tanta humilha\u00e7\u00e3o, teve que ouvir ainda de Gast\u00e3o que \u201cn\u00e3o adianta vir com choro dissimulado, falso e essa l\u00e1bia de crocodilo\u201d.<\/p>\n\n\n\n<p>Diante da conduta da corte, o CNJ (Conselho Nacional de Justi\u00e7a) ir\u00e1 investigar e pedir instaura\u00e7\u00e3o de uma reclama\u00e7\u00e3o disciplinar contra o juiz Rudson Marcos.<\/p>\n\n\n\n<p><strong>Justi\u00e7a por Mari Ferrer<\/strong><\/p>\n\n\n\n<p>Contra a cultura de estupro e em defesa de Mari Ferrer mulheres de todo o pa\u00eds est\u00e3o convocando atos em rep\u00fadio a esse caso marcado pela impunidade.<\/p>\n\n\n\n<p>Para Marcela Avezedo, integrante do Movimento Mulheres em Luta, filiado \u00e0 CSP-Conlutas, e que tamb\u00e9m comp\u00f5e a Secretaria Executiva Nacional da CSP-Conlutas \u00e9 preciso denunciar mais esse caso absurdo.<\/p>\n\n\n\n<p>\u201cSe diante de um juiz, Mari foi humilhada, violentada psicologicamente e viu seu agressor sair inocente, imagina o que acontece com as mulheres negras, trabalhadoras, nas periferias do pa\u00eds. N\u00e3o temos nenhuma ilus\u00e3o na justi\u00e7a burguesa, sabemos que no capitalismo quem tem dinheiro \u00e9 colocado acima da lei, por isso, s\u00f3 com a nossa mobiliza\u00e7\u00e3o \u00e9 que vamos derrubar essa senten\u00e7a e fazer justi\u00e7a para Mari Ferrer e para todas n\u00f3s\u201d, frisou.<\/p>\n\n\n\n<p>Confira o quadro parcial com os atos j\u00e1 marcados:<\/p>\n\n\n\n<p><strong>AMAZONAS<\/strong><\/p>\n\n\n\n<p><strong>MANAUS<\/strong><\/p>\n\n\n\n<p>\u2013 8\/11 (domingo)<\/p>\n\n\n\n<p>\u2013 13h<\/p>\n\n\n\n<p>\u2013 TEATRO AMAZONAS<\/p>\n\n\n\n<p><strong>BAHIA<\/strong><\/p>\n\n\n\n<p><strong>SALVADOR<\/strong><\/p>\n\n\n\n<p>\u2013 7\/11 (s\u00e1bado)<\/p>\n\n\n\n<p>\u2013 15h<\/p>\n\n\n\n<p>\u2013 OAB BA, Rua Port\u00e3o da Piedade.<\/p>\n\n\n\n<p><strong>CEAR\u00c1<\/strong><\/p>\n\n\n\n<p><strong>FORTALEZA<\/strong><\/p>\n\n\n\n<p>\u2013 7\/11 (s\u00e1bado)<\/p>\n\n\n\n<p>\u2013 15h<\/p>\n\n\n\n<p>\u2013 Pra\u00e7a da OAB\/CE<\/p>\n\n\n\n<p><strong>MINAS GERAIS<\/strong><\/p>\n\n\n\n<p><strong>BELO HORIZONTE<\/strong><\/p>\n\n\n\n<p>\u2013 7\/11 (S\u00e1bado)<\/p>\n\n\n\n<p>\u2013 15h<\/p>\n\n\n\n<p>\u2013 Pra\u00e7a 7 de Setembro<\/p>\n\n\n\n<p><strong>UBERL\u00c2NDIA \u2013 MG<\/strong><\/p>\n\n\n\n<p>\u2013 8\/11 (domingo)<\/p>\n\n\n\n<p>\u2013 13h<\/p>\n\n\n\n<p>\u2013 PRA\u00c7A TUBAL VILELA<\/p>\n\n\n\n<p><strong>JUIZ DE FORA \u2013 MG<\/strong><\/p>\n\n\n\n<p>\u2013 7\/11 (s\u00e1bado)<\/p>\n\n\n\n<p>\u2013 15h<\/p>\n\n\n\n<p>\u2013 Parque Halfeld<\/p>\n\n\n\n<p><strong>PAR\u00c1<\/strong><\/p>\n\n\n\n<p><strong>BEL\u00c9M<\/strong><\/p>\n\n\n\n<p>\u2013 8\/11 (domingo)<\/p>\n\n\n\n<p>\u2013 14h<\/p>\n\n\n\n<p>\u2013 CAN (em frente a bas\u00edlica de Nazar\u00e9)<\/p>\n\n\n\n<p><strong>PARAN\u00c1<\/strong><\/p>\n\n\n\n<p><strong>CURITIBA<\/strong><\/p>\n\n\n\n<p>\u2013 7\/11 (s\u00e1bado)<\/p>\n\n\n\n<p>\u2013 14h30<\/p>\n\n\n\n<p>\u2013 Santos Andrade<\/p>\n\n\n\n<p><strong>FOZ DO IGUA\u00c7U<\/strong><\/p>\n\n\n\n<p>\u2013 7\/11 (s\u00e1bado)<\/p>\n\n\n\n<p>\u2013 15h<\/p>\n\n\n\n<p>\u2013 Pra\u00e7a da Paz<\/p>\n\n\n\n<p><strong>RIO DE JANEIRO<\/strong><\/p>\n\n\n\n<p><strong>RIO DE JANEIRO<\/strong><\/p>\n\n\n\n<p>\u2013 8\/11 (DOMINGO)<\/p>\n\n\n\n<p>\u2013 14h<\/p>\n\n\n\n<p>\u2013 Cinel\u00e2ndia<\/p>\n\n\n\n<p><strong>RIO GRANDE DO SUL<\/strong><\/p>\n\n\n\n<p><strong>PORTO ALEGRE<\/strong><\/p>\n\n\n\n<p>\u2013 8\/11 (s\u00e1bado)<\/p>\n\n\n\n<p>\u2013 15h<\/p>\n\n\n\n<p>-Reden\u00e7\u00e3o<\/p>\n\n\n\n<p><strong>SANTA CATARINA<\/strong><\/p>\n\n\n\n<p><strong>&nbsp;FLORIAN\u00d3POLIS<\/strong><\/p>\n\n\n\n<p>\u2013 4\/11 (quarta-feira)<\/p>\n\n\n\n<p>-17h<\/p>\n\n\n\n<p>\u2013 Em frente ao Tribunal de Justi\u00e7a de SC<\/p>\n\n\n\n<p>\u2013 7\/11 (s\u00e1bado)<\/p>\n\n\n\n<p>\u2013 15h<\/p>\n\n\n\n<p>\u2013 Beira mar<\/p>\n\n\n\n<p><strong>&nbsp;BALNE\u00c1RIO CAMBORI\u00da&nbsp;<\/strong><\/p>\n\n\n\n<p>\u2013 8\/11 (domingo)<\/p>\n\n\n\n<p>\u2013 13h<\/p>\n\n\n\n<p>\u2013 Itaja\u00ed<\/p>\n\n\n\n<p><strong>CRICI\u00daMA<\/strong><\/p>\n\n\n\n<p>\u2013 7\/11 (s\u00e1bado)<\/p>\n\n\n\n<p>\u2013 10h<\/p>\n\n\n\n<p>\u2013 Pra\u00e7a Nereu Ramos, em frente \u00e0 Casa da Cultura<\/p>\n\n\n\n<p><strong>S\u00c3O PAULO<\/strong><\/p>\n\n\n\n<p><strong>S\u00c3O PAULO<\/strong><\/p>\n\n\n\n<p>\u2013 8\/11 (domingo)<\/p>\n\n\n\n<p>\u2013 13h<\/p>\n\n\n\n<p>\u2013 V\u00e3o Livre do MASP<\/p>\n\n\n\n<p><strong>RIBEIR\u00c3O PRETO<\/strong><\/p>\n\n\n\n<p>\u2013 6\/11 (sexta-feira)<\/p>\n\n\n\n<p>\u2013 13h<\/p>\n\n\n\n<p>\u2013 Teatro Pedro II<\/p>\n\n\n\n<p><strong>S\u00c3O JOS\u00c9 DOS CAMPOS<\/strong><\/p>\n\n\n\n<p>\u2013 7\/11 (s\u00e1bado)<\/p>\n\n\n\n<p>\u2013 10h<\/p>\n\n\n\n<p>Pra\u00e7a Afonso Pena<\/p>\n\n\n\n<p><strong>OSASCO<\/strong><\/p>\n\n\n\n<p>\u2013 5\/11 (quinta-feira)<\/p>\n\n\n\n<p>\u2013 17h<\/p>\n\n\n\n<p>\u2013 Cal\u00e7ad\u00e3o em frente ao Shopping<\/p>\n\n\n\n<p><strong>CAMPINAS<\/strong><\/p>\n\n\n\n<p>\u2013 8\/11 (domingo)<\/p>\n\n\n\n<p>\u2013 10h<\/p>\n\n\n\n<p>\u2013 Largo do Ros\u00e1rio \u2013 Campinas<\/p>\n\n\n\n<p><strong>S\u00c3O CARLOS<\/strong><\/p>\n\n\n\n<p>\u2013 8\/11 (domingo)<\/p>\n\n\n\n<p>\u2013 10h<\/p>\n\n\n\n<p>\u2013 Pra\u00e7a do Mercado<\/p>\n\n\n\n<p><strong>DISTRITO FEDERAL<\/strong><\/p>\n\n\n\n<p><strong>BRAS\u00cdLIA<\/strong><\/p>\n\n\n\n<p>\u2013 4\/11 (quarta-feira)<\/p>\n\n\n\n<p>\u2013 19h<\/p>\n\n\n\n<p>\u2013 Pra\u00e7a dos tr\u00eas poderes<\/p>\n\n\n\n<p><strong>RIO GRANDE DO NORTE<\/strong><\/p>\n\n\n\n<p><strong>NATAL<\/strong><\/p>\n\n\n\n<p>\u2013 8\/11 (domingo)<\/p>\n\n\n\n<p>\u2013 15h<\/p>\n\n\n\n<p>\u2013 Midway mall<\/p>\n\n\n\n<p><strong>PIAU\u00cd<\/strong><\/p>\n\n\n\n<p><strong>TERESINA<\/strong><\/p>\n\n\n\n<p>-7\/11<\/p>\n\n\n\n<p>16h<\/p>\n\n\n\n<p>\u2013 Parque da Cidadania<\/p>\n\n\n\n<p><strong>ESP\u00cdRITO SANTO<\/strong><\/p>\n\n\n\n<p><strong>VIT\u00d3RIA<\/strong><\/p>\n\n\n\n<p>8\/11<\/p>\n\n\n\n<p>15h<\/p>\n\n\n\n<p>Em frente \u00e0 Assembleia Legislativa<\/p>\n\n\n\n<p><em>Aten\u00e7\u00e3o: a lista pode n\u00e3o refletir todos os atos do pa\u00eds, \u00e9 uma parcial<\/em><\/p>\n\n\n\n<p>Fonte: <em><a href=\"http:\/\/cspconlutas.org.br\/2020\/11\/mulheres-marcam-atos-pelo-pais-por-justica-a-mari-ferrer\/\" target=\"_blank\" rel=\"noreferrer noopener\">CSP Conlutas<\/a><\/em><\/p>\n\n\n","protected":false},"excerpt":{"rendered":"<p>O caso de Mari Ferrer chocou o pa\u00eds devido \u00e0 impunidade no julgamento conclu\u00eddo em setembro, em que o empres\u00e1rio<\/p>\n","protected":false},"author":1,"featured_media":3203,"comment_status":"closed","ping_status":"open","sticky":false,"template":"","format":"standard","meta":{"colormag_page_container_layout":"default_layout","colormag_page_sidebar_layout":"default_layout","footnotes":""},"categories":[5],"tags":[],"class_list":["post-3201","post","type-post","status-publish","format-standard","has-post-thumbnail","hentry","category-noticias"],"_links":{"self":[{"href":"https:\/\/www.secpf.com.br\/site\/wp-json\/wp\/v2\/posts\/3201","targetHints":{"allow":["GET"]}}],"collection":[{"href":"https:\/\/www.secpf.com.br\/site\/wp-json\/wp\/v2\/posts"}],"about":[{"href":"https:\/\/www.secpf.com.br\/site\/wp-json\/wp\/v2\/types\/post"}],"author":[{"embeddable":true,"href":"https:\/\/www.secpf.com.br\/site\/wp-json\/wp\/v2\/users\/1"}],"replies":[{"embeddable":true,"href":"https:\/\/www.secpf.com.br\/site\/wp-json\/wp\/v2\/comments?post=3201"}],"version-history":[{"count":1,"href":"https:\/\/www.secpf.com.br\/site\/wp-json\/wp\/v2\/posts\/3201\/revisions"}],"predecessor-version":[{"id":3204,"href":"https:\/\/www.secpf.com.br\/site\/wp-json\/wp\/v2\/posts\/3201\/revisions\/3204"}],"wp:featuredmedia":[{"embeddable":true,"href":"https:\/\/www.secpf.com.br\/site\/wp-json\/wp\/v2\/media\/3203"}],"wp:attachment":[{"href":"https:\/\/www.secpf.com.br\/site\/wp-json\/wp\/v2\/media?parent=3201"}],"wp:term":[{"taxonomy":"category","embeddable":true,"href":"https:\/\/www.secpf.com.br\/site\/wp-json\/wp\/v2\/categories?post=3201"},{"taxonomy":"post_tag","embeddable":true,"href":"https:\/\/www.secpf.com.br\/site\/wp-json\/wp\/v2\/tags?post=3201"}],"curies":[{"name":"wp","href":"https:\/\/api.w.org\/{rel}","templated":true}]}}