{"id":3205,"date":"2020-11-13T10:48:27","date_gmt":"2020-11-13T13:48:27","guid":{"rendered":"http:\/\/www.secpf.com.br\/site\/?p=3205"},"modified":"2023-03-15T23:57:31","modified_gmt":"2023-03-16T02:57:31","slug":"trump-amarga-derrota-eleitoral-nos-eua-mas-a-luta-popular-deve-continuar-sob-governo-biden","status":"publish","type":"post","link":"https:\/\/www.secpf.com.br\/site\/trump-amarga-derrota-eleitoral-nos-eua-mas-a-luta-popular-deve-continuar-sob-governo-biden\/","title":{"rendered":"Trump amarga derrota eleitoral nos EUA, mas a luta popular deve continuar sob governo Biden"},"content":{"rendered":"\n<figure class=\"wp-block-image size-large\"><img fetchpriority=\"high\" decoding=\"async\" width=\"768\" height=\"512\" src=\"http:\/\/www.secpf.com.br\/site\/wp-content\/uploads\/2020\/11\/131120-biden-trump.jpg\" alt=\"\" class=\"wp-image-3207\" srcset=\"https:\/\/www.secpf.com.br\/site\/wp-content\/uploads\/2020\/11\/131120-biden-trump.jpg 768w, https:\/\/www.secpf.com.br\/site\/wp-content\/uploads\/2020\/11\/131120-biden-trump-300x200.jpg 300w\" sizes=\"(max-width: 768px) 100vw, 768px\" \/><figcaption>Manifesta\u00e7\u00f5es tomaram as ruas ap\u00f3s declara\u00e7\u00e3o de derrota de Trump | Foto: J Scott Applewhite\/The Associated Press<\/figcaption><\/figure>\n\n\n\n<p>No \u00faltimo s\u00e1bado (7), o candidato democrata Joe Biden foi declarado vencedor das elei\u00e7\u00f5es para presidente dos Estados Unidos.<\/p>\n<p>Donald Trump, que perdeu a t\u00e3o desejada reelei\u00e7\u00e3o, se recusa a reconhecer o resultado e ceder \u00e0 vit\u00f3ria do advers\u00e1rio, com acusa\u00e7\u00f5es de que houve fraude eleitoral no processo.<\/p>\n<p>A realiza\u00e7\u00e3o desta sa\u00edda s\u00f3 foi poss\u00edvel com muita mobiliza\u00e7\u00e3o popular.\u00a0N\u00e3o fossem movimentos como o BLM (Black Lives Matter), as grandes manifesta\u00e7\u00f5es das mulheres e a repercuss\u00e3o negativa das pol\u00edticas de migra\u00e7\u00e3o na comunidade internacional, talvez Trump tivesse mais chances de se eleger.<\/p>\n<p>Sua derrota significa uma vit\u00f3ria na luta contra o projeto da ultradireita. Afeta a outros governos, por dentro da estrutura da democracia burguesa e em n\u00edvel internacional, e isola parceiros e semelhantes, como o presidente Jair Bolsonaro, que, inclusive, at\u00e9 o momento, n\u00e3o reconheceu a vit\u00f3ria de Biden e tem estremecido, assim, as rela\u00e7\u00f5es diplom\u00e1ticas com o pa\u00eds.<\/p>\n<p>No Brasil, a derrota de Trump anima ainda mais o movimento organizado, que j\u00e1 vem se inspirando em outras lutas na Am\u00e9rica Latina, como a do Chile.<\/p>\n<p>As elei\u00e7\u00f5es nos EUA potencializam, desse modo, o rep\u00fadio a Bolsonaro, que segue cada vez mais desgastado em terras brasileiras e no mundo.<\/p>\n<p><strong>Movimento anti-Trump<\/strong>\u00a0\u2013 A conquista apertada \u2013 50.75% contra 47.57% (dados atualizados em 10\/11) \u2013 revela que o resultado para o pleito representa muito mais uma rejei\u00e7\u00e3o a Trump do que uma vit\u00f3ria para Biden.<\/p>\n<p>Com cartazes com os dizeres \u201cyou\u2019re fired\u201d (voc\u00ea est\u00e1 demitido), \u201cgame over\u201d (o jogo acabou) e outros similares, os atos de rua expressaram esse sentimento de que o que mais importava ali era o al\u00edvio de n\u00e3o ter mais Trump como presidente.<\/p>\n<p>A explica\u00e7\u00e3o para que este seja o clima social vem da pr\u00f3pria hist\u00f3ria de vida p\u00fablica do democrata, que atuou na pol\u00edtica incentivando projetos de encarceramento e deporta\u00e7\u00f5es. Sua colega de chapa, Kamala Harris, foi uma escolha celebrada pelos executivos de Wall Street, que chegaram a\u00a0<strong><a href=\"https:\/\/www.cnbc.com\/2020\/08\/11\/joe-biden-vp-pick-wall-street-executives-are-happy-about-kamala-harris.html?__source=sharebar|twitter&amp;par=sharebar\" target=\"_blank\" rel=\"noopener noreferrer\">falar publicamente sobre a decis\u00e3o de nome\u00e1-la como vice-presidente<\/a><\/strong>.<\/p>\n<p>Isso se deve a sua rela\u00e7\u00e3o pr\u00f3xima de doadores de campanha entre as grandes empresas de tecnologia, de Wall Street, de seguradoras de sa\u00fade e do mercado farmac\u00eautico. A inten\u00e7\u00e3o da chapa, considerando as disputas internas no partido, \u00e9 a de manter a ordem ideol\u00f3gica, econ\u00f4mica e pol\u00edtica t\u00e3o conservadora ou mais do que a gest\u00e3o Obama.<\/p>\n<div id=\"attachment_169033\" class=\"wp-caption aligncenter\">\n<figure id=\"attachment_169033\" aria-describedby=\"caption-attachment-169033\" style=\"width: 457px\" class=\"wp-caption aligncenter\"><a href=\"http:\/\/cspconlutas.org.br\/2020\/11\/trump-perde-mas-a-luta-continua\/protesto-eleicao-trump-biden\/\" rel=\"attachment wp-att-169033\"><img decoding=\"async\" class=\"wp-image-169033\" src=\"http:\/\/cspconlutas.org.br\/wp-content\/uploads\/2020\/11\/protesto-elei%C3%A7%C3%A3o-trump-biden.png\" alt=\"\" width=\"457\" height=\"259\" \/><\/a><figcaption id=\"caption-attachment-169033\" class=\"wp-caption-text\">Pessoas celebram resultado das elei\u00e7\u00f5es em frente da Casa Branca | Foto: TED EYTAN \/ FLICKR<\/figcaption><\/figure>\n<p class=\"wp-caption-text\"><strong style=\"font-size: inherit;\">Negras e negros<\/strong><span style=\"font-size: inherit;\">\u00a0\u2013 Nos EUA, a popula\u00e7\u00e3o carcer\u00e1ria chega a\u00a02,1 milh\u00f5es de pessoas. \u00c9 a maior popula\u00e7\u00e3o carcer\u00e1ria do mundo. E tanto Biden quanto Kalmala Harris, ele sob governo de Bill Clinton e ela quando procuradora-geral da Calif\u00f3rnia, foram respons\u00e1veis por projetos de encarceramento em massa, com aumento de pris\u00f5es de negros e latinos.<\/span><\/p>\n<\/div>\n<p>Maior parte da popula\u00e7\u00e3o carcer\u00e1ria nos EUA \u00e9 formada por negras e negros ou migrantes. Segundo\u00a0<strong><a href=\"https:\/\/www.washingtonpost.com\/crime-law\/2018\/12\/06\/almost-half-us-adults-have-seen-family-member-jailed-study-shows\/\" target=\"_blank\" rel=\"noopener noreferrer\">pesquisa da Universidade norte-americana de Cornell<\/a><\/strong>, \u201centre afro-americanos, 63% possuem algum parente na cadeia, entre os hisp\u00e2nicos, a taxa \u00e9 de 48%, e entre os brancos, 42%\u201d.\u00a0Quase metade dos americanos tem um familiar pr\u00f3ximo que j\u00e1 foi preso.<\/p>\n<p><strong>Imigrantes<\/strong>\u00a0\u2013 Embora a indigna\u00e7\u00e3o internacional tenha vindo sob o governo de Trump, com as cenas chocantes de crian\u00e7as presas em gaiolas, separadas de suas fam\u00edlias, deve-se a Biden este recorde de deporta\u00e7\u00f5es. Em sua trajet\u00f3ria p\u00fablica, Biden apoiou deporta\u00e7\u00f5es durante o governo de Barack Obama.<\/p>\n<p>O movimento de direitos humanos em defesa dos imigrantes\u00a0<strong><a href=\"https:\/\/www.latinorebels.com\/2020\/03\/16\/raicesactioncovid19\/\" target=\"_blank\" rel=\"noopener noreferrer\">Raices Action<\/a><\/strong>\u00a0chegou a intervir publicamente em um debate para as elei\u00e7\u00f5es presidenciais deste ano, denunciando que Biden havia deportado\u00a03 milh\u00f5es de pessoas quando vice-presidente.<\/p>\n<div id=\"attachment_169031\" class=\"wp-caption aligncenter\">\n<figure id=\"attachment_169031\" aria-describedby=\"caption-attachment-169031\" style=\"width: 459px\" class=\"wp-caption aligncenter\"><a href=\"http:\/\/cspconlutas.org.br\/2020\/11\/trump-perde-mas-a-luta-continua\/sai-trump-luta-continua-01\/\" rel=\"attachment wp-att-169031\"><img decoding=\"async\" class=\"wp-image-169031\" src=\"http:\/\/cspconlutas.org.br\/wp-content\/uploads\/2020\/11\/Sai-Trump-Luta-Continua-01.png\" sizes=\"(max-width: 459px) 100vw, 459px\" srcset=\"http:\/\/cspconlutas.org.br\/wp-content\/uploads\/2020\/11\/Sai-Trump-Luta-Continua-01.png 309w, http:\/\/cspconlutas.org.br\/wp-content\/uploads\/2020\/11\/Sai-Trump-Luta-Continua-01-300x200.png 300w\" alt=\"\" width=\"459\" height=\"306\" \/><\/a><figcaption id=\"caption-attachment-169031\" class=\"wp-caption-text\">Biden tem rela\u00e7\u00f5es estreitas com Israel | Foto: Reprodu\u00e7\u00e3o Redes Sociais<\/figcaption><\/figure>\n<\/div>\n<p><strong>Quest\u00e3o palestina<\/strong>\u00a0\u2013\u00a0Biden n\u00e3o representa qualquer mudan\u00e7a pol\u00edtica norte-americana em rela\u00e7\u00e3o a quest\u00e3o palestina. Ele pretende, por exemplo, condicionar a retomada da ajuda financeira \u00e0 Autoridade Palestina apenas se o pagamento da previd\u00eancia social \u00e0s fam\u00edlias de presos pol\u00edticos palestinos e de palestinos mortos por israelenses for cortado totalmente.<\/p>\n<p>Sua rela\u00e7\u00e3o com o estado de Israel \u00e9 antiga. Membro ativo do AIPAC (Comit\u00ea de Rela\u00e7\u00f5es P\u00fablicas de Israel), Biden tem um\u00a0<strong>registro bem conhecido de 1986<\/strong>, quando disse no Senado que j\u00e1 era tempo de n\u00e3o pedir desculpas pelo apoio a Israel. Nesta ocasi\u00e3o, ele continua dizendo que o investimento de US $ 3 bilh\u00f5es para Israel foi o melhor j\u00e1 feito pelos EUA. \u201cSe n\u00e3o existisse o estado de Israel, os Estados Unidos da Am\u00e9rica teriam que inventar um Israel para proteger seus interesses na regi\u00e3o\u201d, afirmou.<\/p>\n<p>E a ajuda financeira virou tradi\u00e7\u00e3o. Anualmente, desde 86, Israel recebe dos EUA a quantia de\u00a0US $ 3 bilh\u00f5es para apoio militar.<\/p>\n<p><strong>Luta continua \u2013<\/strong>\u00a0Certamente muitos grupos tiveram importante participa\u00e7\u00e3o nos resultados das \u00faltimas elei\u00e7\u00f5es no EUA, como o pr\u00f3prio movimento negro, o de imigrantes e de mulheres, que se colocaram constantemente contra os ataques do governo Trump ao longo de todo mandato.<\/p>\n<p>No entanto, muitos deles, sobretudo do BLM \u2013 Black Lives Matters, reconhece que o sistema ainda \u00e9 o mesmo, e que n\u00e3o beneficiar\u00e1 os mais pobres ou ser\u00e1 justo com a classe trabalhadora.<\/p>\n<p>O BLM afirma que a luta durante a corrida presidencial se deu pela sa\u00edda de Trump, mas que ainda est\u00e1 longe de acabar. Eles enviaram solicita\u00e7\u00e3o de reuni\u00e3o com Biden e Harris para tratar das demandas do movimento.<\/p>\n<div id=\"attachment_169034\" class=\"wp-caption aligncenter\">\n<figure id=\"attachment_169034\" aria-describedby=\"caption-attachment-169034\" style=\"width: 459px\" class=\"wp-caption aligncenter\"><a href=\"http:\/\/cspconlutas.org.br\/2020\/11\/trump-perde-mas-a-luta-continua\/blm-elections\/\" rel=\"attachment wp-att-169034\"><img loading=\"lazy\" decoding=\"async\" class=\"wp-image-169034\" src=\"http:\/\/cspconlutas.org.br\/wp-content\/uploads\/2020\/11\/BLM-elections.jpg\" sizes=\"(max-width: 459px) 100vw, 459px\" srcset=\"http:\/\/cspconlutas.org.br\/wp-content\/uploads\/2020\/11\/BLM-elections.jpg 900w, http:\/\/cspconlutas.org.br\/wp-content\/uploads\/2020\/11\/BLM-elections-300x200.jpg 300w, http:\/\/cspconlutas.org.br\/wp-content\/uploads\/2020\/11\/BLM-elections-768x512.jpg 768w\" alt=\"\" width=\"459\" height=\"306\" \/><\/a><figcaption id=\"caption-attachment-169034\" class=\"wp-caption-text\">Manifestantes pr\u00f3ximos \u00e0 pra\u00e7a Black Lives Matter | Foto: Dee Dwyer \/ WAMU\/DCist<\/figcaption><\/figure>\n<p class=\"wp-caption-text\"><span style=\"font-size: inherit;\">A posi\u00e7\u00e3o de muitos dos movimentos revela consci\u00eancia e sobriedade ap\u00f3s a importante conquista da sa\u00edda de Trump do poder. Biden \u00e9 apenas, neste sentido, uma restaura\u00e7\u00e3o da normalidade, mas baseada na democracia neoliberal, que seguir\u00e1 defendendo, acima de tudo, banqueiros e super-ricos de Wall Street.<\/span><\/p>\n<\/div>\n<p>O movimento de Chicago do BLM chegou a publicar em seu perfil no Twitter que a vit\u00f3ria de Biden n\u00e3o deve de modo algum acalmar os \u00e2nimos de luta. Eles explicitaram que\u00a0<strong><a href=\"https:\/\/twitter.com\/BLMChi\/status\/1325615335060492288\" target=\"_blank\" rel=\"noopener noreferrer\">Democratas e Republicanos representam dois tipos diferentes do capitalismo, sendo neoliberais ou fascistas<\/a><\/strong>, e em outro tweet, endossaram que a hora \u201c\u00e9 de mudar o sistema, e que ningu\u00e9m do topo ir\u00e1 oferecer isso. \u00c9 por nossa conta.\u201d<\/p>\n<p>Para Herbert Claros, do Setorial Internacional da CSP-Conlutas, \u201cum governo para o povo n\u00e3o \u00e9 uma op\u00e7\u00e3o dada por dentro da democracia burguesa nos EUA ou em qualquer lugar do mundo\u201d.<\/p>\n<p>\u201cViva a luta das trabalhadoras e dos trabalhadores norte-americanos. Dos pobres, negros, migrantes e mulheres que t\u00eam lutado, inclusive em meio \u00e0 pandemia, contra o neoliberalismo, o racismo, o machismo, o capitalismo e a explora\u00e7\u00e3o! O imperialismo deve ser combatido e o poder tomado pelas m\u00e3os da classe trabalhadora\u201d, complementa.<\/p>\n<p>\u00a0<\/p>\n<p>Fonte: <em><a href=\"http:\/\/cspconlutas.org.br\/2020\/11\/trump-perde-mas-a-luta-continua\/\" target=\"_blank\" rel=\"noopener noreferrer\">CSP Conlutas<\/a><\/em><\/p>\n","protected":false},"excerpt":{"rendered":"<p>No \u00faltimo s\u00e1bado (7), o candidato democrata Joe Biden foi declarado vencedor das elei\u00e7\u00f5es para presidente dos Estados Unidos. Donald<\/p>\n","protected":false},"author":1,"featured_media":3207,"comment_status":"closed","ping_status":"open","sticky":false,"template":"","format":"standard","meta":{"colormag_page_container_layout":"default_layout","colormag_page_sidebar_layout":"default_layout","footnotes":""},"categories":[5],"tags":[],"class_list":["post-3205","post","type-post","status-publish","format-standard","has-post-thumbnail","hentry","category-noticias"],"_links":{"self":[{"href":"https:\/\/www.secpf.com.br\/site\/wp-json\/wp\/v2\/posts\/3205","targetHints":{"allow":["GET"]}}],"collection":[{"href":"https:\/\/www.secpf.com.br\/site\/wp-json\/wp\/v2\/posts"}],"about":[{"href":"https:\/\/www.secpf.com.br\/site\/wp-json\/wp\/v2\/types\/post"}],"author":[{"embeddable":true,"href":"https:\/\/www.secpf.com.br\/site\/wp-json\/wp\/v2\/users\/1"}],"replies":[{"embeddable":true,"href":"https:\/\/www.secpf.com.br\/site\/wp-json\/wp\/v2\/comments?post=3205"}],"version-history":[{"count":1,"href":"https:\/\/www.secpf.com.br\/site\/wp-json\/wp\/v2\/posts\/3205\/revisions"}],"predecessor-version":[{"id":3208,"href":"https:\/\/www.secpf.com.br\/site\/wp-json\/wp\/v2\/posts\/3205\/revisions\/3208"}],"wp:featuredmedia":[{"embeddable":true,"href":"https:\/\/www.secpf.com.br\/site\/wp-json\/wp\/v2\/media\/3207"}],"wp:attachment":[{"href":"https:\/\/www.secpf.com.br\/site\/wp-json\/wp\/v2\/media?parent=3205"}],"wp:term":[{"taxonomy":"category","embeddable":true,"href":"https:\/\/www.secpf.com.br\/site\/wp-json\/wp\/v2\/categories?post=3205"},{"taxonomy":"post_tag","embeddable":true,"href":"https:\/\/www.secpf.com.br\/site\/wp-json\/wp\/v2\/tags?post=3205"}],"curies":[{"name":"wp","href":"https:\/\/api.w.org\/{rel}","templated":true}]}}