{"id":3230,"date":"2021-02-09T00:12:51","date_gmt":"2021-02-09T03:12:51","guid":{"rendered":"http:\/\/www.secpf.com.br\/site\/?p=3230"},"modified":"2021-02-09T00:14:47","modified_gmt":"2021-02-09T03:14:47","slug":"recomendacao-n-o-83-2021-do-ministerio-publico-do-trabalho","status":"publish","type":"post","link":"https:\/\/www.secpf.com.br\/site\/recomendacao-n-o-83-2021-do-ministerio-publico-do-trabalho\/","title":{"rendered":"Recomenda\u00e7\u00e3o n.\u00ba 83.2021 do Minist\u00e9rio P\u00fablico do Trabalho"},"content":{"rendered":"\n<figure class=\"wp-block-image size-large\"><img fetchpriority=\"high\" decoding=\"async\" width=\"850\" height=\"616\" src=\"http:\/\/www.secpf.com.br\/site\/wp-content\/uploads\/2021\/02\/080221_recomendacoes-Ministerio-Publico-Trabalho.jpg\" alt=\"\" class=\"wp-image-3233\" srcset=\"https:\/\/www.secpf.com.br\/site\/wp-content\/uploads\/2021\/02\/080221_recomendacoes-Ministerio-Publico-Trabalho.jpg 850w, https:\/\/www.secpf.com.br\/site\/wp-content\/uploads\/2021\/02\/080221_recomendacoes-Ministerio-Publico-Trabalho-300x217.jpg 300w, https:\/\/www.secpf.com.br\/site\/wp-content\/uploads\/2021\/02\/080221_recomendacoes-Ministerio-Publico-Trabalho-768x557.jpg 768w\" sizes=\"(max-width: 850px) 100vw, 850px\" \/><\/figure>\n\n\n\n<p>O Ministe\u0301rio Pu\u0301blico do Trabalho &#8211; Procuradoria Regional do Trabalho da 4\u00aa Regi\u00e3o (Procuradoria do Trabalho no Munic\u00edpio de Passo Fundo, considerando que compete especificamente ao Minist\u00e9rio P\u00fablico do Trabalho a defesa dos direitos sociais constitucionalmente garantidos, nos termos do artigo 83, inciso III, da Lei Complementar no. 75\/93; considerando que, nos termos do artigo 6\u00ba da Constitui\u00e7\u00e3o da Rep\u00fablica, s\u00e3o direitos sociais, entre outros, a sa\u00fade, a seguran\u00e7a e o trabalho; recomenda a empresa (matriz e filiais), por meio de seu\/sua So\u0301cio(a)\/ Diretor(a) Administrativo(a)\/Diretor(a) de Recursos Humanos, o que segue no documento abaixo.<\/p>\n\n\n\n<hr class=\"wp-block-separator\"\/>\n\n\n\n<div class=\"wp-block-file\"><a href=\"http:\/\/www.secpf.com.br\/site\/wp-content\/uploads\/2021\/02\/080221_recomendacoes-Ministerio-Publico-Trabalho.pdf\">CLIQUE AQUI PARA LER O DOCUMENTO COMPLETO<\/a><a href=\"http:\/\/www.secpf.com.br\/site\/wp-content\/uploads\/2021\/02\/080221_recomendacoes-Ministerio-Publico-Trabalho.pdf\" class=\"wp-block-file__button\" download>Baixar<\/a><\/div>\n\n\n\n<hr class=\"wp-block-separator\"\/>\n\n\n\n<p><br \/><br \/><\/p>\n","protected":false},"excerpt":{"rendered":"<p>O Ministe\u0301rio Pu\u0301blico do Trabalho &#8211; Procuradoria Regional do Trabalho da 4\u00aa Regi\u00e3o (Procuradoria do Trabalho no Munic\u00edpio de Passo<\/p>\n","protected":false},"author":1,"featured_media":3233,"comment_status":"closed","ping_status":"open","sticky":false,"template":"","format":"standard","meta":{"colormag_page_container_layout":"default_layout","colormag_page_sidebar_layout":"default_layout","footnotes":""},"categories":[5],"tags":[],"class_list":["post-3230","post","type-post","status-publish","format-standard","has-post-thumbnail","hentry","category-noticias"],"_links":{"self":[{"href":"https:\/\/www.secpf.com.br\/site\/wp-json\/wp\/v2\/posts\/3230","targetHints":{"allow":["GET"]}}],"collection":[{"href":"https:\/\/www.secpf.com.br\/site\/wp-json\/wp\/v2\/posts"}],"about":[{"href":"https:\/\/www.secpf.com.br\/site\/wp-json\/wp\/v2\/types\/post"}],"author":[{"embeddable":true,"href":"https:\/\/www.secpf.com.br\/site\/wp-json\/wp\/v2\/users\/1"}],"replies":[{"embeddable":true,"href":"https:\/\/www.secpf.com.br\/site\/wp-json\/wp\/v2\/comments?post=3230"}],"version-history":[{"count":3,"href":"https:\/\/www.secpf.com.br\/site\/wp-json\/wp\/v2\/posts\/3230\/revisions"}],"predecessor-version":[{"id":3236,"href":"https:\/\/www.secpf.com.br\/site\/wp-json\/wp\/v2\/posts\/3230\/revisions\/3236"}],"wp:featuredmedia":[{"embeddable":true,"href":"https:\/\/www.secpf.com.br\/site\/wp-json\/wp\/v2\/media\/3233"}],"wp:attachment":[{"href":"https:\/\/www.secpf.com.br\/site\/wp-json\/wp\/v2\/media?parent=3230"}],"wp:term":[{"taxonomy":"category","embeddable":true,"href":"https:\/\/www.secpf.com.br\/site\/wp-json\/wp\/v2\/categories?post=3230"},{"taxonomy":"post_tag","embeddable":true,"href":"https:\/\/www.secpf.com.br\/site\/wp-json\/wp\/v2\/tags?post=3230"}],"curies":[{"name":"wp","href":"https:\/\/api.w.org\/{rel}","templated":true}]}}