{"id":3267,"date":"2021-05-06T14:46:43","date_gmt":"2021-05-06T17:46:43","guid":{"rendered":"http:\/\/www.secpf.com.br\/site\/?p=3267"},"modified":"2021-05-06T14:46:46","modified_gmt":"2021-05-06T17:46:46","slug":"pesquisa-entre-cidades-bolsonaristas-e-nao-bolsonaristas-confirma-negacionismo-mata","status":"publish","type":"post","link":"https:\/\/www.secpf.com.br\/site\/pesquisa-entre-cidades-bolsonaristas-e-nao-bolsonaristas-confirma-negacionismo-mata\/","title":{"rendered":"Pesquisa entre cidades bolsonaristas e n\u00e3o bolsonaristas confirma: negacionismo mata"},"content":{"rendered":"\n<figure class=\"wp-block-image size-large\"><img fetchpriority=\"high\" decoding=\"async\" width=\"800\" height=\"500\" src=\"http:\/\/www.secpf.com.br\/site\/wp-content\/uploads\/2021\/05\/060521-coronavirus.jpg\" alt=\"\" class=\"wp-image-3270\" srcset=\"https:\/\/www.secpf.com.br\/site\/wp-content\/uploads\/2021\/05\/060521-coronavirus.jpg 800w, https:\/\/www.secpf.com.br\/site\/wp-content\/uploads\/2021\/05\/060521-coronavirus-300x188.jpg 300w, https:\/\/www.secpf.com.br\/site\/wp-content\/uploads\/2021\/05\/060521-coronavirus-768x480.jpg 768w\" sizes=\"(max-width: 800px) 100vw, 800px\" \/><\/figure>\n\n\n\n<p>J\u00e1 que estamos falando de CPI da Covid, vale a pena entrar nas conclus\u00f5es da mais nova e profunda pesquisa sobre os efeitos do negacionismo no n\u00famero de casos e de mortes no Brasil: nos munic\u00edpios onde o presidente Jair Bolsonaro teve mais de 50% dos votos no segundo turno de 2018, o risco de infec\u00e7\u00e3o foi 299% e o de mortes, 415% maior do que nos munic\u00edpios onde ele perdeu a elei\u00e7\u00e3o.<\/p>\n<p>Quando o foco fecha nas cidades mais ferrenhamente bolsonaristas, em que ele obteve mais de 70% no segundo turno, o resultado \u00e9 ainda mais alarmante: quem vive num desses munic\u00edpios chegou a ter 567% a mais de chance de se infectar e 647% a mais de risco de morrer do que numa cidade onde ele teve menos de 30% dos votos. Isso equivale a sete vezes mais mortes nas cidades onde Bolsonaro ganhou com ampla margem.<\/p>\n<p>\u201cO estudo joga luzes e mostra, metodologicamente, os efeitos nefastos do negacionismo dos l\u00edderes, particularmente sobre seus pr\u00f3prios apoiadores e seguidores\u201d, registraram os autores, professores Sandro Cabral (Insper), Nobuiuki Ito (Ibmec) e Leandro Pongeluppe (Universidade de Toronto, Canad\u00e1).<\/p>\n<p>Eles planejaram e executaram um trabalho ambicioso, que condensou os dados de mortes e casos de, nada mais nada menos, todos os 5.570 munic\u00edpios brasileiros, durante as primeiras 52 semanas da pandemia, equivalentes a um ano. Todo esse banco gigantesco de dois milh\u00f5es de dados foi cruzado com as informa\u00e7\u00f5es do TSE sobre os resultados de 2018 em cada cidade.<\/p>\n<p>\u00c9 claro que outros fatores influenciam no maior ou menor risco de cidad\u00e3os e cidad\u00e3s por distribui\u00e7\u00e3o geogr\u00e1fica, renda, condi\u00e7\u00f5es sanit\u00e1rias, mas o estudo nos leva a uma conclus\u00e3o l\u00f3gica: onde as pessoas seguiram as orienta\u00e7\u00f5es erradas e anticient\u00edficas de Bolsonaro, todos ficaram mais expostos ao coronav\u00edrus.<\/p>\n<p>Se o presidente combate ostensivamente o isolamento social e as m\u00e1scaras \u2013 \u00fanicas \u201cvacinas\u201d poss\u00edveis antes das vacinas reais \u2013 as pessoas, particularmente as que votaram nele, passam a se aglomerar, a sair sem m\u00e1scara, a se arriscar. Logo, a se contaminar e a contaminar os demais, inclusive quem n\u00e3o votou em Bolsonaro. E o risco de morte \u00e9 maior para todos.<\/p>\n<p>Um dado refor\u00e7a a tese e \u00e9 de f\u00e1cil identifica\u00e7\u00e3o visual nos gr\u00e1ficos da pesquisa: foi na s\u00e9tima semana da pandemia, quando Bolsonaro fez o \u00faltimo (\u00faltimo!) pronunciamento oficial sobre a covid, no r\u00e1dio e na TV, que o risco de infec\u00e7\u00e3o e morte aumentou claramente nos munic\u00edpios com maioria bolsonarista em rela\u00e7\u00e3o aos n\u00e3o bolsonaristas.<\/p>\n<p>Dez semanas depois (na 17.\u00aa), esse descolamento entre os registros nos dois blocos de cidades passa a ter fort\u00edssima signific\u00e2ncia estat\u00edstica. Com um detalhe: a partir da 38.\u00aa semana, o distanciamento dispara. A dedu\u00e7\u00e3o parece tamb\u00e9m l\u00f3gica: ocorreu exatamente a partir das elei\u00e7\u00f5es municipais, quando os candidatos alinhados ao Planalto replicaram nos munic\u00edpios bolsonaristas o discurso t\u00f3xico do \u201cmito\u201d no combate \u00e0 pandemia.<\/p>\n<p>A CPI, que come\u00e7a quente hoje, com o depoimento do ex-ministro Luiz Henrique Mandetta, tem uma profus\u00e3o de dados e v\u00e1rios caminhos a percorrer no negacionismo de Bolsonaro e de seu governo, incluindo uma guerra insana contra as vacinas, que levou o chefe da Casa Civil a se vacinar escondido. A pesquisa mostra at\u00e9 onde esse negacionismo levou o Pa\u00eds.<\/p>\n<p>Como destacaram os professores na apresenta\u00e7\u00e3o do trabalho, \u201co estilo negacionista pode ser desastroso para toda a Na\u00e7\u00e3o e para a comunidade internacional\u201d. Sim, o mundo n\u00e3o tem mais fronteiras, muito menos as regi\u00f5es, Estados e munic\u00edpios brasileiros. \u00c9 imposs\u00edvel isolar os que se guiam pela ci\u00eancia e a medicina dos que seguem cegamente os exemplos e as orienta\u00e7\u00f5es perversas do presidente. Todos saem perdendo. E o resultado \u00e9 perturbador.<\/p>\n<p>* Fonte: <a href=\"https:\/\/outline.com\/nZSERz\" target=\"_blank\" rel=\"noopener noreferrer\">outline.com<\/a><\/p>\n","protected":false},"excerpt":{"rendered":"<p>J\u00e1 que estamos falando de CPI da Covid, vale a pena entrar nas conclus\u00f5es da mais nova e profunda pesquisa<\/p>\n","protected":false},"author":1,"featured_media":3270,"comment_status":"closed","ping_status":"open","sticky":false,"template":"","format":"standard","meta":{"colormag_page_container_layout":"default_layout","colormag_page_sidebar_layout":"default_layout","footnotes":""},"categories":[5],"tags":[],"class_list":["post-3267","post","type-post","status-publish","format-standard","has-post-thumbnail","hentry","category-noticias"],"_links":{"self":[{"href":"https:\/\/www.secpf.com.br\/site\/wp-json\/wp\/v2\/posts\/3267","targetHints":{"allow":["GET"]}}],"collection":[{"href":"https:\/\/www.secpf.com.br\/site\/wp-json\/wp\/v2\/posts"}],"about":[{"href":"https:\/\/www.secpf.com.br\/site\/wp-json\/wp\/v2\/types\/post"}],"author":[{"embeddable":true,"href":"https:\/\/www.secpf.com.br\/site\/wp-json\/wp\/v2\/users\/1"}],"replies":[{"embeddable":true,"href":"https:\/\/www.secpf.com.br\/site\/wp-json\/wp\/v2\/comments?post=3267"}],"version-history":[{"count":1,"href":"https:\/\/www.secpf.com.br\/site\/wp-json\/wp\/v2\/posts\/3267\/revisions"}],"predecessor-version":[{"id":3271,"href":"https:\/\/www.secpf.com.br\/site\/wp-json\/wp\/v2\/posts\/3267\/revisions\/3271"}],"wp:featuredmedia":[{"embeddable":true,"href":"https:\/\/www.secpf.com.br\/site\/wp-json\/wp\/v2\/media\/3270"}],"wp:attachment":[{"href":"https:\/\/www.secpf.com.br\/site\/wp-json\/wp\/v2\/media?parent=3267"}],"wp:term":[{"taxonomy":"category","embeddable":true,"href":"https:\/\/www.secpf.com.br\/site\/wp-json\/wp\/v2\/categories?post=3267"},{"taxonomy":"post_tag","embeddable":true,"href":"https:\/\/www.secpf.com.br\/site\/wp-json\/wp\/v2\/tags?post=3267"}],"curies":[{"name":"wp","href":"https:\/\/api.w.org\/{rel}","templated":true}]}}