{"id":3286,"date":"2021-06-29T00:59:00","date_gmt":"2021-06-29T03:59:00","guid":{"rendered":"http:\/\/www.secpf.com.br\/site\/?p=3286"},"modified":"2021-06-30T01:05:48","modified_gmt":"2021-06-30T04:05:48","slug":"time-uruguaio-exibe-faixa-no-dia-da-morte-de-coronel-da-ditadura-sem-perdao","status":"publish","type":"post","link":"https:\/\/www.secpf.com.br\/site\/time-uruguaio-exibe-faixa-no-dia-da-morte-de-coronel-da-ditadura-sem-perdao\/","title":{"rendered":"Time uruguaio exibe faixa no dia da morte de coronel da ditadura: &#8220;Sem perd\u00e3o&#8221;"},"content":{"rendered":"\n<figure class=\"wp-block-image size-large\"><img fetchpriority=\"high\" decoding=\"async\" width=\"800\" height=\"367\" src=\"http:\/\/www.secpf.com.br\/site\/wp-content\/uploads\/2021\/06\/290621-time-uruguaio.jpg\" alt=\"\" class=\"wp-image-3288\" srcset=\"https:\/\/www.secpf.com.br\/site\/wp-content\/uploads\/2021\/06\/290621-time-uruguaio.jpg 800w, https:\/\/www.secpf.com.br\/site\/wp-content\/uploads\/2021\/06\/290621-time-uruguaio-300x138.jpg 300w, https:\/\/www.secpf.com.br\/site\/wp-content\/uploads\/2021\/06\/290621-time-uruguaio-768x352.jpg 768w\" sizes=\"(max-width: 800px) 100vw, 800px\" \/><figcaption>Villa Espa\u00f1ola exibiu faixa com a frase &#8220;ni olvido, ni perd\u00f3n&#8221;, que significa &#8220;nem esquecimento, nem perd\u00e3o&#8221; na partida contra o Pe\u00f1arol, pela primeira divis\u00e3o &#8211; Villa Espa\u00f1ola\/Facebook<\/figcaption><\/figure>\n\n\n\n<h4 class=\"description\">Jogadores do Villa Espa\u00f1ola protestaram contra crimes da ditadura; atleta usou a camiseta: &#8220;Foste sem falar, covarde&#8221;<\/h4>\n<p>Morreu neste s\u00e1bado (26 o coronel Jos\u00e9 Nino Gavazzo, o mais conhecido repressor da\u00a0ditadura uruguaia, uma esp\u00e9cie de\u00a0coronel Brilhante Ustra\u00a0do pa\u00eds. O militar tinha 81 anos e cumpria pris\u00e3o domiciliar ap\u00f3s ser condenado pelo sequestro e desaparecimento de 28 pessoas nos anos de chumbo do pa\u00eds. Antes do jogo contra o Pe\u00f1arol, pela primeira divis\u00e3o do campeonato uruguaio, jogadores do Villa Espa\u00f1ola, entraram em campo com uma mensagem de protesto contra o ex-militar: \u201cNem esquecimento, nem perd\u00e3o\u201d.<\/p>\n<p>O meio-campo e l\u00edder do time Santiago L\u00f3pez ainda foi para o jogo com uma camisa por baixo do uniforme com a frase: \u201cfoste sem falar, covarde\u201d, em refer\u00eancia \u00e0s v\u00edtimas de Gavazzo que jamais foram encontradas.<\/p>\n<figure><img decoding=\"async\" src=\"https:\/\/cdn.revistaforum.com.br\/wp-content\/uploads\/2021\/06\/santiago-lopez.jpeg\" sizes=\"480px\" srcset=\"https:\/\/cdn.revistaforum.com.br\/wp-content\/uploads\/2021\/06\/santiago-lopez.jpeg 480w, https:\/\/cdn.revistaforum.com.br\/wp-content\/uploads\/2021\/06\/santiago-lopez-225x300.jpeg 225w\" alt=\"\" width=\"480\" height=\"640\" data-sizes=\"auto\" data-src=\"https:\/\/cdn.revistaforum.com.br\/wp-content\/uploads\/2021\/06\/santiago-lopez.jpeg\" data-srcset=\"https:\/\/cdn.revistaforum.com.br\/wp-content\/uploads\/2021\/06\/santiago-lopez.jpeg 480w, https:\/\/cdn.revistaforum.com.br\/wp-content\/uploads\/2021\/06\/santiago-lopez-225x300.jpeg 225w\" \/>\n<figcaption>\n<p class=\"ckeditor-img-caption\"><em>O jogador Santiago L\u00f3pez. Foto: Redes Sociais<\/em><\/p>\n<\/figcaption>\n<\/figure>\n<p>O clube Villa Espa\u00f1ola tamb\u00e9m postou mensagem em suas redes sociais sobre o carrasco: \u201cPara os vizinhos. Para os trabalhadores da FUNSA. Para os desaparecidos. Pelo \u00f3dio organizado contra o povo uruguaio. Pela dor irrepar\u00e1vel que nos deixaram como sociedade\u201d.<\/p>\n<h2>Jos\u00e9 Nino Gavazzo<\/h2>\n<p>O coronel aposentado Jos\u00e9 Nino Gavazzo morreu no \u00faltimo s\u00e1bado (26) no Hospital Militar ap\u00f3s sofrer um derrame. Ele tinha 81 anos e estava internado desde sexta-feira.<\/p>\n<p>O ex-militar integrou o Gabinete III do Servi\u00e7o de Informa\u00e7\u00f5es de Defesa (SID) durante a ditadura (1973-1985) e cumpria atualmente pris\u00e3o domiciliar.<\/p>\n<p>Gavazzo foi condenado junto com outros ex-repressores por 28 homic\u00eddios qualificados. O promotor especializado em Crimes contra a Humanidade, Ricardo Perciballe, disse ao El Pa\u00eds que Gavazzo enfrentou muitas causas de viola\u00e7\u00f5es dos direitos humanos.<\/p>\n<p>Segundo Perciballe, alguns desses autos j\u00e1 continham condena\u00e7\u00e3o, como a realiza\u00e7\u00e3o de uma segunda fuga da Argentina transportando presos pol\u00edticos, e pelas mortes do professor e sindicalista Julio Castro e da nora do escritor argentino .<\/p>\n<p>O promotor observou que Gavazzo tamb\u00e9m enfrentou alguns processos pendentes e pedidos de acusa\u00e7\u00e3o relativos a viola\u00e7\u00f5es dos direitos humanos contra presos pol\u00edticos.<\/p>\n<p>Em mar\u00e7o de 2019, o El Observador publicou as confiss\u00f5es de Jos\u00e9 Gavazzo perante o Tribunal de Honra Militar, nas quais admitia ser o respons\u00e1vel pelo desaparecimento do tupamaro Roberto Gomensoro nas \u00e1guas do Rio Negro.<\/p>\n<p>O Tribunal de Honra Militar entendeu que essas atitudes \u201cn\u00e3o afetaram\u201d a honra da institui\u00e7\u00e3o.<\/p>\n<p>Poucos dias antes da publica\u00e7\u00e3o dessas confiss\u00f5es, o ent\u00e3o presidente Tabar\u00e9 V\u00e1zquez decidiu demitir o comandante-em-chefe do Ex\u00e9rcito Guido Manini R\u00edos (atual senador e l\u00edder do Cabildo Abierto) por questionar a condena\u00e7\u00e3o do ex-militar pela Justi\u00e7a civil.<\/p>\n<p>\u00a0<\/p>\n<p><em>Fonte: <a href=\"https:\/\/www.brasildefato.com.br\/2021\/06\/28\/time-uruguaio-exibe-faixa-no-dia-da-morte-de-coronel-da-ditadura-sem-perdao\" target=\"_blank\" rel=\"noopener noreferrer\">Brasil de Fato<\/a><\/em><\/p>\n<p>\u00a0<\/p>\n\n\n","protected":false},"excerpt":{"rendered":"<p>Jogadores do Villa Espa\u00f1ola protestaram contra crimes da ditadura; atleta usou a camiseta: &#8220;Foste sem falar, covarde&#8221; Morreu neste s\u00e1bado<\/p>\n","protected":false},"author":1,"featured_media":3288,"comment_status":"open","ping_status":"open","sticky":false,"template":"","format":"standard","meta":{"colormag_page_container_layout":"default_layout","colormag_page_sidebar_layout":"default_layout","footnotes":""},"categories":[5],"tags":[],"class_list":["post-3286","post","type-post","status-publish","format-standard","has-post-thumbnail","hentry","category-noticias"],"_links":{"self":[{"href":"https:\/\/www.secpf.com.br\/site\/wp-json\/wp\/v2\/posts\/3286","targetHints":{"allow":["GET"]}}],"collection":[{"href":"https:\/\/www.secpf.com.br\/site\/wp-json\/wp\/v2\/posts"}],"about":[{"href":"https:\/\/www.secpf.com.br\/site\/wp-json\/wp\/v2\/types\/post"}],"author":[{"embeddable":true,"href":"https:\/\/www.secpf.com.br\/site\/wp-json\/wp\/v2\/users\/1"}],"replies":[{"embeddable":true,"href":"https:\/\/www.secpf.com.br\/site\/wp-json\/wp\/v2\/comments?post=3286"}],"version-history":[{"count":1,"href":"https:\/\/www.secpf.com.br\/site\/wp-json\/wp\/v2\/posts\/3286\/revisions"}],"predecessor-version":[{"id":3289,"href":"https:\/\/www.secpf.com.br\/site\/wp-json\/wp\/v2\/posts\/3286\/revisions\/3289"}],"wp:featuredmedia":[{"embeddable":true,"href":"https:\/\/www.secpf.com.br\/site\/wp-json\/wp\/v2\/media\/3288"}],"wp:attachment":[{"href":"https:\/\/www.secpf.com.br\/site\/wp-json\/wp\/v2\/media?parent=3286"}],"wp:term":[{"taxonomy":"category","embeddable":true,"href":"https:\/\/www.secpf.com.br\/site\/wp-json\/wp\/v2\/categories?post=3286"},{"taxonomy":"post_tag","embeddable":true,"href":"https:\/\/www.secpf.com.br\/site\/wp-json\/wp\/v2\/tags?post=3286"}],"curies":[{"name":"wp","href":"https:\/\/api.w.org\/{rel}","templated":true}]}}