{"id":3290,"date":"2021-06-29T01:06:00","date_gmt":"2021-06-29T04:06:00","guid":{"rendered":"http:\/\/www.secpf.com.br\/site\/?p=3290"},"modified":"2023-03-15T23:57:14","modified_gmt":"2023-03-16T02:57:14","slug":"28-de-junho-relembrar-stonewall-com-resistencia-e-luta-por-direitos-lgbtis","status":"publish","type":"post","link":"https:\/\/www.secpf.com.br\/site\/28-de-junho-relembrar-stonewall-com-resistencia-e-luta-por-direitos-lgbtis\/","title":{"rendered":"28 de Junho: relembrar Stonewall com resist\u00eancia e luta por direitos LGBTIs"},"content":{"rendered":"\n<p>Em 1969, o movimento LGBTI protagonizou uma luta que \u00e9, at\u00e9 os dias atuais , importante refer\u00eancia na mobiliza\u00e7\u00e3o pela liberdade de orienta\u00e7\u00e3o sexual e de g\u00eanero: A\u00a0<strong>Revolta de Stonewall<\/strong>.<\/p>\n<p>O evento hist\u00f3rico que deu nome \u00e0 revolta \u00a0que aconteceu em 28 de junho de 1969, quando ap\u00f3s repetidas batidas policiais num bar chamado Stonewall Inn, um grupo de pessoas liderado por travestis trancou os policiais no estabelecimento, numa atitude de resist\u00eancia ap\u00f3s sete noites de ataques violentos contra os LGBTIs que frequentavam o local.<\/p>\n<p>\u00a0<\/p>\n<p><img fetchpriority=\"high\" decoding=\"async\" class=\"alignnone size-full wp-image-3292\" src=\"http:\/\/www.secpf.com.br\/site\/wp-content\/uploads\/2021\/06\/290621-28dejunho.jpg\" alt=\"\" width=\"768\" height=\"591\" srcset=\"https:\/\/www.secpf.com.br\/site\/wp-content\/uploads\/2021\/06\/290621-28dejunho.jpg 768w, https:\/\/www.secpf.com.br\/site\/wp-content\/uploads\/2021\/06\/290621-28dejunho-300x231.jpg 300w\" sizes=\"(max-width: 768px) 100vw, 768px\" \/><\/p>\n<p>Para celebrar a data da revolta, no ano seguinte foi organizada uma passeata relembrando o acontecimento, e assim surgiram as Paradas do Orgulho LGBT ao redor do mundo. Essa luta inspirou a muitas outras e \u00e9 reivindicada at\u00e9 hoje como exemplo de mobiliza\u00e7\u00e3o e resist\u00eancia.<\/p>\n<p><strong>Contexto hist\u00f3rico<\/strong><\/p>\n<p>O movimento de luta LGBTI come\u00e7ou a ganhar for\u00e7a em Nova Iorque em fins da d\u00e9cada de 60, quando o pa\u00eds vivia a ascens\u00e3o das massas em meio aos protestos contra a guerra do Vietn\u00e3, associado tamb\u00e9m ao crescimento dos movimentos de contracultura, feminista e negro, de contesta\u00e7\u00e3o ao modelo capitalista, enfrentou dura repress\u00e3o policial.<\/p>\n<p>Para compreender o momento hist\u00f3rico dessa importante mobiliza\u00e7\u00e3o de massas, o integrante do setorial LGBTI da CSP-Conlutas, Alessandro Furtado, resgata cronologicamente os principais fatos que chegaram ao Stonewall e os anos seguintes de resist\u00eancia desse grupo de luta:<\/p>\n<p><iframe title=\"YouTube video player\" src=\"\/\/www.youtube.com\/embed\/c2infJ-oCZI\" width=\"560\" height=\"315\" frameborder=\"0\" allowfullscreen=\"allowfullscreen\"><\/iframe><\/p>\n<p><strong>Capitalismo e pandemia<\/strong><\/p>\n<p>A crise econ\u00f4mica que aprofunda a desigualdade social, o desemprego e a viol\u00eancia atingem em cheio os setores oprimidos. As LGBTIs, pelo fato de n\u00e3o se encaixarem no padr\u00e3o da heteronormatividade, sofrem mais diretamente os efeitos da crise.<\/p>\n<p>Como consequ\u00eancia, esses setores oprimidos se organizam para enfrentar tais ataques, gerando forte polariza\u00e7\u00e3o que enfrenta por sua vez, como resposta \u00e0s lutas, governos e grupos de ultradireita, liberais na economia, conservadores nos costumes. Jair Bolsonaro no Brasil \u00e9 um dos exemplos.<\/p>\n<p>Com a pandemia, a situa\u00e7\u00e3o ganhou contornos ainda mais preocupantes.\u00a0Segundo\u00a0<strong>dados colhidos pelo IESOGI (Instituto Independente de Orienta\u00e7\u00e3o Sexual e Identidade de G\u00eanero)<\/strong>\u00a0a COVID-19 tem um impacto desproporcional na vida das pessoas LGBTQI+, que, com poucas exce\u00e7\u00f5es, a resposta \u00e0 pandemia reproduz e exacerba os padr\u00f5es de exclus\u00e3o social e de viol\u00eancia j\u00e1 identificados pelo instituto\u201d.<\/p>\n<p>A mesma pesquisa aponta que as disparidades sociais contribuem para mais vulnerabilidade deste grupo em contexto de crise sanit\u00e1ria: \u201cpessoas LGBT est\u00e3o desproporcionalmente representadas nas estat\u00edsticas dos pobres, das pessoas em situa\u00e7\u00e3o de rua e das que n\u00e3o t\u00eam assist\u00eancia m\u00e9dica, o que significa que elas podem ser particularmente afetadas como resultado da pandemia. \u201d<\/p>\n<p>Com rela\u00e7\u00e3o \u00e0 situa\u00e7\u00e3o de mis\u00e9ria e exclus\u00e3o, a \u00a0Alian\u00e7a Nacional LGBTI publicou recentemente a estimativa de que o desemprego entre LGBTIs possa atingir o percentual de 40% durante a pandemia, n\u00famero muito superior aos 14,4% de desempregados, observada na popula\u00e7\u00e3o geral, segundo a \u00faltima pesquisa do Instituo Brasileiro de Geografia e Estat\u00edstica (IBGE).<\/p>\n<p><strong>O movimento sindical na luta<\/strong><\/p>\n<p>Em meio ao intenso retrocesso que os governos mundo afora provocam, com in\u00fameros direitos retirados, \u00e9 preciso compreender que as lutas sindicais devem caminhar lado a lado com os setores oprimidos e os movimentos sociais. Se o capitalismo tem responsabilidade direta com a opress\u00e3o contra essas minorias, \u00e9 urgente construir organiza\u00e7\u00e3o para responder \u00e0s demandas desses setores, de pessoas que vivem \u00e0s margens da sociedade.<\/p>\n<p>A CSP-Conlutas produziu a cartilha \u201c<strong>LGBT: uma hist\u00f3ria de resist\u00eancia e luta por direitos<\/strong>\u201d, com importantes refer\u00eancias hist\u00f3ricas, como a Revolta de Stonewall, que em 2021 completa 52 anos, e outros marcos ao redor do mundo, al\u00e9m de destacar os diversos ataques contra as LGBTIs e alertar sobre como o capitalismo e os governos autorit\u00e1rios e opressores agem para manter a discrimina\u00e7\u00e3o e a viol\u00eancia contra esses setores minorit\u00e1rios.<\/p>\n<p>Esse documento traz, nesse sentido, um necess\u00e1rio debate sobre a urg\u00eancia do combate \u00e0 LGBTfobia e a import\u00e2ncia de que todas as entidades e movimentos encampem a luta pelas demandas desse setor.<\/p>\n<p><strong>[<a href=\"http:\/\/cspconlutas.org.br\/wp-content\/uploads\/2019\/07\/CARTILHA-LGBT-UMA-HIST%C3%93RIA-DE-RESIST%C3%8ANCIA-E-LUTA-POR-DIREITOS.pdf\" target=\"_blank\" rel=\"noopener noreferrer\">FA\u00c7A O DOWNLOAD DA CARTILHA AQUI<\/a>]<\/strong><\/p>\n<p>Nossa classe \u00e9 mulher, negra, LGBT, e precisamos responder a essas demandas para conseguir a nossa unidade numa s\u00f3 luta contra a opress\u00e3o e a explora\u00e7\u00e3o capitalistas, seja no movimento sindical ou nos movimentos sociais.<\/p>\n<p>Acreditamos ainda que a luta deve ser internacional. No mundo, ainda hoje as rela\u00e7\u00f5es entre pessoas do mesmo sexo s\u00e3o consideradas crimes em 67 pa\u00edses,\u00a0<strong>de acordo com dados recentes da ILGA<\/strong>\u00a0(International Lesbian, Gay, Bisexual, Trans and Intersex Association) que monitora leis internacionais relacionadas ao tema h\u00e1 12 anos.<\/p>\n<p>\u00a0<\/p>\n<p><strong>Lutemos por nossas liberdades!<br \/><\/strong><strong>Viva a Revolta de Stonewall!<br \/><\/strong><strong>Viva a luta das LGBTIs no Brasil e no mundo, contra os governos e o capitalismo!<br \/><\/strong><strong>Fora Bolsonaro e Mour\u00e3o!<\/strong><\/p>\n<p>\u00a0<\/p>\n<p><em>Fonte: <a href=\"http:\/\/cspconlutas.org.br\/2021\/06\/relembrar-stonewall-2021\/\" target=\"_blank\" rel=\"noopener noreferrer\">CSP Conlutas<\/a><\/em><\/p>\n","protected":false},"excerpt":{"rendered":"<p>Em 1969, o movimento LGBTI protagonizou uma luta que \u00e9, at\u00e9 os dias atuais , importante refer\u00eancia na mobiliza\u00e7\u00e3o pela<\/p>\n","protected":false},"author":1,"featured_media":3292,"comment_status":"closed","ping_status":"open","sticky":false,"template":"","format":"standard","meta":{"colormag_page_container_layout":"default_layout","colormag_page_sidebar_layout":"default_layout","footnotes":""},"categories":[5],"tags":[],"class_list":["post-3290","post","type-post","status-publish","format-standard","has-post-thumbnail","hentry","category-noticias"],"_links":{"self":[{"href":"https:\/\/www.secpf.com.br\/site\/wp-json\/wp\/v2\/posts\/3290","targetHints":{"allow":["GET"]}}],"collection":[{"href":"https:\/\/www.secpf.com.br\/site\/wp-json\/wp\/v2\/posts"}],"about":[{"href":"https:\/\/www.secpf.com.br\/site\/wp-json\/wp\/v2\/types\/post"}],"author":[{"embeddable":true,"href":"https:\/\/www.secpf.com.br\/site\/wp-json\/wp\/v2\/users\/1"}],"replies":[{"embeddable":true,"href":"https:\/\/www.secpf.com.br\/site\/wp-json\/wp\/v2\/comments?post=3290"}],"version-history":[{"count":1,"href":"https:\/\/www.secpf.com.br\/site\/wp-json\/wp\/v2\/posts\/3290\/revisions"}],"predecessor-version":[{"id":3293,"href":"https:\/\/www.secpf.com.br\/site\/wp-json\/wp\/v2\/posts\/3290\/revisions\/3293"}],"wp:featuredmedia":[{"embeddable":true,"href":"https:\/\/www.secpf.com.br\/site\/wp-json\/wp\/v2\/media\/3292"}],"wp:attachment":[{"href":"https:\/\/www.secpf.com.br\/site\/wp-json\/wp\/v2\/media?parent=3290"}],"wp:term":[{"taxonomy":"category","embeddable":true,"href":"https:\/\/www.secpf.com.br\/site\/wp-json\/wp\/v2\/categories?post=3290"},{"taxonomy":"post_tag","embeddable":true,"href":"https:\/\/www.secpf.com.br\/site\/wp-json\/wp\/v2\/tags?post=3290"}],"curies":[{"name":"wp","href":"https:\/\/api.w.org\/{rel}","templated":true}]}}