{"id":3317,"date":"2021-11-18T11:05:17","date_gmt":"2021-11-18T14:05:17","guid":{"rendered":"http:\/\/www.secpf.com.br\/site\/?p=3317"},"modified":"2021-11-18T11:07:19","modified_gmt":"2021-11-18T14:07:19","slug":"indigenas-kaingang-da-serrinha-no-rs-sao-torturados-e-expulsos-de-suas-aldeias","status":"publish","type":"post","link":"https:\/\/www.secpf.com.br\/site\/indigenas-kaingang-da-serrinha-no-rs-sao-torturados-e-expulsos-de-suas-aldeias\/","title":{"rendered":"Ind\u00edgenas Kaingang da Serrinha no RS s\u00e3o torturados e expulsos de suas aldeias"},"content":{"rendered":"\n<figure class=\"wp-block-image size-large\"><img fetchpriority=\"high\" decoding=\"async\" width=\"1017\" height=\"504\" src=\"http:\/\/www.secpf.com.br\/site\/wp-content\/uploads\/2021\/11\/181121-reserva-serrinha.jpg\" alt=\"\" class=\"wp-image-3320\" srcset=\"https:\/\/www.secpf.com.br\/site\/wp-content\/uploads\/2021\/11\/181121-reserva-serrinha.jpg 1017w, https:\/\/www.secpf.com.br\/site\/wp-content\/uploads\/2021\/11\/181121-reserva-serrinha-300x149.jpg 300w, https:\/\/www.secpf.com.br\/site\/wp-content\/uploads\/2021\/11\/181121-reserva-serrinha-768x381.jpg 768w\" sizes=\"(max-width: 1017px) 100vw, 1017px\" \/><\/figure>\n\n\n\n<p>Estamos vivenciando mais um caso de tortura, assassinatos e expuls\u00e3o de ind\u00edgenas de suas terras do povo Kaingang no RS, em nome de cooperativas de fachada- \u201cparcerias agr\u00edcolas\u201d, mas que s\u00e3o apropria\u00e7\u00e3o criminosa das terras ind\u00edgenas para arrendamento ilegal.<\/p>\n<p>No RS tivemos recentemente o caso de arrendamento de \u00e1reas da Terra Ind\u00edgena Nonoai, envolvendo o cacique, seu filho, o ex-prefeito do munic\u00edpio de Gramado dos Loureiros, Erpone Nascimento, e o ind\u00edgena Jos\u00e9 Carlos Gabriel, ex-servidor da Funai, caso que foi parar na 1\u00aa Vara Federal de Carazinho. Segundo o Minist\u00e9rio P\u00fablico Federal, essa pr\u00e1tica \u00e9 proibida e na verdade tem sido subterf\u00fagio para expulsar das terras os\/as ind\u00edgenas que se recusam a tal pr\u00e1tica.<\/p>\n<p>Os povos origin\u00e1rios enfrentam a expuls\u00e3o de suas terras desde a invas\u00e3o dos europeus no Brasil. O genoc\u00eddio e etnoc\u00eddio de nossos ind\u00edgenas precisam ser estancados e o Estado tem conhecimento dessa pr\u00e1tica criminosa. Os ind\u00edgenas Xokleng da TI Ibirama no vale de Itaja\u00ed em Santa Catarina comprovam o processo criminoso de coloniza\u00e7\u00e3o no Brasil e a luta dos sobreviventes pela demarca\u00e7\u00e3o de suas terras no processo que tem sido protelado (conhecido como Marco Temporal, PL 490) por press\u00e3o dos atuais ruralistas referendando a pol\u00edtica dos antigos\u00a0 \u201cbugreiros\u201d que se apropriaram de suas terras em nome da constru\u00e7\u00e3o da barragem Norte (iniciada durante ditadura militar), al\u00e9m da destrui\u00e7\u00e3o dos recursos naturais.<\/p>\n<p>A posterga\u00e7\u00e3o do julgamento do caso Xokleng tem incentivado as a\u00e7\u00f5es dos grileiros, agravando o futuro dos povos ind\u00edgenas e do meio ambiente, pois temos cerca de 300 terras ind\u00edgenas em longo processo inconcluso de demarca\u00e7\u00e3o de suas terras, favorecendo o avan\u00e7o dos latifundi\u00e1rios, do garimpo ilegal e destrutivo como nas terras Yanomami, devastando o equivalente a 500 campos de futebol na floresta amaz\u00f4nica e o massacre em Roraima conhecido como massacre de Haximu em 1993.<\/p>\n<p>O Agro \u00e9 morte com eros\u00e3o e contamina\u00e7\u00e3o dos solos, do ar e das \u00e1guas, queimadas devastadoras, retiradas ilegais de madeiras e assassinatos de ind\u00edgenas.<\/p>\n<p>Duas crian\u00e7as ind\u00edgenas Yanomami foram sugadas e \u201ccuspidas\u201d na correnteza do rio tomado por maquin\u00e1rios de um garimpo ilegal com cerca de 20 mil garimpeiros, no dia 12 de outubro no munic\u00edpio de Alto Alegre em Roraima. As amea\u00e7as contra os Yanomamis foram intensificadas quando eles interceptaram uma carga de cerca de mil litros de combust\u00edvel para abastecimento das aeronaves do garimpo criminoso da regi\u00e3o (Martha Raquel, jornalistas Livres 14\/10\/2021).<\/p>\n<p>Quantos ataques brutais como mais esse na aldeia Serrinha no RS vamos se coniventes ao nos calarmos diante das den\u00fancias que tomamos conhecimento?<\/p>\n<p>Todo apoio a V\u00e3ngri Kaingang e aos ind\u00edgenas que n\u00e3o se submeteram \u00e0s ordens de um \u201ccacique miliciano\u201d.<\/p>\n<p>Que o caso seja devidamente apurado e os culpados julgados e punidos devidamente e as fam\u00edlias possam retornar \u00e0 sua aldeia com prote\u00e7\u00e3o de suas vidas.<\/p>\n<p>Que as diversas entidades ind\u00edgenas e de direitos humanos tomem as devidas providencias urgentemente, pois a demora do atendimento pode significar mais mortes.<\/p>\n<p>\u00a0<\/p>\n<p><em><strong>Por Gesa Corr\u00eaa<\/strong><\/em>\u00a0\u2013 Etnia Tupinamb\u00e1 e integrante Secretaria Executiva Nacional da CSP Conlutas<br \/><em><strong>Fonte:<\/strong><\/em> <a href=\"http:\/\/cspconlutas.org.br\/2021\/10\/indigenas-kaingang-da-serrinha-no-rs-sao-torturados-e-expulsos-de-suas-aldeias-gesa-correa\/\" target=\"_blank\" rel=\"noopener noreferrer\">CSP Conlutas<\/a><\/p>\n","protected":false},"excerpt":{"rendered":"<p>Estamos vivenciando mais um caso de tortura, assassinatos e expuls\u00e3o de ind\u00edgenas de suas terras do povo Kaingang no RS,<\/p>\n","protected":false},"author":1,"featured_media":3320,"comment_status":"closed","ping_status":"closed","sticky":false,"template":"","format":"standard","meta":{"colormag_page_container_layout":"default_layout","colormag_page_sidebar_layout":"default_layout","footnotes":""},"categories":[5],"tags":[223,18,221,258],"class_list":["post-3317","post","type-post","status-publish","format-standard","has-post-thumbnail","hentry","category-noticias","tag-agronegocio","tag-destaque","tag-povos-indigenas","tag-violencia"],"_links":{"self":[{"href":"https:\/\/www.secpf.com.br\/site\/wp-json\/wp\/v2\/posts\/3317","targetHints":{"allow":["GET"]}}],"collection":[{"href":"https:\/\/www.secpf.com.br\/site\/wp-json\/wp\/v2\/posts"}],"about":[{"href":"https:\/\/www.secpf.com.br\/site\/wp-json\/wp\/v2\/types\/post"}],"author":[{"embeddable":true,"href":"https:\/\/www.secpf.com.br\/site\/wp-json\/wp\/v2\/users\/1"}],"replies":[{"embeddable":true,"href":"https:\/\/www.secpf.com.br\/site\/wp-json\/wp\/v2\/comments?post=3317"}],"version-history":[{"count":2,"href":"https:\/\/www.secpf.com.br\/site\/wp-json\/wp\/v2\/posts\/3317\/revisions"}],"predecessor-version":[{"id":3321,"href":"https:\/\/www.secpf.com.br\/site\/wp-json\/wp\/v2\/posts\/3317\/revisions\/3321"}],"wp:featuredmedia":[{"embeddable":true,"href":"https:\/\/www.secpf.com.br\/site\/wp-json\/wp\/v2\/media\/3320"}],"wp:attachment":[{"href":"https:\/\/www.secpf.com.br\/site\/wp-json\/wp\/v2\/media?parent=3317"}],"wp:term":[{"taxonomy":"category","embeddable":true,"href":"https:\/\/www.secpf.com.br\/site\/wp-json\/wp\/v2\/categories?post=3317"},{"taxonomy":"post_tag","embeddable":true,"href":"https:\/\/www.secpf.com.br\/site\/wp-json\/wp\/v2\/tags?post=3317"}],"curies":[{"name":"wp","href":"https:\/\/api.w.org\/{rel}","templated":true}]}}