{"id":3323,"date":"2021-12-03T15:23:00","date_gmt":"2021-12-03T18:23:00","guid":{"rendered":"http:\/\/www.secpf.com.br\/site\/?p=3323"},"modified":"2021-12-07T10:30:42","modified_gmt":"2021-12-07T13:30:42","slug":"documentario-mostra-violacoes-trabalhistas-em-plantacoes-de-cafe-de-minas-gerais","status":"publish","type":"post","link":"https:\/\/www.secpf.com.br\/site\/documentario-mostra-violacoes-trabalhistas-em-plantacoes-de-cafe-de-minas-gerais\/","title":{"rendered":"Document\u00e1rio mostra viola\u00e7\u00f5es trabalhistas em planta\u00e7\u00f5es de caf\u00e9 de Minas Gerais"},"content":{"rendered":"\n<figure class=\"wp-block-image size-large\"><img fetchpriority=\"high\" decoding=\"async\" width=\"800\" height=\"533\" src=\"http:\/\/www.secpf.com.br\/site\/wp-content\/uploads\/2021\/12\/031221-cafe-MG.jpg\" alt=\"\" class=\"wp-image-3325\" srcset=\"https:\/\/www.secpf.com.br\/site\/wp-content\/uploads\/2021\/12\/031221-cafe-MG.jpg 800w, https:\/\/www.secpf.com.br\/site\/wp-content\/uploads\/2021\/12\/031221-cafe-MG-300x200.jpg 300w, https:\/\/www.secpf.com.br\/site\/wp-content\/uploads\/2021\/12\/031221-cafe-MG-768x512.jpg 768w\" sizes=\"(max-width: 800px) 100vw, 800px\" \/><figcaption>Trabalho escravo em lavouras de caf\u00e9 em Minas Gerais \u00e9 denunciado pelo minidocument\u00e1rio &#8211; Lilo Clareto\/Rep\u00f3rter Brasil<\/figcaption><\/figure>\n\n\n\n<h2 class=\"description\" style=\"box-sizing: border-box; margin-bottom: 30px; padding: 0px; border: 0px; font-variant-numeric: normal; font-variant-east-asian: normal; font-weight: normal; font-stretch: normal; font-size: 1.2rem; line-height: 1.3; font-family: 'Merriweather Sans', Arial; vertical-align: baseline; color: #1a1a1a;\">\u201cMancha do caf\u00e9\u201d, da Oxfam Brasil, traz dados sobre o resgate de pessoas em trabalho an\u00e1logo \u00e0 escravid\u00e3o em lavouras<\/h2>\n\n\n\n<p>As condi\u00e7\u00f5es de trabalho nas&nbsp;planta\u00e7\u00f5es de caf\u00e9&nbsp;em Minas Gerais \u00e9 o tema de \u201cMancha de Caf\u00e9\u201d, minidocument\u00e1rio que a Oxfam Brasil lan\u00e7ou na \u00faltima quinta-feira (25). No filme, casos de viola\u00e7\u00f5es trabalhistas e dados impressionantes sobre resgate de pessoas em condi\u00e7\u00f5es an\u00e1logas \u00e0 escravid\u00e3o.<\/p>\n<p>O minidocument\u00e1rio utiliza dados e informa\u00e7\u00f5es de um amplo levantamento, feito pela Oxfam Brasil, sobre as&nbsp;condi\u00e7\u00f5es de trabalho nas lavouras&nbsp;de caf\u00e9 em Minas Gerais, que foi lan\u00e7ado em julho deste ano.<\/p>\n<p>Durante o filme, trabalhadores resgatados e sindicalistas falam sobre as mazelas impostas pelos fazendeiros da regi\u00e3o e as condi\u00e7\u00f5es a que est\u00e3o submetidos no trabalho, como baixo sal\u00e1rios, instala\u00e7\u00f5es prec\u00e1rias, desrespeito aos direitos das mulheres, informalidade empregat\u00edcia e falsas promessas dos empres\u00e1rios&nbsp;do caf\u00e9.<\/p>\n<p>O levantamento da Oxfam mostra que, em 2020, 140 trabalhadores foram resgatados em lavouras de caf\u00e9 em&nbsp;condi\u00e7\u00f5es an\u00e1logas a escravid\u00e3o. Todos, em Minas Gerais. O filme mostra, tamb\u00e9m, como grandes marcas do setor, supermercados e cooperativas contribuem para as p\u00e9ssimas condi\u00e7\u00f5es de trabalho.<\/p>\n<p>De acordo com a produ\u00e7\u00e3o, grande parte da precariedade das condi\u00e7\u00f5es de trabalho nas lavouras de caf\u00e9 em Minas Gerais, se d\u00e1 por conta da aus\u00eancia de atividade sindical na regi\u00e3o.<br><br><strong>Assista ao filme, na \u00edntegra:<\/strong><\/p>\n\n\n\n<figure class=\"wp-block-embed-youtube wp-block-embed is-type-video is-provider-youtube wp-embed-aspect-16-9 wp-has-aspect-ratio\"><div class=\"wp-block-embed__wrapper\">\n<iframe title=\"Mancha de Caf\u00e9\" width=\"800\" height=\"450\" src=\"https:\/\/www.youtube.com\/embed\/zRgw9B8sf0o?feature=oembed\" frameborder=\"0\" allow=\"accelerometer; autoplay; clipboard-write; encrypted-media; gyroscope; picture-in-picture; web-share\" referrerpolicy=\"strict-origin-when-cross-origin\" allowfullscreen><\/iframe>\n<\/div><\/figure>\n\n\n\n<p><em>Edi\u00e7\u00e3o: Vivian Virissimo<\/em><br><em>Fonte: <a href=\"https:\/\/www.brasildefato.com.br\/2021\/11\/26\/documentario-mostra-violacoes-trabalhistas-em-plantacoes-de-cafe-de-minas-gerais-assista\" target=\"_blank\" rel=\"noopener noreferrer\">Brasil de Fato<\/a><\/em><\/p>\n","protected":false},"excerpt":{"rendered":"<p>\u201cMancha do caf\u00e9\u201d, da Oxfam Brasil, traz dados sobre o resgate de pessoas em trabalho an\u00e1logo \u00e0 escravid\u00e3o em lavouras<\/p>\n","protected":false},"author":1,"featured_media":3325,"comment_status":"closed","ping_status":"open","sticky":false,"template":"","format":"standard","meta":{"colormag_page_container_layout":"default_layout","colormag_page_sidebar_layout":"default_layout","footnotes":""},"categories":[5],"tags":[],"class_list":["post-3323","post","type-post","status-publish","format-standard","has-post-thumbnail","hentry","category-noticias"],"_links":{"self":[{"href":"https:\/\/www.secpf.com.br\/site\/wp-json\/wp\/v2\/posts\/3323","targetHints":{"allow":["GET"]}}],"collection":[{"href":"https:\/\/www.secpf.com.br\/site\/wp-json\/wp\/v2\/posts"}],"about":[{"href":"https:\/\/www.secpf.com.br\/site\/wp-json\/wp\/v2\/types\/post"}],"author":[{"embeddable":true,"href":"https:\/\/www.secpf.com.br\/site\/wp-json\/wp\/v2\/users\/1"}],"replies":[{"embeddable":true,"href":"https:\/\/www.secpf.com.br\/site\/wp-json\/wp\/v2\/comments?post=3323"}],"version-history":[{"count":2,"href":"https:\/\/www.secpf.com.br\/site\/wp-json\/wp\/v2\/posts\/3323\/revisions"}],"predecessor-version":[{"id":3327,"href":"https:\/\/www.secpf.com.br\/site\/wp-json\/wp\/v2\/posts\/3323\/revisions\/3327"}],"wp:featuredmedia":[{"embeddable":true,"href":"https:\/\/www.secpf.com.br\/site\/wp-json\/wp\/v2\/media\/3325"}],"wp:attachment":[{"href":"https:\/\/www.secpf.com.br\/site\/wp-json\/wp\/v2\/media?parent=3323"}],"wp:term":[{"taxonomy":"category","embeddable":true,"href":"https:\/\/www.secpf.com.br\/site\/wp-json\/wp\/v2\/categories?post=3323"},{"taxonomy":"post_tag","embeddable":true,"href":"https:\/\/www.secpf.com.br\/site\/wp-json\/wp\/v2\/tags?post=3323"}],"curies":[{"name":"wp","href":"https:\/\/api.w.org\/{rel}","templated":true}]}}