{"id":3338,"date":"2022-02-22T18:40:39","date_gmt":"2022-02-22T21:40:39","guid":{"rendered":"http:\/\/www.secpf.com.br\/site\/?p=3338"},"modified":"2022-02-22T18:42:40","modified_gmt":"2022-02-22T21:42:40","slug":"a-conclat-2022-tem-de-defender-revogar-100-da-reforma-trabalhista-e-organizar-a-luta","status":"publish","type":"post","link":"https:\/\/www.secpf.com.br\/site\/a-conclat-2022-tem-de-defender-revogar-100-da-reforma-trabalhista-e-organizar-a-luta\/","title":{"rendered":"A Conclat 2022 tem de defender \u201cRevogar 100% da Reforma Trabalhista\u201d e organizar a luta"},"content":{"rendered":"<h3><em style=\"margin: 0px; padding: 0px; border: 0px; outline: none; color: #000000; font-family: Arial, Helvetica, sans-serif; font-size: 12px; background-color: #f5f5f5;\">Confer\u00eancia Nacional da Classe Trabalhadora precisa impulsionar essa campanha em defesa da classe trabalhadora<\/em><\/h3>\n\n\n<figure class=\"wp-block-image size-large\"><img fetchpriority=\"high\" decoding=\"async\" width=\"500\" height=\"375\" src=\"https:\/\/www.secpf.com.br\/site\/wp-content\/uploads\/2022\/02\/220222-conclat.jpg\" alt=\"\" class=\"wp-image-3340\" srcset=\"https:\/\/www.secpf.com.br\/site\/wp-content\/uploads\/2022\/02\/220222-conclat.jpg 500w, https:\/\/www.secpf.com.br\/site\/wp-content\/uploads\/2022\/02\/220222-conclat-300x225.jpg 300w, https:\/\/www.secpf.com.br\/site\/wp-content\/uploads\/2022\/02\/220222-conclat-320x240.jpg 320w\" sizes=\"(max-width: 500px) 100vw, 500px\" \/><\/figure>\n\n\n\n<p>O F\u00f3rum das Centrais Sindicais definiu a realiza\u00e7\u00e3o da Conclat 2022 \u2013 Confer\u00eancia Nacional da Classe Trabalhadora para o dia 7 de abril. Em formato h\u00edbrido, presencial em S\u00e3o Paulo e com transmiss\u00e3o online, a Conclat ter\u00e1 por objetivo lan\u00e7ar a \u201cPauta da Classe Trabalhadora\u201d, um conjunto de propostas a serem elaboradas conjuntamente pelas Centrais Sindicais, para garantir empregos, prote\u00e7\u00e3o dos direitos trabalhistas, sociais e previdenci\u00e1rios, valoriza\u00e7\u00e3o dos sal\u00e1rios, combate \u00e0s desigualdades, a defesa da democracia, da soberania e da vida.<\/p>\n<p>Segundo a nota de convoca\u00e7\u00e3o, a Pauta ser\u00e1 entregue aos candidatos\/as \u00e0 Presid\u00eancia da Rep\u00fablica e ao Congresso Nacional e trar\u00e1 tamb\u00e9m reivindica\u00e7\u00f5es para garantir a \u201cinclus\u00e3o e o protagonismo da classe trabalhadora no debate eleitoral e no p\u00f3s-elei\u00e7\u00f5es\u201d. A convoca\u00e7\u00e3o destaca ainda a import\u00e2ncia de \u201celeger lideran\u00e7as comprometidas com a pauta da classe trabalhadora nas elei\u00e7\u00f5es de outubro\u201d.<\/p>\n<p><strong>A revoga\u00e7\u00e3o da Reforma Trabalhista<\/strong><\/p>\n<p>Como parte do F\u00f3rum das Centrais Sindicais, a CSP-Conlutas defende que diante da atual conjuntura, em que nossa classe enfrenta in\u00fameros ataques, o desemprego, subemprego e o aumento da precariza\u00e7\u00e3o, a Conclat 2022 n\u00e3o pode se limitar a ser um evento superestrutural, meramente adaptada ao calend\u00e1rio eleitoral.<\/p>\n<p>Essa confer\u00eancia s\u00f3 ter\u00e1 um sentido pr\u00e1tico se apontar como centro a necessidade de organizar e mobilizar os trabalhadores para enfrentar a crise instalada no pa\u00eds e garantir suas reivindica\u00e7\u00f5es, entre as principais, a revoga\u00e7\u00e3o de 100% da Reforma Trabalhista.<\/p>\n<p>O desmonte da legisla\u00e7\u00e3o trabalhista, feito pela reforma realizada pelo governo Temer, \u00e9 uma das principais causas para a precariza\u00e7\u00e3o absoluta das condi\u00e7\u00f5es de trabalho no pa\u00eds. Desde 2017, pesquisas j\u00e1 revelaram que a medida n\u00e3o gerou empregos. Ao contr\u00e1rio, resultou no aumento do desemprego e do n\u00famero de pessoas sem ocupa\u00e7\u00e3o, em uma informalidade recorde, no fim de direitos e na redu\u00e7\u00e3o dos sal\u00e1rios.<\/p>\n<p>A luta contra os ataques dessa reforma vem pautando o movimento sindical desde ent\u00e3o e, este ano, o debate sobre a revoga\u00e7\u00e3o dessa medida vem ganhando for\u00e7a. O Sindicato dos Advogados e Advogadas de SP, a Associa\u00e7\u00e3o Brasileira de Juristas pela Democracia, magistrados da \u00e1rea do Trabalho, associa\u00e7\u00f5es e sindicatos, come\u00e7am a organizar uma campanha nacional pela revoga\u00e7\u00e3o da Reforma Trabalhista, iniciativa \u00e0 qual a CSP-Conlutas j\u00e1 se somou e entende que a Conclat precisa assumir.<\/p>\n<p>Contudo, chega a ser escandaloso que, al\u00e9m dessa campanha n\u00e3o ser um consenso entre as dire\u00e7\u00f5es das maiores Centrais, tenhamos de assistir a in\u00fameras declara\u00e7\u00f5es p\u00fablicas de dirigentes da CUT, For\u00e7a Sindical e CTB, entre outras, no sentido de destacar que est\u00e3o contra que a Conclat 2022 assuma a bandeira da luta pela revoga\u00e7\u00e3o da Reforma Trabalhista.<\/p>\n<p>Isso tem de ser revertido, sob pena desse evento se tornar uma mera pe\u00e7a de superestrutura em meio \u00e0s elei\u00e7\u00f5es deste ano. Mais do que assumir essa pauta, a Conclat precisa, inclusive, apontar um calend\u00e1rio de mobiliza\u00e7\u00f5es, protestos, paralisa\u00e7\u00f5es e greves em defesa dessa revoga\u00e7\u00e3o. Esse \u00e9 o entendimento da Secretaria Executiva Nacional da CSP-Conlutas.<\/p>\n<p><strong>Crise econ\u00f4mica e sanit\u00e1ria: Fora Bolsonaro e Mour\u00e3o, j\u00e1!<\/strong><\/p>\n<p>A classe trabalhadora brasileira sofre os efeitos da brutal crise social no pa\u00eds. Desemprego, condi\u00e7\u00f5es prec\u00e1rias de trabalho, infla\u00e7\u00e3o, carestia, fome e a viol\u00eancia contra os mais pobres e setores oprimidos est\u00e3o cada vez piores. A pandemia de Covid-19, a maior e mais grave desde o s\u00e9culo passado, completou dois anos. Mas, ao inv\u00e9s de um combate efetivo \u00e0 doen\u00e7a, o governo de Bolsonaro segue agindo com negacionismo e uma deliberada pol\u00edtica genocida, que \u00e9 respons\u00e1vel pela morte de mais de 630 mil pessoas e pelo prolongamento da crise sanit\u00e1ria e econ\u00f4mica.<\/p>\n<p>O pa\u00eds vive um forte processo de recoloniza\u00e7\u00e3o, com o aprofundamento da desindustrializa\u00e7\u00e3o e desnacionaliza\u00e7\u00e3o. Sem falar da destrui\u00e7\u00e3o do meio ambiente, do patrim\u00f4nio nacional e ataques \u00e0s liberdades democr\u00e1ticas, tudo agravado de forma brutal por este governo da ultradireita.<\/p>\n<p>Sem apontar o caminho da luta direta como forma de resistir e enfrentar os ataques sem precedentes que a burguesia vem impondo e, ao mesmo tempo, impulsionar a campanha para botar pra fora j\u00e1 esse governo genocida e ultraliberal, a Conclat 2022 se submete, de um lado, apenas \u00e0 l\u00f3gica eleitoral e, do outro, a uma postura de concilia\u00e7\u00e3o de classes, o que se torna um grave erro.<\/p>\n<p>H\u00e1 solu\u00e7\u00f5es para os problemas que afligem a classe trabalhadora. Mas isso n\u00e3o ser\u00e1 feito por eventuais governos de concilia\u00e7\u00e3o de classes ou \u201cunidade nacional com a burguesia\u201d ou ainda pelo Congresso controlado pelos poderosos de sempre. S\u00f3 a luta da classe trabalhadora pode conquistar as medidas necess\u00e1rias para sa\u00edda dessa crise. E essas medidas pressup\u00f5em enfrentar os interesses e privil\u00e9gios da burguesia e impedir que a crise siga sendo jogada sobre os trabalhadores.<\/p>\n<p>A CSP-Conlutas defende um programa emergencial dos trabalhadores para enfrentar a crise que atenda as necessidades imediatas da nossa classe e aponte a necessidade de supera\u00e7\u00e3o do capitalismo e constru\u00e7\u00e3o de uma sociedade socialista.<\/p>\n<p>Al\u00e9m da revoga\u00e7\u00e3o integral da Reforma Trabalhista, tamb\u00e9m \u00e9 preciso lutar pela revoga\u00e7\u00e3o da Reforma da Previd\u00eancia e das privatiza\u00e7\u00f5es impostas pelos governantes. Precisamos barrar os ataques aos servi\u00e7os p\u00fablicos, aos povos ind\u00edgenas, quilombolas e ao meio ambiente; defender a estatiza\u00e7\u00e3o de empresas que demitirem em massa; a estatiza\u00e7\u00e3o do sistema financeiro, etc.<\/p>\n<p>De maneira acertada, no ano passado, a unidade em torno da Campanha Fora Bolsonaro resultou em importantes dias de luta e manifesta\u00e7\u00f5es, que mobilizaram centenas de milhares de manifestantes por todo o pa\u00eds, demonstrando o rep\u00fadio a esse governo e uma importante disposi\u00e7\u00e3o de luta.<\/p>\n<p>Cabe \u00e0s dire\u00e7\u00f5es das Centrais retomarem esse processo de mobiliza\u00e7\u00e3o e apontar um novo calend\u00e1rio de protestos contra o governo genocida e autorit\u00e1rio de Bolsonaro e Mour\u00e3o, pela revoga\u00e7\u00e3o integral da Reforma Trabalhista e em defesa das demais reivindica\u00e7\u00f5es dos trabalhadores, rumo \u00e0 constru\u00e7\u00e3o de uma Greve Geral.<\/p>\n<p>&nbsp;<\/p>\n\n\n\n<p><em>Fonte: <a href=\"http:\/\/cspconlutas.org.br\/2022\/02\/a-conclat-2022-tem-de-defender-revogar-100-da-reforma-trabalhista-e-impulsionar-essa-campanha-em-defesa-da-classe-trabalhadora\/\" target=\"_blank\" rel=\"noopener noreferrer\">CSP Conlutas<\/a><\/em><\/p>\n","protected":false},"excerpt":{"rendered":"<p>Confer\u00eancia Nacional da Classe Trabalhadora precisa impulsionar essa campanha em defesa da classe trabalhadora O F\u00f3rum das Centrais Sindicais definiu<\/p>\n","protected":false},"author":1,"featured_media":3340,"comment_status":"closed","ping_status":"closed","sticky":false,"template":"","format":"standard","meta":{"colormag_page_container_layout":"default_layout","colormag_page_sidebar_layout":"default_layout","footnotes":""},"categories":[5],"tags":[440,439,18,235],"class_list":["post-3338","post","type-post","status-publish","format-standard","has-post-thumbnail","hentry","category-noticias","tag-central-sindical","tag-conclat","tag-destaque","tag-reforma-trabalhista"],"_links":{"self":[{"href":"https:\/\/www.secpf.com.br\/site\/wp-json\/wp\/v2\/posts\/3338","targetHints":{"allow":["GET"]}}],"collection":[{"href":"https:\/\/www.secpf.com.br\/site\/wp-json\/wp\/v2\/posts"}],"about":[{"href":"https:\/\/www.secpf.com.br\/site\/wp-json\/wp\/v2\/types\/post"}],"author":[{"embeddable":true,"href":"https:\/\/www.secpf.com.br\/site\/wp-json\/wp\/v2\/users\/1"}],"replies":[{"embeddable":true,"href":"https:\/\/www.secpf.com.br\/site\/wp-json\/wp\/v2\/comments?post=3338"}],"version-history":[{"count":2,"href":"https:\/\/www.secpf.com.br\/site\/wp-json\/wp\/v2\/posts\/3338\/revisions"}],"predecessor-version":[{"id":3342,"href":"https:\/\/www.secpf.com.br\/site\/wp-json\/wp\/v2\/posts\/3338\/revisions\/3342"}],"wp:featuredmedia":[{"embeddable":true,"href":"https:\/\/www.secpf.com.br\/site\/wp-json\/wp\/v2\/media\/3340"}],"wp:attachment":[{"href":"https:\/\/www.secpf.com.br\/site\/wp-json\/wp\/v2\/media?parent=3338"}],"wp:term":[{"taxonomy":"category","embeddable":true,"href":"https:\/\/www.secpf.com.br\/site\/wp-json\/wp\/v2\/categories?post=3338"},{"taxonomy":"post_tag","embeddable":true,"href":"https:\/\/www.secpf.com.br\/site\/wp-json\/wp\/v2\/tags?post=3338"}],"curies":[{"name":"wp","href":"https:\/\/api.w.org\/{rel}","templated":true}]}}