{"id":3435,"date":"2023-05-18T20:15:42","date_gmt":"2023-05-18T23:15:42","guid":{"rendered":"https:\/\/www.secpf.com.br\/site\/?p=3435"},"modified":"2026-04-10T08:38:22","modified_gmt":"2026-04-10T11:38:22","slug":"nota-da-csp-conlutas-novo-arcabouco-fiscal-e-teto-de-gastos-recauchutado","status":"publish","type":"post","link":"https:\/\/www.secpf.com.br\/site\/nota-da-csp-conlutas-novo-arcabouco-fiscal-e-teto-de-gastos-recauchutado\/","title":{"rendered":"Nota da CSP-Conlutas: novo arcabou\u00e7o fiscal \u00e9 teto de gastos &#8220;recauchutado&#8221;"},"content":{"rendered":"\n<figure class=\"wp-block-image size-large\"><img fetchpriority=\"high\" decoding=\"async\" width=\"960\" height=\"435\" src=\"https:\/\/www.secpf.com.br\/site\/wp-content\/uploads\/2023\/05\/180523-novo-arcabouco.jpg\" alt=\"\" class=\"wp-image-3437\" srcset=\"https:\/\/www.secpf.com.br\/site\/wp-content\/uploads\/2023\/05\/180523-novo-arcabouco.jpg 960w, https:\/\/www.secpf.com.br\/site\/wp-content\/uploads\/2023\/05\/180523-novo-arcabouco-300x136.jpg 300w, https:\/\/www.secpf.com.br\/site\/wp-content\/uploads\/2023\/05\/180523-novo-arcabouco-768x348.jpg 768w\" sizes=\"(max-width: 960px) 100vw, 960px\" \/><\/figure>\n\n\n\n<p><em>Em nota as demais centrais se limitaram a defender mudan\u00e7as &#8220;pontuais\u201d no PLP 93\/2023. \u00c9 preciso manter total independ\u00eancia do governo Lula e lutar pela revoga\u00e7\u00e3o do Teto de Gastos e contra o arcabou\u00e7o fiscal<\/em><\/p>\n<p>O novo arcabou\u00e7o fiscal, elaborado pelo governo Lula e que teve o relat\u00f3rio apresentado essa semana pelo deputado Cl\u00e1udio Cajado (PP-BA), \u00e9 apresentado como se fosse uma substitui\u00e7\u00e3o ao Teto de Gastos. No entanto, a proposta, na pr\u00e1tica, \u00e9 um teto de gastos \u201crecauchutado\u201d, j\u00e1 que segue impondo travas no Or\u00e7amento do pa\u00eds a servi\u00e7o de garantir super\u00e1vits prim\u00e1rios e o pagamento da D\u00edvida P\u00fablica.<\/p>\n<p>A vers\u00e3o original da proposta j\u00e1 previa \u201cpuni\u00e7\u00f5es\u201d em caso de descumprimento da meta, mas foi piorado pelo relat\u00f3rio do deputado Claudio Cajado (PP-AL), e isso foi feito em acordo com o ministro da Economia Fernando Haddad (PT). Os gatilhos propostos penalizam duramente os sal\u00e1rios, direitos e a carreira dos trabalhadores (as) do funcionalismo federal, a realiza\u00e7\u00e3o de concursos e o funcionamento dos servi\u00e7os p\u00fablicos.<\/p>\n<p>N\u00e3o adianta substituir a lei do Teto de Gastos por outra legisla\u00e7\u00e3o que siga travando os investimentos necess\u00e1rios para atender as demandas da popula\u00e7\u00e3o, com sa\u00fade, educa\u00e7\u00e3o, moradia, etc. Tudo para garantir o pagamento da D\u00edvida P\u00fablica.<\/p>\n<p>Em 2022, segundo levantamento da Auditoria Cidad\u00e3 da D\u00edvida, os gastos da Uni\u00e3o com o pagamento de juros e amortiza\u00e7\u00f5es da D\u00edvida somaram R$ 1,879 trilh\u00e3o, o que equivalente a 46,3% do Or\u00e7amento Federal Executado (pago). Deste total, R$ 1,651 trilh\u00e3o teve origem na emiss\u00e3o de t\u00edtulos p\u00fablicos, que em vez de servirem para financiar investimentos sociais e garantir o desenvolvimento socioecon\u00f4mico do pa\u00eds, foram consumidos nos gastos da pr\u00f3pria d\u00edvida que, apesar de vultosos pagamentos, n\u00e3o para de crescer.<\/p>\n<p>Em nota as demais centrais sindicais se limitaram a defender \u201cmudan\u00e7as pontuais\u201d no PLP 93\/2023 que, repetindo o discurso do governo Lula, denominam de \u201cregime fiscal sustent\u00e1vel\u201d. N\u00e3o h\u00e1 nada &#8220;sustent\u00e1vel&#8221;. \u00c9 preciso manter total independ\u00eancia do governo Lula e lutar pela revoga\u00e7\u00e3o do Teto de Gastos e contra o arcabou\u00e7o fiscal.<\/p>\n<p>A CSP-Conlutas se coloca contra o arcabou\u00e7o fiscal e defende uma mobiliza\u00e7\u00e3o para barrar a aprova\u00e7\u00e3o dessa proposta (PLP 93\/2023). Os servidores p\u00fablicos j\u00e1 se preparam para lutar contra esse ataque e nos colocamos ao lado dos trabalhadores.<\/p>\n<p>Os recursos do pa\u00eds t\u00eam de estar a servi\u00e7o de atender as necessidades da classe trabalhadora, especialmente dos mais pobres e uma das medidas mais urgentes para isso \u00e9 suspender o pagamento da D\u00edvida P\u00fablica.<\/p>\n<p>\u00a0<\/p>\n<p>Fonte: <a href=\"https:\/\/cspconlutas.org.br\/n\/17488\/nota-da-csp-conlutas-novo-arcabouco-fiscal-e-teto-de-gastos-quotrecauchutadoquot\" target=\"_blank\" rel=\"noopener noreferrer\"><em>CSP Conlutas<\/em><\/a><\/p>\n","protected":false},"excerpt":{"rendered":"<p>Em nota as demais centrais se limitaram a defender mudan\u00e7as &#8220;pontuais\u201d no PLP 93\/2023. \u00c9 preciso manter total independ\u00eancia do<\/p>\n","protected":false},"author":1,"featured_media":3437,"comment_status":"closed","ping_status":"open","sticky":false,"template":"","format":"standard","meta":{"colormag_page_container_layout":"default_layout","colormag_page_sidebar_layout":"default_layout","footnotes":""},"categories":[5],"tags":[447,18,230,446],"class_list":["post-3435","post","type-post","status-publish","format-standard","has-post-thumbnail","hentry","category-noticias","tag-arcabouco-fiscal","tag-destaque","tag-divida-publica","tag-teto-de-gastos"],"_links":{"self":[{"href":"https:\/\/www.secpf.com.br\/site\/wp-json\/wp\/v2\/posts\/3435","targetHints":{"allow":["GET"]}}],"collection":[{"href":"https:\/\/www.secpf.com.br\/site\/wp-json\/wp\/v2\/posts"}],"about":[{"href":"https:\/\/www.secpf.com.br\/site\/wp-json\/wp\/v2\/types\/post"}],"author":[{"embeddable":true,"href":"https:\/\/www.secpf.com.br\/site\/wp-json\/wp\/v2\/users\/1"}],"replies":[{"embeddable":true,"href":"https:\/\/www.secpf.com.br\/site\/wp-json\/wp\/v2\/comments?post=3435"}],"version-history":[{"count":1,"href":"https:\/\/www.secpf.com.br\/site\/wp-json\/wp\/v2\/posts\/3435\/revisions"}],"predecessor-version":[{"id":3438,"href":"https:\/\/www.secpf.com.br\/site\/wp-json\/wp\/v2\/posts\/3435\/revisions\/3438"}],"wp:featuredmedia":[{"embeddable":true,"href":"https:\/\/www.secpf.com.br\/site\/wp-json\/wp\/v2\/media\/3437"}],"wp:attachment":[{"href":"https:\/\/www.secpf.com.br\/site\/wp-json\/wp\/v2\/media?parent=3435"}],"wp:term":[{"taxonomy":"category","embeddable":true,"href":"https:\/\/www.secpf.com.br\/site\/wp-json\/wp\/v2\/categories?post=3435"},{"taxonomy":"post_tag","embeddable":true,"href":"https:\/\/www.secpf.com.br\/site\/wp-json\/wp\/v2\/tags?post=3435"}],"curies":[{"name":"wp","href":"https:\/\/api.w.org\/{rel}","templated":true}]}}