{"id":3507,"date":"2023-10-19T22:47:57","date_gmt":"2023-10-20T01:47:57","guid":{"rendered":"https:\/\/www.secpf.com.br\/site\/?p=3507"},"modified":"2026-04-10T08:38:21","modified_gmt":"2026-04-10T11:38:21","slug":"declaracao-da-csp-conlutas-sobre-as-recentes-acoes-da-heroica-resistencia-palestina","status":"publish","type":"post","link":"https:\/\/www.secpf.com.br\/site\/declaracao-da-csp-conlutas-sobre-as-recentes-acoes-da-heroica-resistencia-palestina\/","title":{"rendered":"Declara\u00e7\u00e3o da CSP-Conlutas sobre as recentes a\u00e7\u00f5es da heroica resist\u00eancia palestina"},"content":{"rendered":"\n<figure class=\"wp-block-image size-full\"><a href=\"https:\/\/www.secpf.com.br\/site\/wp-content\/uploads\/2023\/10\/191023-declaracao-resistencia-palestina.jpg\"><img fetchpriority=\"high\" decoding=\"async\" width=\"960\" height=\"435\" src=\"https:\/\/www.secpf.com.br\/site\/wp-content\/uploads\/2023\/10\/191023-declaracao-resistencia-palestina.jpg\" alt=\"\" class=\"wp-image-3509\" srcset=\"https:\/\/www.secpf.com.br\/site\/wp-content\/uploads\/2023\/10\/191023-declaracao-resistencia-palestina.jpg 960w, https:\/\/www.secpf.com.br\/site\/wp-content\/uploads\/2023\/10\/191023-declaracao-resistencia-palestina-300x136.jpg 300w, https:\/\/www.secpf.com.br\/site\/wp-content\/uploads\/2023\/10\/191023-declaracao-resistencia-palestina-768x348.jpg 768w\" sizes=\"(max-width: 960px) 100vw, 960px\" \/><\/a><\/figure>\n\n\n\n<p>O mundo parou para acompanhar os eventos protagonizados pela heroica resist\u00eancia do povo palestino na manh\u00e3 do s\u00e1bado, dia 7 de outubro.<\/p>\n\n\n\n<p>A a\u00e7\u00e3o \u201cTempestade de Al Aqsa\u201d, realizada pelas Brigadas de al-Qassam (bra\u00e7o armado do partido Hamas), retomou in\u00fameros territ\u00f3rios invadidos por Israel.<\/p>\n\n\n\n<p>A a\u00e7\u00e3o sem precedentes colocou em xeque o car\u00e1ter de \u201cindestrut\u00edvel\u201d at\u00e9 pouco tempo associada ao estado sionista, que de fato trata-se de uma super pot\u00eancia militar financiada pelo governo dos Estados Unidos.<\/p>\n\n\n\n<p>Em comunicado, lideran\u00e7as dos combatentes palestinos afirmaram que a ofensiva \u00e9 uma resposta \u00e0s viola\u00e7\u00f5es de Israel, que insistentemente desrespeita o Direito Internacional Humanit\u00e1rio.<\/p>\n\n\n\n<p>Em 1948, o Estado de Israel se formou ocupando 78% do territ\u00f3rio palestino e expulsando 800 mil palestinos e palestinas. Hoje Israel ocupa de forma criminosa e ilegal toda a Palestina&nbsp; e seis milh\u00f5es de palestinos vivem fora de suas terras&nbsp; na condi\u00e7\u00e3o de refugiados.<\/p>\n\n\n\n<p>Israel, com a anu\u00eancia do imperialismo mundial, tamb\u00e9m promove uma limpeza \u00e9tnica contra os palestinos e um regime de segrega\u00e7\u00e3o racial (apartheid) que condena milh\u00f5es ao tratamento desumano e antidemocr\u00e1tico.<\/p>\n\n\n\n<p>O maior exemplo desta situa\u00e7\u00e3o condenada internacionalmente \u00e9 a Faixa de Gaza, de onde partiram os ataques deste s\u00e1bado, onde ao menos 2,4 milh\u00f5es de palestinos vivem em uma verdadeira pris\u00e3o a c\u00e9u aberto, sem possuir direitos b\u00e1sicos.<\/p>\n\n\n\n<p>A viol\u00eancia perpetuada pelo regime israelense, e o avan\u00e7o do sionismo nos territ\u00f3rios palestinos, como a cria\u00e7\u00e3o de cada vez mais assentamentos judeus polarizando a regi\u00e3o, tem levado a juventude palestina a reivindicar o direito \u00e0 terra com mais for\u00e7a e coragem.<\/p>\n\n\n\n<p>Como estes nunca possu\u00edram um dia de paz em suas vidas, muitos veem na luta armada e na \u201cIntifada\u201d (Levante Popular) o caminho para ap\u00f3s d\u00e9cadas conquistar a liberdade.<\/p>\n\n\n\n<p>Apesar da palavra terrorismo ter sido repetida in\u00fameras vezes nas \u00faltimas horas, a a\u00e7\u00e3o de resist\u00eancia palestina \u00e9 leg\u00edtima e fundada no direito garantido aos povos invadidos de lutarem contra seus agressores.<\/p>\n\n\n\n<p>A mensagem deixada pelos palestinos \u00e9 de \u201cBasta \u00e9 basta\u201d.<\/p>\n\n\n\n<p>Por isso, a CSP-Conlutas manifesta toda solidariedade a apoio \u00e0 heroica resist\u00eancia palestina, representante leg\u00edtima do esfor\u00e7o dos oprimidos contra as a\u00e7\u00f5es de uma pot\u00eancia colonizadora.<\/p>\n\n\n\n<p>Al\u00e9m de convocar a todos para que demonstrem sua solidariedade, uma vez que Israel promete um novo banho de sangue contra a popula\u00e7\u00e3o civil de Gaza, tamb\u00e9m \u00e9 necess\u00e1rio cobrar o governo Lula, que se diz \u201camigo dos palestinos\u201d, mas se solidarizou com Israel contra o Hamas. A luta do povo palestino \u00e9 autodefesa, n\u00e3o terrorismo!<\/p>\n\n\n\n<p>Como presidente do Conselho de Seguran\u00e7a da ONU, o Brasil deve deixar sua posi\u00e7\u00e3o confort\u00e1vel de c\u00famplice ao regime de apartheid israelense e se posicionar a favor de uma Palestina livre, laica e democr\u00e1tica.<\/p>\n\n\n\n<p>A luta do povo palestino precisa de nossa solidariedade. A CSP-Conlutas convoca a todos os oprimidos e explorados a se manifestarem em unidade. As a\u00e7\u00f5es como as desenvolvidas pela campanha do BDS (Boicote, Desinvestimento e San\u00e7\u00f5es) a Israel ser\u00e3o fundamentais.<\/p>\n\n\n\n<p>Tamb\u00e9m \u00e9 necess\u00e1rio exigir aos governos de todo o mundo a condena\u00e7\u00e3o do regime de apartheid sionista e a ruptura imediata de todos os acordos com o Estado colonial e assassino de Israel, em especial aquele que promove o embargo militar.<\/p>\n\n\n\n<p><strong>&#8211; Palestina livre do rio ao mar!<\/strong><\/p>\n\n\n\n<p><strong>&#8211; Viva a resist\u00eancia heroica do povo palestino!<\/strong><\/p>\n\n\n\n<p>&#8212;<\/p>\n\n\n\n<p>Fonte: <a href=\"https:\/\/cspconlutas.org.br\/n\/17882\/declaracao-da-csp-conlutas-sobre-as-recentes-acoes-da-heroica-resistencia-palestina\" target=\"_blank\" rel=\"noreferrer noopener\">CSP Conlutas<\/a><\/p>\n","protected":false},"excerpt":{"rendered":"<p>O mundo parou para acompanhar os eventos protagonizados pela heroica resist\u00eancia do povo palestino na manh\u00e3 do s\u00e1bado, dia 7<\/p>\n","protected":false},"author":1,"featured_media":3509,"comment_status":"closed","ping_status":"closed","sticky":false,"template":"","format":"standard","meta":{"colormag_page_container_layout":"default_layout","colormag_page_sidebar_layout":"default_layout","footnotes":""},"categories":[5],"tags":[205,327],"class_list":["post-3507","post","type-post","status-publish","format-standard","has-post-thumbnail","hentry","category-noticias","tag-guerra","tag-palestina"],"_links":{"self":[{"href":"https:\/\/www.secpf.com.br\/site\/wp-json\/wp\/v2\/posts\/3507","targetHints":{"allow":["GET"]}}],"collection":[{"href":"https:\/\/www.secpf.com.br\/site\/wp-json\/wp\/v2\/posts"}],"about":[{"href":"https:\/\/www.secpf.com.br\/site\/wp-json\/wp\/v2\/types\/post"}],"author":[{"embeddable":true,"href":"https:\/\/www.secpf.com.br\/site\/wp-json\/wp\/v2\/users\/1"}],"replies":[{"embeddable":true,"href":"https:\/\/www.secpf.com.br\/site\/wp-json\/wp\/v2\/comments?post=3507"}],"version-history":[{"count":1,"href":"https:\/\/www.secpf.com.br\/site\/wp-json\/wp\/v2\/posts\/3507\/revisions"}],"predecessor-version":[{"id":3510,"href":"https:\/\/www.secpf.com.br\/site\/wp-json\/wp\/v2\/posts\/3507\/revisions\/3510"}],"wp:featuredmedia":[{"embeddable":true,"href":"https:\/\/www.secpf.com.br\/site\/wp-json\/wp\/v2\/media\/3509"}],"wp:attachment":[{"href":"https:\/\/www.secpf.com.br\/site\/wp-json\/wp\/v2\/media?parent=3507"}],"wp:term":[{"taxonomy":"category","embeddable":true,"href":"https:\/\/www.secpf.com.br\/site\/wp-json\/wp\/v2\/categories?post=3507"},{"taxonomy":"post_tag","embeddable":true,"href":"https:\/\/www.secpf.com.br\/site\/wp-json\/wp\/v2\/tags?post=3507"}],"curies":[{"name":"wp","href":"https:\/\/api.w.org\/{rel}","templated":true}]}}