{"id":3709,"date":"2025-07-21T19:26:40","date_gmt":"2025-07-21T22:26:40","guid":{"rendered":"https:\/\/www.secpf.com.br\/site\/?p=3709"},"modified":"2026-04-10T08:38:20","modified_gmt":"2026-04-10T11:38:20","slug":"aumento-do-iof-quem-esta-mesmo-do-lado-dos-pobres","status":"publish","type":"post","link":"https:\/\/www.secpf.com.br\/site\/aumento-do-iof-quem-esta-mesmo-do-lado-dos-pobres\/","title":{"rendered":"Aumento do IOF: Quem est\u00e1 mesmo do lado dos pobres?"},"content":{"rendered":"\n<p><img fetchpriority=\"high\" decoding=\"async\" class=\"alignnone size-large wp-image-3711\" src=\"https:\/\/www.secpf.com.br\/site\/wp-content\/uploads\/2025\/07\/2025-07-21-aumento-IOF-1024x503.jpg\" alt=\"\" width=\"800\" height=\"393\" srcset=\"https:\/\/www.secpf.com.br\/site\/wp-content\/uploads\/2025\/07\/2025-07-21-aumento-IOF-1024x503.jpg 1024w, https:\/\/www.secpf.com.br\/site\/wp-content\/uploads\/2025\/07\/2025-07-21-aumento-IOF-300x147.jpg 300w, https:\/\/www.secpf.com.br\/site\/wp-content\/uploads\/2025\/07\/2025-07-21-aumento-IOF-768x377.jpg 768w, https:\/\/www.secpf.com.br\/site\/wp-content\/uploads\/2025\/07\/2025-07-21-aumento-IOF.jpg 1080w\" sizes=\"(max-width: 800px) 100vw, 800px\" \/><\/p>\n\n\n\n<p>Taxar o IOF (Imposto sobre Opera\u00e7\u00f5es Financeiras), como prop\u00f5e o governo Lula, \u00e9, sim, criar um imposto que recai sobre uma parte dos ricos. Isso \u00e9 verdade. Afinal, n\u00f3s, trabalhadores e pobres, n\u00e3o temos dinheiro para mandar ao exterior. No entanto, n\u00e3o \u00e9 correto dizer que essa medida representa um enfrentamento real aos bilion\u00e1rios. Tampouco \u00e9 verdade que ela coloca o governo \u201cao lado dos pobres, contra os ricos\u201d, como tenta fazer crer a nova campanha publicit\u00e1ria do governo federal e que, mais uma vez, \u00e9 reverberada pelas c\u00fapulas dirigentes das maiores centrais sindicais.<\/p>\n<p>Estima-se que a proposta que o governo tenta aprovar deve gerar cerca de R$ 10 bilh\u00f5es a mais em arrecada\u00e7\u00e3o, al\u00e9m do que o IOF rende atualmente. Por\u00e9m, essa medida n\u00e3o tem como objetivo enfrentar os bilion\u00e1rios ou garantir investimentos para atender as necessidades dos mais pobres. Lula e Haddad buscam essa receita extra para garantir o cumprimento do Arcabou\u00e7o Fiscal, manter os compromissos com os banqueiros e sustentar o pagamento de uma D\u00edvida P\u00fablica que consome quase metade do or\u00e7amento da Uni\u00e3o. Somente em 2024, cerca de R$ 2 trilh\u00f5es &#8211; o equivalente a 44% do or\u00e7amento federal &#8211; foram destinados ao pagamento de juros, servi\u00e7os e amortiza\u00e7\u00f5es da d\u00edvida, valor semelhante ao que Bolsonaro destinava no governo anterior. Isso comprova que, apesar dos discursos, o Estado continua operando para beneficiar os mesmos de sempre: os ricos e bilion\u00e1rios.<\/p>\n<p>Enquanto isso, o povo segue enfrentando os mesmos problemas: infla\u00e7\u00e3o dos alimentos, carestia, empregos prec\u00e1rios e servi\u00e7os p\u00fablicos cada vez mais sucateados. O aumento do emprego nos \u00faltimos anos veio acompanhado de jornadas de trabalho extenuantes, como a jornada 6&#215;1, com baixos sal\u00e1rios, alta rotatividade e aumento da informalidade. A sa\u00fade e a educa\u00e7\u00e3o sofrem com cortes de verbas, ao mesmo tempo em que o governo amplia as PPPs (Parcerias P\u00fablico-Privadas), que entregam os servi\u00e7os p\u00fablicos \u00e0 explora\u00e7\u00e3o do setor privado. Tudo isso enquanto a prometida isen\u00e7\u00e3o do Imposto de Renda para quem ganha at\u00e9 R$ 5 mil, feita por Lula ainda na campanha, continua sem sair do papel, sem falar na defasagem acumulada nas demais faixas da tabela do IR. S\u00e3o tr\u00eas anos de governo e nada foi feito.<\/p>\n<p>N\u00e3o h\u00e1 \u201cjusti\u00e7a tribut\u00e1ria\u201d num sistema que j\u00e1 nasce para proteger os interesses dos bilion\u00e1rios contra os trabalhadores. A proposta do IOF, ainda que limitada, foi derrubada por um Congresso composto majoritariamente por setores da direita e da ultradireita bolsonarista. Parlamentares que, junto com a grande imprensa, se op\u00f5em at\u00e9 mesmo a medidas m\u00ednimas que toquem superficialmente nos interesses dos super-ricos. N\u00e3o porque Lula tenha se transformado num \u201cRobin Hood tupiniquim\u201d ou demonstre qualquer vontade real de enfrentar os privil\u00e9gios das elites econ\u00f4micas, mas porque at\u00e9 mesmo uma medida modesta, que representa uma fatia \u00ednfima do lucro dos grandes empres\u00e1rios e banqueiros, \u00e9 tratada como uma afronta intoler\u00e1vel pelos donos do poder.<\/p>\n<p>A realidade \u00e9 escandalosa: assalariados que ganham at\u00e9 R$ 6 mil por m\u00eas pagam at\u00e9 27,5% de Imposto de Renda retido na fonte. J\u00e1 empres\u00e1rios que recebem R$ 1 milh\u00e3o por m\u00eas pagam, em m\u00e9dia, 13,3% de impostos sobre sua renda. Os bilion\u00e1rios representam apenas 0,2% da popula\u00e7\u00e3o, enquanto os assalariados nessa faixa comp\u00f5em mais de 80%. No caso do IOF, trata-se de taxar justamente as movimenta\u00e7\u00f5es financeiras milion\u00e1rias que esses magnatas fazem, muitas vezes para transferir recursos para o exterior. Ainda assim, essa elite se levanta contra uma taxa\u00e7\u00e3o simb\u00f3lica que mal arranha seus polpudos lucros, frutos da explora\u00e7\u00e3o da classe trabalhadora.<\/p>\n<p>A imprensa burguesa, sempre servil ao Capital, se apressa em denunciar a \u201cfome de impostos\u201d do governo, exigindo, em contrapartida, mais cortes de gastos, mais arrocho fiscal e uma reforma administrativa que retire do Estado qualquer papel nas pol\u00edticas p\u00fablicas. Essa \u00e9 a cartilha do Banco Mundial e do FMI. Para a burguesia, impostos s\u00e3o para os pobres; reforma significa tirar direitos; e o Estado deve ser reduzido a um gestor de interesses privados. E, no Congresso, onde reina a promiscuidade entre pol\u00edtica e grandes empres\u00e1rios, parlamentares &#8211; sejam bolsonaristas, do Centr\u00e3o e fisiologistas de plant\u00e3o \u2013 se rendem ao lobby, negociam emendas e cargos, e garantem suas reelei\u00e7\u00f5es com o dinheiro sujo das grandes corpora\u00e7\u00f5es. Por isso, derrubaram o decreto presidencial que aumentaria o IOF dos bilion\u00e1rios.<\/p>\n<p>Lembremos tamb\u00e9m que foi esse mesmo Congresso, com apoio de parte da esquerda e das centrais sindicais, que aprovou a &#8220;reforma tribut\u00e1ria&#8221; recentemente. Uma reforma que, na pr\u00e1tica, manteve a carga de impostos majoritariamente sobre o consumo, ou seja, sobre os mais pobres, enquanto preserva as grandes fortunas e o lucro das grandes empresas. Essa unidade em torno da pol\u00edtica econ\u00f4mica mostra que, quando se trata de proteger os interesses do Capital, todos os setores do regime se unem &#8211; do bolsonarismo \u00e0 Lula &#8211; contra os trabalhadores.<\/p>\n<p>O fato \u00e9 que Lula n\u00e3o fez nada extraordin\u00e1rio. Ao contr\u00e1rio, deveria estar propondo a taxa\u00e7\u00e3o real dos lucros e dividendos, a expropria\u00e7\u00e3o de grandes fortunas, a revers\u00e3o das privatiza\u00e7\u00f5es entreguistas, a estatiza\u00e7\u00e3o dos bancos e empresas que exploram trabalho an\u00e1logo \u00e0 escravid\u00e3o, e a anula\u00e7\u00e3o das reformas da Previd\u00eancia e trabalhista. Mas n\u00e3o o far\u00e1. Porque governa com e para os ricos. E \u00e9 exatamente por isso que n\u00e3o consegue aprovar nem mesmo uma medida limitada como o decreto do IOF. Porque, no fundo, seu governo n\u00e3o est\u00e1 disposto a romper com os interesses que controlam o Estado capitalista brasileiro.<\/p>\n<p>Diante disso, \u00e9 preciso defender medidas que, de fato, enfrentem o Capital: suspens\u00e3o imediata do pagamento da D\u00edvida P\u00fablica e realiza\u00e7\u00e3o de sua auditoria; congelamento dos pre\u00e7os dos alimentos, combust\u00edveis, g\u00e1s de cozinha, alugu\u00e9is e tarifas p\u00fablicas; estatiza\u00e7\u00e3o do sistema financeiro; proibi\u00e7\u00e3o da remessa de lucros ao exterior; taxa\u00e7\u00e3o, de forma robusta, das grandes fortunas. Somente com esse tipo de programa \u00e9 poss\u00edvel come\u00e7ar a falar em justi\u00e7a tribut\u00e1ria e em um governo que, de fato, se coloque ao lado do povo pobre e trabalhador.<\/p>\n<p>_<\/p>\n<p><strong>* Por Atn\u00e1goras Lopes e Paulo Barela<br \/>Atn\u00e1goras Lopes e Paulo Barela s\u00e3o integrantes da Secretaria Executiva Nacional da CSP-Conlutas<br \/>Fonte: <a href=\"https:\/\/cspconlutas.org.br\/n\/19523\/aumento-do-iof-quem-esta-mesmo-do-lado-dos-pobres\" target=\"_blank\" rel=\"noopener\">CSP Conlutas<\/a><\/strong><\/p>\n\n\n\n\n","protected":false},"excerpt":{"rendered":"<p>Taxar o IOF (Imposto sobre Opera\u00e7\u00f5es Financeiras), como prop\u00f5e o governo Lula, \u00e9, sim, criar um imposto que recai sobre<\/p>\n","protected":false},"author":1,"featured_media":3711,"comment_status":"closed","ping_status":"closed","sticky":false,"template":"","format":"standard","meta":{"colormag_page_container_layout":"default_layout","colormag_page_sidebar_layout":"default_layout","footnotes":""},"categories":[5],"tags":[],"class_list":["post-3709","post","type-post","status-publish","format-standard","has-post-thumbnail","hentry","category-noticias"],"_links":{"self":[{"href":"https:\/\/www.secpf.com.br\/site\/wp-json\/wp\/v2\/posts\/3709","targetHints":{"allow":["GET"]}}],"collection":[{"href":"https:\/\/www.secpf.com.br\/site\/wp-json\/wp\/v2\/posts"}],"about":[{"href":"https:\/\/www.secpf.com.br\/site\/wp-json\/wp\/v2\/types\/post"}],"author":[{"embeddable":true,"href":"https:\/\/www.secpf.com.br\/site\/wp-json\/wp\/v2\/users\/1"}],"replies":[{"embeddable":true,"href":"https:\/\/www.secpf.com.br\/site\/wp-json\/wp\/v2\/comments?post=3709"}],"version-history":[{"count":1,"href":"https:\/\/www.secpf.com.br\/site\/wp-json\/wp\/v2\/posts\/3709\/revisions"}],"predecessor-version":[{"id":3712,"href":"https:\/\/www.secpf.com.br\/site\/wp-json\/wp\/v2\/posts\/3709\/revisions\/3712"}],"wp:featuredmedia":[{"embeddable":true,"href":"https:\/\/www.secpf.com.br\/site\/wp-json\/wp\/v2\/media\/3711"}],"wp:attachment":[{"href":"https:\/\/www.secpf.com.br\/site\/wp-json\/wp\/v2\/media?parent=3709"}],"wp:term":[{"taxonomy":"category","embeddable":true,"href":"https:\/\/www.secpf.com.br\/site\/wp-json\/wp\/v2\/categories?post=3709"},{"taxonomy":"post_tag","embeddable":true,"href":"https:\/\/www.secpf.com.br\/site\/wp-json\/wp\/v2\/tags?post=3709"}],"curies":[{"name":"wp","href":"https:\/\/api.w.org\/{rel}","templated":true}]}}