{"id":437,"date":"2015-02-20T01:49:30","date_gmt":"2015-02-20T03:49:30","guid":{"rendered":"http:\/\/www.secpf.com.br\/site\/?p=437"},"modified":"2026-04-10T08:39:04","modified_gmt":"2026-04-10T11:39:04","slug":"riqueza-do-pais-esta-concentrada-em-09-da-populacao-indica-fee","status":"publish","type":"post","link":"https:\/\/www.secpf.com.br\/site\/riqueza-do-pais-esta-concentrada-em-09-da-populacao-indica-fee\/","title":{"rendered":"Riqueza do Pa\u00eds est\u00e1 concentrada em 0,9% da popula\u00e7\u00e3o, indica FEE"},"content":{"rendered":"<h3>Mais de 91% dos brasileiros det\u00eam apenas 12,5% do patrim\u00f4nio nacional<\/h3>\n<p><img fetchpriority=\"high\" decoding=\"async\" id=\"__wp-temp-img-id\" class=\" alignleft\" src=\"http:\/\/www.secpf.com.br\/site\/wp-content\/uploads\/2015\/02\/200215-riqueza-nacional.jpg\" alt=\"\" width=\"360\" height=\"240\" hspace=\"10px\" vspace=\"5px\" \/>Mais de 91% da popula\u00e7\u00e3o brasileira det\u00e9m apenas 12,5% do patrim\u00f4nio do pa\u00eds, enquanto 0,9% das pessoas classificadas como ricas ficam com 59,9% das riquezas. \u201cO Brasil \u00e9 extremamente desigual\u201d, disse economista da Funda\u00e7\u00e3o de Economia Estat\u00edstica (FEE), R\u00f3ber Iturriet Avila. Com base nos dados sobre declara\u00e7\u00f5es de imposto de renda, obtidos com a Receita Federal, ele fez um estudo a respeito da apropria\u00e7\u00e3o de renda e riqueza. As informa\u00e7\u00f5es foram divulgadas na Carta de Conjuntura deste m\u00eas, divulgada nesta ter\u00e7a-feira em Porto Alegre. \u201cEsses n\u00fameros n\u00e3o eram conhecidos, mas vieram \u00e0 tona com a base de 2006 a 2012\u201d, observou.<\/p>\n<p>Ele explicou que a distribui\u00e7\u00e3o de renda aproximou os pobres dos ricos. Por\u00e9m, como o patrim\u00f4nio \u00e9 algo mais demorado para se consolidar e tamb\u00e9m depende de heran\u00e7as, a diferen\u00e7a continua grande. \u201cOs ricos n\u00e3o perderam, mantiveram as riquezas. Os pobres que subiram um pouco\u201d, disse. Considerando a renda, a faixa dos 10% mais elevados passou de 47,44% em 2001 para 41,55% em 2013. J\u00e1 aqueles que est\u00e3o nas faixas 50% mais baixas passaram de 12,6% para 16,41%.<\/p>\n<p>O patrim\u00f4nio m\u00e9dio daqueles que est\u00e3o entre os 0,21% mais ricos \u00e9 de R$ 5,8 milh\u00f5es, mesmo que o corte seja feito a partir de R$ 1,5 milh\u00e3o. Isso indica que a concentra\u00e7\u00e3o do patrim\u00f4nio est\u00e1 entre os indiv\u00edduos do topo mais restrito. As faixas mais altas (a partir de R$ 500 mil de patrim\u00f4nio) possuem renda do capital, enquanto outras se concentram no trabalho.<\/p>\n<p>Avila analisa que o imposto sobre patrim\u00f4nio no Brasil \u00e9 baixo, se comparado com pa\u00edses da Europa e Estados Unidos. \u201cO sistema \u00e9 perverso e favorece os ricos\u201d, declarou.<\/p>\n<p><a href=\"www.correiodopovo.com.br\/Noticias\/544160\/Brasil-e-extremamente-desigual,-aponta-FEE\" target=\"_blank\"><span style=\"font-family: georgia, palatino; font-size: 10pt;\">Fonte:\u00a0correiodopovo.com.br<\/span><\/a><\/p>\n","protected":false},"excerpt":{"rendered":"<p>Mais de 91% dos brasileiros det\u00eam apenas 12,5% do patrim\u00f4nio nacional Mais de 91% da popula\u00e7\u00e3o brasileira det\u00e9m apenas 12,5%<\/p>\n","protected":false},"author":1,"featured_media":438,"comment_status":"closed","ping_status":"open","sticky":false,"template":"","format":"standard","meta":{"colormag_page_container_layout":"default_layout","colormag_page_sidebar_layout":"default_layout","footnotes":""},"categories":[5],"tags":[53,51,52],"class_list":["post-437","post","type-post","status-publish","format-standard","has-post-thumbnail","hentry","category-noticias","tag-desigualdade","tag-fee","tag-riqueza"],"_links":{"self":[{"href":"https:\/\/www.secpf.com.br\/site\/wp-json\/wp\/v2\/posts\/437","targetHints":{"allow":["GET"]}}],"collection":[{"href":"https:\/\/www.secpf.com.br\/site\/wp-json\/wp\/v2\/posts"}],"about":[{"href":"https:\/\/www.secpf.com.br\/site\/wp-json\/wp\/v2\/types\/post"}],"author":[{"embeddable":true,"href":"https:\/\/www.secpf.com.br\/site\/wp-json\/wp\/v2\/users\/1"}],"replies":[{"embeddable":true,"href":"https:\/\/www.secpf.com.br\/site\/wp-json\/wp\/v2\/comments?post=437"}],"version-history":[{"count":4,"href":"https:\/\/www.secpf.com.br\/site\/wp-json\/wp\/v2\/posts\/437\/revisions"}],"predecessor-version":[{"id":442,"href":"https:\/\/www.secpf.com.br\/site\/wp-json\/wp\/v2\/posts\/437\/revisions\/442"}],"wp:featuredmedia":[{"embeddable":true,"href":"https:\/\/www.secpf.com.br\/site\/wp-json\/wp\/v2\/media\/438"}],"wp:attachment":[{"href":"https:\/\/www.secpf.com.br\/site\/wp-json\/wp\/v2\/media?parent=437"}],"wp:term":[{"taxonomy":"category","embeddable":true,"href":"https:\/\/www.secpf.com.br\/site\/wp-json\/wp\/v2\/categories?post=437"},{"taxonomy":"post_tag","embeddable":true,"href":"https:\/\/www.secpf.com.br\/site\/wp-json\/wp\/v2\/tags?post=437"}],"curies":[{"name":"wp","href":"https:\/\/api.w.org\/{rel}","templated":true}]}}