{"id":456,"date":"2015-02-24T15:31:51","date_gmt":"2015-02-24T18:31:51","guid":{"rendered":"http:\/\/www.secpf.com.br\/site\/?p=456"},"modified":"2026-04-10T08:39:30","modified_gmt":"2026-04-10T11:39:30","slug":"juiz-federal-e-flagrado-dirigindo-porsche-que-mandou-apreender-de-eike-batista","status":"publish","type":"post","link":"https:\/\/www.secpf.com.br\/site\/juiz-federal-e-flagrado-dirigindo-porsche-que-mandou-apreender-de-eike-batista\/","title":{"rendered":"Juiz federal \u00e9 flagrado dirigindo Porsche que mandou apreender de Eike Batista"},"content":{"rendered":"<p>O juiz federal Fl\u00e1vio Roberto de Souza foi flagrado pelo EXTRA, na manh\u00e3 desta ter\u00e7a-feira, ao volante do Porsche Cayenne branco do empres\u00e1rio Eike Batista. O magistrado chegou com o ve\u00edculo \u00e0 sede da 3\u00aa Vara Criminal Federal, no Centro do Rio, \u00e0s 10h22m, e entrou por um port\u00e3o lateral da sede da Justi\u00e7a Federal, na Avenida Bar\u00e3o de Tef\u00e9.<\/p>\n<p>O Porsche foi um dos apreendidos pela Pol\u00edcia Federal por ordem do pr\u00f3prio magistrado: ele determinou a apreens\u00e3o de todos os bens do ex-bilion\u00e1rio no Brasil.<\/p>\n<p>O EXTRA fez plant\u00e3o na porta da 3\u00aa Vara Federal Criminal, na Avenida Venezuela, ap\u00f3s ser avisado de que o juiz estaria usando o ve\u00edculo.<\/p>\n<p>Procurado por telefone ap\u00f3s o flagrante, o juiz n\u00e3o explicou o motivo de estar dirigindo o carro apreendido.<\/p>\n<p>\u2013 A liga\u00e7\u00e3o est\u00e1 ruim. N\u00e3o estou te ouvindo \u2013 disse.<\/p>\n<p>Logo ap\u00f3s, completou:<\/p>\n<p>\u2013 Agora estou ouvindo, mas n\u00e3o posso falar pois estou numa reuni\u00e3o.<\/p>\n<p>&nbsp;<\/p>\n<p><span style=\"font-size: 10pt;\">Fonte: <a href=\"http:\/\/extra.globo.com\/casos-de-policia\/juiz-federal-flagrado-ao-volante-de-porsche-cayenne-de-eike-batista-15422712.html\" target=\"_blank\">Extra<\/a><\/span><\/p>\n","protected":false},"excerpt":{"rendered":"<p>O juiz federal Fl\u00e1vio Roberto de Souza foi flagrado pelo EXTRA, na manh\u00e3 desta ter\u00e7a-feira, ao volante do Porsche Cayenne<\/p>\n","protected":false},"author":1,"featured_media":457,"comment_status":"closed","ping_status":"open","sticky":false,"template":"","format":"standard","meta":{"colormag_page_container_layout":"default_layout","colormag_page_sidebar_layout":"default_layout","footnotes":""},"categories":[5],"tags":[],"class_list":["post-456","post","type-post","status-publish","format-standard","has-post-thumbnail","hentry","category-noticias"],"_links":{"self":[{"href":"https:\/\/www.secpf.com.br\/site\/wp-json\/wp\/v2\/posts\/456","targetHints":{"allow":["GET"]}}],"collection":[{"href":"https:\/\/www.secpf.com.br\/site\/wp-json\/wp\/v2\/posts"}],"about":[{"href":"https:\/\/www.secpf.com.br\/site\/wp-json\/wp\/v2\/types\/post"}],"author":[{"embeddable":true,"href":"https:\/\/www.secpf.com.br\/site\/wp-json\/wp\/v2\/users\/1"}],"replies":[{"embeddable":true,"href":"https:\/\/www.secpf.com.br\/site\/wp-json\/wp\/v2\/comments?post=456"}],"version-history":[{"count":1,"href":"https:\/\/www.secpf.com.br\/site\/wp-json\/wp\/v2\/posts\/456\/revisions"}],"predecessor-version":[{"id":458,"href":"https:\/\/www.secpf.com.br\/site\/wp-json\/wp\/v2\/posts\/456\/revisions\/458"}],"wp:featuredmedia":[{"embeddable":true,"href":"https:\/\/www.secpf.com.br\/site\/wp-json\/wp\/v2\/media\/457"}],"wp:attachment":[{"href":"https:\/\/www.secpf.com.br\/site\/wp-json\/wp\/v2\/media?parent=456"}],"wp:term":[{"taxonomy":"category","embeddable":true,"href":"https:\/\/www.secpf.com.br\/site\/wp-json\/wp\/v2\/categories?post=456"},{"taxonomy":"post_tag","embeddable":true,"href":"https:\/\/www.secpf.com.br\/site\/wp-json\/wp\/v2\/tags?post=456"}],"curies":[{"name":"wp","href":"https:\/\/api.w.org\/{rel}","templated":true}]}}